{"id":103209,"date":"2025-12-03T13:48:12","date_gmt":"2025-12-03T13:48:12","guid":{"rendered":"https:\/\/www.europesays.com\/no\/103209\/"},"modified":"2025-12-03T13:48:12","modified_gmt":"2025-12-03T13:48:12","slug":"stans-i-budsjettforhandlinger-i-oslo-frp-utelukker-ikke-brudd","status":"publish","type":"post","link":"https:\/\/www.europesays.com\/no\/103209\/","title":{"rendered":"Stans i budsjettforhandlinger i Oslo: Frp utelukker ikke brudd."},"content":{"rendered":"<p class=\"extendedContent hyperion-css-eyn926\" data-test-tag=\"lead-text\">Dagen f\u00f8r siste budsjettm\u00f8te i Oslo st\u00e5r de borgerlige partiene langt fra hverandre. Frp mener de ikke har f\u00e5tt nok gjennomslag. <\/p>\n<p><img decoding=\"async\" class=\"image-asset hyperion-css-u06ts1\" data-test-tag=\"image-asset\" src=\"https:\/\/www.europesays.com\/no\/wp-content\/uploads\/2025\/12\/078e3f51-254d-4f9a-9dfc-1895873d965b\"  alt=\"Gruppeleder i Oslo Frp Magnus Birkelund er ikke forn\u00f8yd med byr\u00e5dspartiene i forhandlingene om neste \u00e5rs Oslo-budsjett.\"  loading=\"eager\" fetchpriority=\"high\" style=\"aspect-ratio:2048 \/ 1366\"\/>Gruppeleder i Oslo Frp Magnus Birkelund er ikke forn\u00f8yd med byr\u00e5dspartiene i forhandlingene om neste \u00e5rs Oslo-budsjett. Foto: Stig B. Hansen \/ Aftenposten<\/p>\n<p>Publisert: 03.12.2025 13:20<\/p>\n<p>Kortversjonen<\/p>\n<ul class=\"hyperion-css-1wfq1v6\" data-test-tag=\"list\">\n<li class=\"hyperion-css-13wylk3\">Budsjettforhandlingene i Oslo mellom H\u00f8yre, Venstre, Frp og KrF er i st\u00e5. Frp er misforn\u00f8yd med f\u00e5 gjennomslag for kravene sine. <\/li>\n<li class=\"hyperion-css-13wylk3\">Frp vurderer \u00e5 bryte forhandlingene igjen. Dette skjedde b\u00e5de i fjor og f\u00f8r sommeren i \u00e5r. <\/li>\n<li class=\"hyperion-css-13wylk3\">KrF er derimot forn\u00f8yd med forhandlingene. De opplever at byr\u00e5dspartiene er lydh\u00f8re. H\u00f8yre h\u00e5per p\u00e5 en enighet innen fristen. <\/li>\n<\/ul>\n<p data-nosnippet=\"true\" class=\"hyperion-css-1qe9pn0\">Sammendraget er laget ved hjelp av kunstig intelligens (KI) og kvalitetssikret av Aftenpostens journalister.<\/p>\n<p>Vis mer<\/p>\n<p class=\"paywall hyperion-css-1j42uic\">Natt til onsdag ble det enighet i de nasjonale budsjettforhandlingene p\u00e5 Stortinget, men n\u00e5 har budsjettforhandlingene i Oslo g\u00e5tt i st\u00e5.<\/p>\n<p class=\"paywall hyperion-css-1j42uic\">I hovedstaden forhandler det borgerlige byr\u00e5det best\u00e5ende av H\u00f8yre og Venstre med Fremskrittspartiet og Kristelig Folkeparti. <\/p>\n<p class=\"paywall hyperion-css-1j42uic\">Men Frp er langt fra forn\u00f8yd.<\/p>\n<p class=\"paywall hyperion-css-1j42uic\">\u2013 Det har v\u00e6rt for liten bevegelse fra byr\u00e5dspartiene. Endringene vi har f\u00e5tt p\u00e5 blant annet samferdsel og eldreomsorg, er ikke gode nok. N\u00e5r byr\u00e5det i tillegg ikke engang er villig til \u00e5 diskutere n\u00f8dvendige innstramninger i innvandringspolitikk eller kutt i sykkelsatsingen, s\u00e5 er det vanskelig \u00e5 komme til enighet, sier finanspolitisk talsperson i Oslo Frp Magnus Birkelund til Aftenposten.<\/p>\n<p>Utelukker ikke nytt brudd<\/p>\n<p class=\"paywall hyperion-css-1j42uic\">Han sier det ble stans i forhandlingene tirsdag ettermiddag, og at det ikke er avtalt nye m\u00f8ter f\u00f8r siste m\u00f8te i finansutvalget torsdag. <\/p>\n<p class=\"paywall hyperion-css-1j42uic\">Birkelund utelukker ikke at Frp vil bryte med forhandlingene. <\/p>\n<p class=\"paywall hyperion-css-1j42uic\">\u2013 Det er stans i forhandlingene, og da er brudd et alternativ hvis ikke byr\u00e5dspartiene er villige til \u00e5 gi oss gjennomslag for v\u00e5re krav, sier han.<\/p>\n<p class=\"paywall hyperion-css-1j42uic\">Frp br\u00f8t budsjettforhandlingene med byr\u00e5det b\u00e5de i fjor h\u00f8st og til revidert budsjett f\u00f8r sommeren. I juni i \u00e5r sa partiet ogs\u00e5 opp samarbeidsavtalen med byr\u00e5det fordi de mente byr\u00e5det kuttet for sakte i eiendomsskatten og ikke gjorde nok for \u00e5 tette etterslepet p\u00e5 veivedlikehold i byen. <\/p>\n<p class=\"paywall hyperion-css-1j42uic\">\u2013 Vi \u00f8nsker \u00e5 f\u00e5 p\u00e5 plass en budsjettavtale, og vi har nylig vist i forhandlingene om <a data-test-tag=\"internal-link\" href=\"https:\/\/www.aftenposten.no\/oslo\/i\/pBgwk6\/flertall-for-kontroversiell-skoleplan-slutt-for-oslos-eldste-skole-se-alle-endringene\" class=\"hyperion-css-1raymq9\" rel=\"nofollow noopener\" target=\"\" aria-label=\"skolebehovsplanen\">skolebehovsplanen<\/a> at vi er villige til \u00e5 inng\u00e5 kompromisser n\u00e5r vi f\u00e5r tydelige gjennomslag. Men det har vi dessverre ikke f\u00e5tt nok av fra byr\u00e5dspartiene i budsjettprosessen, sier Birkelund.<\/p>\n<p>Vil stanse sykkelsatsing<\/p>\n<p class=\"paywall hyperion-css-1j42uic\">Frp gikk inn i forhandlingene med <a data-test-tag=\"internal-link\" href=\"https:\/\/www.aftenposten.no\/oslo\/i\/KMEqjX\/oslo-budsjettet-for-2026-dette-er-frps-krav\" class=\"hyperion-css-1raymq9\" rel=\"nofollow noopener\" target=\"\" aria-label=\"fem hovedkrav, \">fem hovedkrav, <\/a>inkludert \u00e5 skrote sykkelsatsingen i Oslo, legge ned klimaetaten og stanse bosettingen av flyktninger i Oslo<\/p>\n<p class=\"paywall hyperion-css-1j42uic\">\u2013 Hva er de vanskeligste temaene i forhandlingene?<\/p>\n<p class=\"paywall hyperion-css-1j42uic\">\u2013 For Frp s\u00e5 er det viktig \u00e5 f\u00e5 gode gjennomslag b\u00e5de n\u00e5r det gjelder eldreomsorg og samferdsel, og s\u00e5 \u00f8nsker vi \u00e5 kutte i bosetting av flyktninger. Vi har hatt flere diskusjoner med byr\u00e5dspartiene, men vi forventer st\u00f8rre gjennomslag p\u00e5 disse omr\u00e5dene, sier Birkelund.<\/p>\n<p class=\"paywall hyperion-css-1j42uic\">KrF er derimot forn\u00f8yd med forhandlingene. <\/p>\n<p class=\"paywall hyperion-css-1j42uic\">\u2013 Vi har hatt konstruktive samtaler med byr\u00e5dspartiene med det som er v\u00e5re hovedkrav. I \u00e5r er det trangere rammer enn tidligere, men innenfor de rammene opplever jeg at byr\u00e5dspartiene har vist vilje til \u00e5 komme oss i m\u00f8te, sier gruppeleder i Oslo KrF, \u00d8yvind H\u00e5brekke. <\/p>\n<p class=\"paywall hyperion-css-1j42uic\">Han sier KrFs hovedkrav er mer penger til trykte l\u00e6reb\u00f8ker i skolen for \u00e5 forbedre leseferdighetene til elevene, mer penger til bydelene og \u00f8kte tilskudd til idrett, ideelle organisasjoner og kultur.<\/p>\n<p>H\u00e5per \u00e5 rekke siste frist<\/p>\n<p class=\"paywall hyperion-css-1j42uic\">H\u00f8yres gruppeleder i bystyret, Merete Agerbak-Jensen, sier hun mener de fire borgerlige partiene har hatt gode samtaler, og at byr\u00e5dspartiene har kommet b\u00e5de Frp og KrF godt i m\u00f8te.<\/p>\n<p class=\"paywall hyperion-css-1j42uic\">Selv om partene egentlig har frist til finansutvalgets m\u00f8te torsdag, er siste frist neste torsdag n\u00e5r budsjettet skal behandles i bystyret. <\/p>\n<p class=\"paywall hyperion-css-1j42uic\">\u2013 Vi h\u00e5per p\u00e5 at vi klarer \u00e5 lande en enighet, sier Agerbak-Jensen.<\/p>\n<p class=\"paywall hyperion-css-1j42uic\"><a data-test-tag=\"internal-link\" href=\"https:\/\/www.aftenposten.no\/oslo\/i\/1Mmv0q\/budsjettet-for-oslo-i-2026-slik-paavirker-det-deg\" class=\"hyperion-css-1raymq9\" rel=\"nofollow noopener\" target=\"\" aria-label=\"Byr\u00e5det la frem sitt budsjettforslag \">Byr\u00e5det la frem sitt budsjettforslag <\/a>for neste \u00e5r i slutten av september. Der var hovedgrepene en halv milliard i kutt til bydelene, kutt i eiendomsskatten og redusert m\u00e5nedskortpris.<\/p>\n","protected":false},"excerpt":{"rendered":"Dagen f\u00f8r siste budsjettm\u00f8te i Oslo st\u00e5r de borgerlige partiene langt fra hverandre. Frp mener de ikke har&hellip;\n","protected":false},"author":2,"featured_media":103210,"comment_status":"","ping_status":"","sticky":false,"template":"","format":"standard","meta":{"footnotes":""},"categories":[10],"tags":[20,21,24,25,15,22,23,13,30,28,29,14,16,26,27],"class_list":{"0":"post-103209","1":"post","2":"type-post","3":"status-publish","4":"format-standard","5":"has-post-thumbnail","7":"category-norge","8":"tag-breaking-news","9":"tag-breakingnews","10":"tag-featured-news","11":"tag-featurednews","12":"tag-headlines","13":"tag-latest-news","14":"tag-latestnews","15":"tag-news","16":"tag-no","17":"tag-norge","18":"tag-norway","19":"tag-nyheter","20":"tag-overskrifter","21":"tag-top-stories","22":"tag-topstories"},"share_on_mastodon":{"url":"https:\/\/pubeurope.com\/@no\/115655954256739513","error":""},"_links":{"self":[{"href":"https:\/\/www.europesays.com\/no\/wp-json\/wp\/v2\/posts\/103209","targetHints":{"allow":["GET"]}}],"collection":[{"href":"https:\/\/www.europesays.com\/no\/wp-json\/wp\/v2\/posts"}],"about":[{"href":"https:\/\/www.europesays.com\/no\/wp-json\/wp\/v2\/types\/post"}],"author":[{"embeddable":true,"href":"https:\/\/www.europesays.com\/no\/wp-json\/wp\/v2\/users\/2"}],"replies":[{"embeddable":true,"href":"https:\/\/www.europesays.com\/no\/wp-json\/wp\/v2\/comments?post=103209"}],"version-history":[{"count":0,"href":"https:\/\/www.europesays.com\/no\/wp-json\/wp\/v2\/posts\/103209\/revisions"}],"wp:featuredmedia":[{"embeddable":true,"href":"https:\/\/www.europesays.com\/no\/wp-json\/wp\/v2\/media\/103210"}],"wp:attachment":[{"href":"https:\/\/www.europesays.com\/no\/wp-json\/wp\/v2\/media?parent=103209"}],"wp:term":[{"taxonomy":"category","embeddable":true,"href":"https:\/\/www.europesays.com\/no\/wp-json\/wp\/v2\/categories?post=103209"},{"taxonomy":"post_tag","embeddable":true,"href":"https:\/\/www.europesays.com\/no\/wp-json\/wp\/v2\/tags?post=103209"}],"curies":[{"name":"wp","href":"https:\/\/api.w.org\/{rel}","templated":true}]}}