{"id":103217,"date":"2025-12-03T13:54:12","date_gmt":"2025-12-03T13:54:12","guid":{"rendered":"https:\/\/www.europesays.com\/no\/103217\/"},"modified":"2025-12-03T13:54:12","modified_gmt":"2025-12-03T13:54:12","slug":"stortinget-far-ikke-innsyn-i-telenor-papirer","status":"publish","type":"post","link":"https:\/\/www.europesays.com\/no\/103217\/","title":{"rendered":"Stortinget f\u00e5r ikke innsyn i Telenor-papirer"},"content":{"rendered":"\n<p class=\"_lead_o9xde_2 _lead_xtcu6_50 layout-component text-serif-m layout-normal text-serif-l layout-component layout-wide layout-padded _wide_17hqh_1 layout-padded\">For andre gang p\u00e5 en dr\u00f8y uke sier regjeringen bestemt nei til \u00e5 utlevere interne dokumenter om dialogen med Telenor da selskapet solgte seg ut av Myanmar.<\/p>\n<p><img alt=\"NEI TIL INNSYN: Jonas Gahr St\u00f8re og Cecilie Myrseth. \" class=\"_image_qp4xg_65 layout-component layout-wide\" data-fullscreen- data-track-element-type=\"Article image fullscreen\" data-track-name=\"ImageFullscreen\" fetchpriority=\"high\" decoding=\"sync\" loading=\"eager\" height=\"5504\" itemprop=\"image\"  src=\"https:\/\/www.europesays.com\/no\/wp-content\/uploads\/2025\/12\/88c921e8-4e59-4f36-89d0-e0c40d25998c\"  style=\"object-position:0% 0%\" width=\"8256\"\/> Foto: G\u00f8ran Bohlin \/ VG<\/p>\n<ul aria-hidden=\"true\" class=\"_images_1uft6_111\">\n<li><a class=\"_link_1uft6_116\" href=\"https:\/\/www.vg.no\/forfatter\/alf-bjarne-johnsen\" style=\"z-index:1\" title=\"Alf Bjarne Johnsen\" rel=\"nofollow noopener\" target=\"_blank\"><img alt=\"Bilde av Alf Bjarne Johnsen\" class=\"_image_1uft6_93\" fetchpriority=\"low\" loading=\"lazy\" decoding=\"async\" itemprop=\"image\"  src=\"https:\/\/www.europesays.com\/no\/wp-content\/uploads\/2025\/12\/1764770051_32_a8952b63-f4d3-424e-ab5c-93e67076c9b0\"  width=\"480\"\/><\/a><\/li>\n<\/ul>\n<p> Oppdatert onsdag 3. desember kl. 14:53     <\/p>\n<p class=\"_paragraph_o9xde_4 _paragraph_xtcu6_10 layout-component text-serif-m layout-normal text-serif-m layout-padded\">Statsminister Jonas Gahr St\u00f8re (Ap) og regjeringen <a href=\"https:\/\/www.vg.no\/nyheter\/i\/L4pebP\/krever-at-regjeringen-snur-om-telenor-hemmelighold\" data-track-element-type=\"Link\" data-track-id=\"link:L4pebP\" class=\"_link_o9xde_39\" rel=\"nofollow noopener\" target=\"_blank\">fikk frist til onsdag <\/a>med \u00e5 utlevere dialogen mellom N\u00e6ringsdepartementet og Telenor om mulige menneskerettsbrudd i Myanmar.<\/p>\n<p class=\"_paragraph_o9xde_4 _paragraph_xtcu6_10 layout-component text-serif-m layout-normal text-serif-m layout-padded\"><strong class=\"_strong_o9xde_25\">N\u00e5 har regjeringen svart nei igjen.<\/strong><\/p>\n<p class=\"_paragraph_o9xde_4 _paragraph_xtcu6_10 layout-component text-serif-m layout-normal text-serif-m layout-padded\"><strong class=\"_strong_o9xde_25\">Komiteen har stilt en rekke sp\u00f8rsm\u00e5l om hva slags kommunikasjon regjeringen ved N\u00e6ringsdepartementet og Utenriksdepartementet hadde med Telenor\u00a0<a href=\"https:\/\/www.vg.no\/nyheter\/i\/dR36zj\/nrk-telenor-delte-persondata-med-militaerjuntaen-i-myanmar\" data-track-element-type=\"Link\" data-track-id=\"link:dR36zj\" class=\"_link_o9xde_39\" rel=\"nofollow noopener\" target=\"_blank\">da selskapet trakk seg ut av Myanmar.<\/a><\/strong><\/p>\n<p class=\"_paragraph_o9xde_4 _paragraph_xtcu6_10 layout-component text-serif-m layout-normal text-serif-m layout-padded\">If\u00f8lge avsl\u00f8ringer i blant annet NRK, ga Telenor milit\u00e6rjuntaen i Myanmar tilgang til sensitive persondata og mulighet til \u00e5 lytte inn i telefonsamtaler, lenge etter kuppet i 2021.<\/p>\n<p>M\u00e5 v\u00e6re fortrolig <\/p>\n<p class=\"_paragraph_o9xde_4 _paragraph_xtcu6_10 layout-component text-serif-m layout-normal text-serif-m layout-padded\">N\u00e6ringsminister Cecilie Myrseth (Ap) skriver i et brev til komiteen om hvorfor regjeringen ikke vil utlevere dialogen:<\/p>\n<p class=\"_paragraph_o9xde_4 _paragraph_xtcu6_10 layout-component text-serif-m layout-normal text-serif-m layout-padded\">** En praksis som inneb\u00e6rer at eierdialogen ikke lenger vil v\u00e6re fortrolig mellom selskapet og departementet, vil trolig inneb\u00e6re at selskapene blir betydelig mer tilbakeholdne med \u00e5 gi informasjon til staten som aksjeeier, skriver hun.<\/p>\n<p class=\"_paragraph_o9xde_4 _paragraph_xtcu6_10 layout-component text-serif-m layout-normal text-serif-m layout-padded\">** Det vil kunne gi et vesentlig d\u00e5rligere grunnlag for staten til \u00e5 spille rollen som en aktiv og utfordrende eier.<\/p>\n<p class=\"_paragraph_o9xde_4 _paragraph_xtcu6_10 layout-component text-serif-m layout-normal text-serif-m layout-padded\">** P\u00e5 denne bakgrunn er det etter regjeringens syn prinsipielt viktig at eierdialogen forblir en fortrolig dialog mellom departementet og selskapet, if\u00f8lge Myrseth. <\/p>\n<p>St\u00f8re er enig <\/p>\n<p class=\"_paragraph_o9xde_4 _paragraph_xtcu6_10 layout-component text-serif-m layout-normal text-serif-m layout-padded\">Hun f\u00e5r full st\u00f8tte fra sin sjef, statsminister Jonas Gahr St\u00f8re. I et eget brev viser han til at ogs\u00e5 Solberg-regjeringen holdt tilbake dokumenter fra Stortinget, blant annet i Nav-saken.<\/p>\n<p class=\"_paragraph_o9xde_4 _paragraph_xtcu6_10 layout-component text-serif-m layout-normal text-serif-m layout-padded\">\u00abKomiteen har ikke krav p\u00e5 dokumentinnsyn utover det som f\u00f8lger av offentleglova, men det er praksis for at regjeringen utviser st\u00f8rre grad av innsyn overfor komiteen\u00bb, skriver St\u00f8re \u2013 men konkluderer alts\u00e5 motsatt n\u00e5r det gjelder den konkrete eierdialogen med Telenor. <\/p>\n<p>Overrasket <\/p>\n<p class=\"_paragraph_o9xde_4 _paragraph_xtcu6_10 layout-component text-serif-m layout-normal text-serif-m layout-padded\">\u2013 Jeg er sv\u00e6rt overrasket over svaret, sier komit\u00e9lederen Per-Willy Amundsen (Frp) i en kommentar til brevene fra St\u00f8re og Myrseth.<\/p>\n<p class=\"_paragraph_o9xde_4 _paragraph_xtcu6_10 layout-component text-serif-m layout-normal text-serif-m layout-padded\">\u2013 Staten er ikke en hvilken som helst eier. Offentlighetlovens grenser gjelder ikke for kontrollen fra Stortinget. Den informasjonen vi har f\u00e5tt fortrolig, er heller ikke dekkende for v\u00e5rt behov, sier han.   <\/p>\n<p><img decoding=\"async\" alt=\"Bilde av \" class=\"_image_ygndg_42\" height=\"27\" itemprop=\"image\" loading=\"lazy\"  src=\"https:\/\/www.europesays.com\/no\/wp-content\/uploads\/2025\/12\/6ab88f56-0268-473c-a00a-586fb0d71a98\"  width=\"40\"\/><strong class=\"_name_ygndg_51 title-serif-xs\"\/><\/p>\n<p class=\"_paragraph_o9xde_4 text-sans-m _description_ygndg_56\">Per-Willy Amundsen (Frp) <\/p>\n<p class=\"_paragraph_o9xde_4 _paragraph_xtcu6_10 layout-component text-serif-m layout-normal text-serif-m layout-padded\">Han sier at innsyn er n\u00f8dvendig for at komiteen skal utf\u00f8re sitt konstitusjonelle oppdrag, som er \u00e5 f\u00f8re kontroll med regjeringen.<\/p>\n<p class=\"_paragraph_o9xde_4 _paragraph_xtcu6_10 layout-component text-serif-m layout-normal text-serif-m layout-padded\"><strong class=\"_strong_o9xde_25\">Kontrollkomiteen har nytt m\u00f8te tirsdag i neste uke, og skal diskutere videre prosedyre. <\/strong><\/p>\n<p class=\"_paragraph_o9xde_4 _paragraph_xtcu6_10 layout-component text-serif-m layout-normal text-serif-m layout-padded\">\u2013 Svaret fra statsministeren og n\u00e6ringsministeren gj\u00f8r det ikke mindre sannsynlig at komiteen oppretter kontrollsak, sier Amundsen. <\/p>\n","protected":false},"excerpt":{"rendered":"For andre gang p\u00e5 en dr\u00f8y uke sier regjeringen bestemt nei til \u00e5 utlevere interne dokumenter om dialogen&hellip;\n","protected":false},"author":2,"featured_media":103218,"comment_status":"","ping_status":"","sticky":false,"template":"","format":"standard","meta":{"footnotes":""},"categories":[12],"tags":[20,21,24,25,15,12441,22,23,13,30,28,281,29,14,16,1418,26,27,42,205,43,44,45],"class_list":{"0":"post-103217","1":"post","2":"type-post","3":"status-publish","4":"format-standard","5":"has-post-thumbnail","7":"category-verden","8":"tag-breaking-news","9":"tag-breakingnews","10":"tag-featured-news","11":"tag-featurednews","12":"tag-headlines","13":"tag-kontroll-og-konstitusjonskomiteen","14":"tag-latest-news","15":"tag-latestnews","16":"tag-news","17":"tag-no","18":"tag-norge","19":"tag-norsk-politikk","20":"tag-norway","21":"tag-nyheter","22":"tag-overskrifter","23":"tag-telenor","24":"tag-top-stories","25":"tag-topstories","26":"tag-verden","27":"tag-vgsamfunn","28":"tag-world","29":"tag-world-news","30":"tag-worldnews"},"share_on_mastodon":{"url":"https:\/\/pubeurope.com\/@no\/115655977699049193","error":""},"_links":{"self":[{"href":"https:\/\/www.europesays.com\/no\/wp-json\/wp\/v2\/posts\/103217","targetHints":{"allow":["GET"]}}],"collection":[{"href":"https:\/\/www.europesays.com\/no\/wp-json\/wp\/v2\/posts"}],"about":[{"href":"https:\/\/www.europesays.com\/no\/wp-json\/wp\/v2\/types\/post"}],"author":[{"embeddable":true,"href":"https:\/\/www.europesays.com\/no\/wp-json\/wp\/v2\/users\/2"}],"replies":[{"embeddable":true,"href":"https:\/\/www.europesays.com\/no\/wp-json\/wp\/v2\/comments?post=103217"}],"version-history":[{"count":0,"href":"https:\/\/www.europesays.com\/no\/wp-json\/wp\/v2\/posts\/103217\/revisions"}],"wp:featuredmedia":[{"embeddable":true,"href":"https:\/\/www.europesays.com\/no\/wp-json\/wp\/v2\/media\/103218"}],"wp:attachment":[{"href":"https:\/\/www.europesays.com\/no\/wp-json\/wp\/v2\/media?parent=103217"}],"wp:term":[{"taxonomy":"category","embeddable":true,"href":"https:\/\/www.europesays.com\/no\/wp-json\/wp\/v2\/categories?post=103217"},{"taxonomy":"post_tag","embeddable":true,"href":"https:\/\/www.europesays.com\/no\/wp-json\/wp\/v2\/tags?post=103217"}],"curies":[{"name":"wp","href":"https:\/\/api.w.org\/{rel}","templated":true}]}}