{"id":103221,"date":"2025-12-03T13:56:18","date_gmt":"2025-12-03T13:56:18","guid":{"rendered":"https:\/\/www.europesays.com\/no\/103221\/"},"modified":"2025-12-03T13:56:18","modified_gmt":"2025-12-03T13:56:18","slug":"arnfinn-nesset-er-dod","status":"publish","type":"post","link":"https:\/\/www.europesays.com\/no\/103221\/","title":{"rendered":"Arnfinn Nesset er d\u00f8d"},"content":{"rendered":"<p>&#8211; Jeg kan bekrefte at Arnfinn Nesset d\u00f8de tirsdag. Han sovnet stille inn p\u00e5 et sykehjem, sier advokat Per-Arne Skog til Dagbladet.\u00a0<\/p>\n<p>Uttalelsen er avklart med Nessets familie.\u00a0<\/p>\n<p> Da TV 2 laget true crime-serien \u00abSeriemorderen i Orkdal\u00bb i 2020, var Skog bistandsadvokat for Nesset. <\/p>\n<p>    <a itemprop=\"url\" href=\"https:\/\/www.seher.no\/kjendis\/vil-ikke-do-som-massemorder\/81682328\" rel=\"nofollow noopener\" target=\"_blank\"><\/p>\n<p>      <img loading=\"lazy\" decoding=\"async\" src=\"https:\/\/www.europesays.com\/no\/wp-content\/uploads\/2025\/12\/81682392.webp\" width=\"980\" height=\"441\" title=\"Vil ikke d\u00f8 som massemorder\" alt=\"\" class=\"lazyload\" style=\"--aspect-ratio-image: 2.22; \"\/><\/p>\n<p>        Vil ikke d\u00f8 som massemorder<\/p>\n<p>    <\/a><\/p>\n<p>Det var VG som omtalte d\u00f8dsfallet f\u00f8rst.\u00a0<\/p>\n<p>Nesset ble i 1983 d\u00f8mt til lovens strengeste straff for \u00e5 ha drept 22 beboere p\u00e5 et sykehjem i Tr\u00f8ndelag hvor han var bestyrer. Dommen var p\u00e5 21 \u00e5rs fengsel og ti \u00e5rs sikring.\u00a0<\/p>\n<p>Han ble i 1993 sluppet fri fra Bast\u00f8y fengsel, etter \u00e5 ha sonet 12 \u00e5r av den 21 \u00e5r lange fengselsstraffen, skrev NTB den gang.\u00a0 Nesset\u00a0var ogs\u00e5 ilagt 10-\u00e5rs sikring, men denne sikringsdommen etter en vurdering omgjort til fri sikring, if\u00f8lge NTB.\u00a0<\/p>\n<p>Trakk tilst\u00e5elsen\t<\/p>\n<p>Nesset hadde v\u00e6rt sykehjemsbestyrer ved Orkdal alders- og sykehjem. Da saken sprakk p\u00e5 begynnelsen av 80-tallet, var det f\u00e5 som forsto hvordan en velrespektert familiemann og bestyrer kunne ha st\u00e5tt bak noe slikt.\u00a0<\/p>\n<p>          <img loading=\"lazy\" decoding=\"async\" src=\"https:\/\/www.europesays.com\/no\/wp-content\/uploads\/2025\/12\/83933178.webp\" width=\"980\" height=\"559\" title=\"LOVENS STRENGESTE: Den tidligere sykehjemsbestyreren ved Orkdal alders- og sykehjem ble i 1983 d\u00f8mt til lovens strengeste straff - 21 \u00e5rs fengsel og ti \u00e5rs sikring. Foto: Odd Wentzel \/ Dagbladet\" alt=\"\" class=\"\" style=\"--aspect-ratio-image: 1.75; \"\/><\/p>\n<p>\n          LOVENS STRENGESTE: Den tidligere sykehjemsbestyreren ved Orkdal alders- og sykehjem ble i 1983 d\u00f8mt til lovens strengeste straff &#8211; 21 \u00e5rs fengsel og ti \u00e5rs sikring. Foto: Odd Wentzel \/ Dagbladet\n      <\/p>\n<p>Men etter omfattende etterforskning og 967 timer med politiavh\u00f8r tilsto han 30 drap med giftstoffet curacit.<\/p>\n<p>Han trakk seinere tilst\u00e5elsene i retten, og hevdet sin uskyld.<\/p>\n<p>Han p\u00e5sto ogs\u00e5 at politiet hadde presset ham i avh\u00f8r.<\/p>\n<p>For \u00e5 finne bevis for bruk av giftstoffet vurderte politiet \u00e5 \u00e5pne graver i Orkdal. Men siden Nesset kom med sine tilst\u00e5elser, lot de det v\u00e6re, skrev NRK i forbindelse med en podkast om saken som ble utgitt i fjor.<\/p>\n<p>          <img loading=\"lazy\" decoding=\"async\" src=\"https:\/\/www.europesays.com\/no\/wp-content\/uploads\/2025\/12\/83933388.webp\" width=\"980\" height=\"559\" title=\"Foto: Odd Wentzel \/ Dagbladet\" alt=\"\" class=\"\" style=\"--aspect-ratio-image: 1.75; \"\/><\/p>\n<p>\n          Foto: Odd Wentzel \/ Dagbladet\n      <\/p>\n<p>&#8211; Jeg husker godt at jeg tilsto. De truet meg med at de skulle grave opp disse menneskene som var d\u00f8de. Det synes jeg var s\u00e5 forferdelig at jeg sa at da er det bedre at jeg tar det p\u00e5 meg, hevdet Nesset selv, if\u00f8lge NRK.<\/p>\n<p>H\u00e5pet p\u00e5 gjenopptakelse\t<\/p>\n<p> NRK-journalist Jon Gelius omtaler d\u00f8dsfallet som \u00abvemodig\u00bb. Han forteller til Dagbladet at han m\u00f8tte Nesset sist gang for noen uker siden.\u00a0<\/p>\n<p>Gelius har hatt kontakt med Nesset siden i fjor da han intervjuet ham. Intervjuet resulterte i en podkast p\u00e5 fire episoder der Nesset for f\u00f8rste gang kastet lys over sin historie og versjon av saken.\u00a0<\/p>\n<p>Det ble ogs\u00e5 gjennomf\u00f8rt et TV-intervju.<\/p>\n<p>&#8211; Han var fysisk klart svekket, men klar i hodet. Han ga uttrykk for at han var mett av dage, sier Gelius.<\/p>\n<p>&#8211; Han har jo i st\u00f8rste del av livet sitt h\u00e5pet at noen skulle gjenoppta saken, men inns\u00e5 nok p\u00e5 slutten av livet at det ikke kom til \u00e5 skje, sier han.<\/p>\n<p>          <img loading=\"lazy\" decoding=\"async\" src=\"https:\/\/www.europesays.com\/no\/wp-content\/uploads\/2025\/12\/83933844.webp\" width=\"980\" height=\"559\" title=\"- SPESIELT: NRK-journalist Jon Gelius m\u00f8tte Arnfinn Nesset flere ganger. Han forteller om et spesielt m\u00f8te med den seriedrapsd\u00f8mte mannen. - Vi tok aldri noe farvel sist gang jeg m\u00f8tte ham, men skj\u00f8nte at det gikk mot slutten, sier Gelius. Foto: Vegard Wivestad Gr\u00f8tt \/ NTB\" alt=\"\" class=\"\" style=\"--aspect-ratio-image: 1.75; \"\/><\/p>\n<p>\n          &#8211; SPESIELT: NRK-journalist Jon Gelius m\u00f8tte Arnfinn Nesset flere ganger. Han forteller om et spesielt m\u00f8te med den seriedrapsd\u00f8mte mannen. &#8211; Vi tok aldri noe farvel sist gang jeg m\u00f8tte ham, men skj\u00f8nte at det gikk mot slutten, sier Gelius. Foto: Vegard Wivestad Gr\u00f8tt \/ NTB\n      <\/p>\n<p>Om hvordan Nessets liv har sett ut, sier Gelius f\u00f8lgende:<\/p>\n<p>&#8211; Han har nok levd et ganske ensomt liv, han har hatt f\u00e5 venner rundt seg. Det som var spesielt for meg som journalist, er at etter det siste intervjuet, sa han at han hadde sagt sitt. Nesset ville ikke se eller h\u00f8re intervjuet etterp\u00e5. Han f\u00f8lte nok p\u00e5 et tidspunkt, at han hadde et \u00f8nske om \u00e5 ville fortelle sin versjon og sin historie om en av norgeshistoriens st\u00f8rste kriminalsaker. N\u00e5r han hadde fortalt det, mente han at han hadde bidratt med \u00e5 kaste lys over sin historie.<\/p>\n<p>Gelius sier at Nesset hevdet sin uskyld i alle samtaler og holdt fast ved sin religi\u00f8se tro, som utdyper at samtalene ogs\u00e5 handlet om livets siste fase. Som journalist var det spesuelt \u00e5 komme s\u00e5 n\u00e6rt innp\u00e5 Nesset som han gjorde, forteller Gelius.<\/p>\n<p>&#8211; Dommens dag fryktet Arnfinn Nesset ikke. Det sa han ogs\u00e5 i intervjuet: \u00abjeg frykter ingenting\u00bb, forteller Gelius.<\/p>\n<p>&#8211; Vi tok aldri noe farvel sist gang jeg m\u00f8tte ham, men skj\u00f8nte at det gikk mot slutten. Han var oppeg\u00e5ende til det siste. <\/p>\n<p>    <a itemprop=\"url\" href=\"https:\/\/www.dagbladet.no\/bok\/tar-aldri-slutt\/83701353\" rel=\"nofollow noopener\" target=\"_blank\"><\/p>\n<p>      <img loading=\"lazy\" decoding=\"async\" src=\"https:\/\/www.europesays.com\/no\/wp-content\/uploads\/2025\/12\/83701992.webp\" width=\"980\" height=\"441\" title=\"- Tar aldri slutt\" alt=\"\" class=\"lazyload\" style=\"--aspect-ratio-image: 2.22; \"\/><\/p>\n<p>        &#8211; Tar aldri slutt<\/p>\n<p>    <\/a><\/p>\n<p>&#8211; Vil aldri f\u00e5 vite\t<\/p>\n<p>Forfatter Simen S\u00e6tre ga i h\u00f8st ut boka \u00ab<a href=\"https:\/\/www.google.com\/search?q=Den+usannsynlige+seriemorderen&amp;rlz=1C1GCEA_enNO1177NO1177&amp;oq=simenm+s%C3%A6tre+arnfinn+nesset&amp;gs_lcrp=EgZjaHJvbWUyBggAEEUYOTIJCAEQABgNGIAEMgkIAhAAGA0YgAQyCggDEAAYgAQYogQyCggEEAAYgAQYogQyCggFEAAYogQYiQUyCggGEAAYgAQYogTSAQg0ODY4ajBqN6gCALACAA&amp;sourceid=chrome&amp;ie=UTF-8&amp;ved=2ahUKEwiF6siZrqGRAxWrAtsEHc8wFOwQgK4QegYIAQgAEAQ\" rel=\"nofollow noopener\" target=\"_blank\">Den usannsynlige seriemorderen<\/a>\u00bb om Nesset. Han fikk beskjed om d\u00f8dsfallet tirsdag.\u00a0<\/p>\n<p>&#8211; Tankene g\u00e5r selvf\u00f8lgelig til de som har v\u00e6rt hans n\u00e6rmeste, sier S\u00e6tre til Dagbladet.\u00a0<\/p>\n<p>Han forteller at Nesset ble f\u00f8dt p\u00e5 et sm\u00e5bruk i Bjugn. Etter hvert tok han utdannelse som sykepleier, og ble en av de f\u00f8rste mannlige sykepleierne i Norge.\u00a0<\/p>\n<p>&#8211; Han var kjent som en god praktisk sykepleier, som jobbet seg opp via sykehuset i Trondheim, og s\u00e5 ble han bestyrer p\u00e5 sykehjemmet i Orkdal. Og det var her denne fatale saken skjedde, som vi vel n\u00e5 aldri vil komme til bunns i, sier S\u00e6tre.\u00a0<\/p>\n<p>&#8211; Han etterlater seg p\u00e5 den m\u00e5ten et stort mysterium. Han er d\u00f8mt for 22 drap og et drapsfors\u00f8k, men han sier samtidig at han er helt uskyldig. N\u00f8yaktig hva som skjedde vil vi aldri f\u00e5 vite.<\/p>\n<p>S\u00e6tre mener Nesset ble utsatt for urett.\u00a0<\/p>\n<p>&#8211; Det har blitt gjort feil, b\u00e5de i politietterforskningen og rettsprosessen. Pressen m\u00e5 ogs\u00e5 se seg selv i speilet, og innse at det har v\u00e6rt skrevet ting om ham som ikke har v\u00e6rt sant. Uavhengig om man er skyldig eller ikke, s\u00e5 unner man ingen \u00e5 oppleve noe s\u00e5nt, sier S\u00e6tre.\u00a0<\/p>\n<p>Etter at han slapp ut fra fengsel i 1993, levde Nesset et stille og rolig liv i et lite hus med katt og hage, forteller forfatteren. Han har gjort kristient arbeid, legger han til.\u00a0<\/p>\n<p>&#8211; Det har v\u00e6rt en gruppe venner som har tatt vare p\u00e5 ham og beskyttet ham. De siste par \u00e5rene har han v\u00e6rt syk, og v\u00e6rt i omsorgsbolig. Han har sagt at saken er et justismord, og at han \u00f8nsker den gjenopptatt. De siste ukene s\u00e5 har det skjedd en del i det, og flere har v\u00e6rt villige til \u00e5 hjelpe ham med det. Det var noe av det siste han fikk vite, at den muligheten fantes. Men det f\u00e5r han jo aldri oppleve n\u00e5.<\/p>\n<p>    <a itemprop=\"url\" href=\"https:\/\/www.dagbladet.no\/nyheter\/bryter-tausheten\/81572761\" rel=\"nofollow noopener\" target=\"_blank\"><\/p>\n<p>      <img loading=\"lazy\" decoding=\"async\" src=\"https:\/\/www.europesays.com\/no\/wp-content\/uploads\/2025\/12\/81572767.webp\" width=\"980\" height=\"441\" title=\"Bryter tausheten\" alt=\"\" class=\"lazyload\" style=\"--aspect-ratio-image: 2.22; \"\/><\/p>\n<p>        Bryter tausheten<\/p>\n<p>    <\/a><\/p>\n<p>&#8211; Vil v\u00e6re i fred\t<\/p>\n<p>Noen \u00e5r etter l\u00f8slatelsen p\u00e5 90-tallet, lot Nesset seg intervjue av Dagbladet.\u00a0<\/p>\n<p>Nesset fortalte at han f\u00f8lte seg forfulgt, til tross for \u00e5 v\u00e6re fri.\u00a0<\/p>\n<p>&#8211;\u00a0\u00a0For f\u00f8rste gang siden jeg ble p\u00e5grepet for massedrapene, t\u00f8r jeg f\u00f8le sinne. Det har v\u00e6rt forbudte f\u00f8lelser for meg, fordi en mann som meg ikke har lov til \u00e5 gi uttrykk for f\u00f8lelser, sa han.\u00a0<\/p>\n<p> Nesset jobbet den gang p\u00e5 et vaskeri i Oslo, men hadde ikke mistet h\u00e5pet om \u00e5 igjen kunne jobbe med eldre mennesker som sykepleier &#8211; til tross for at autorisasjonen var inndratt.\u00a0<\/p>\n<p> &#8211; Jeg har stor omsorgsevne og vil alltid v\u00e6re sykepleier i hjertet mitt, sa Nesset.\u00a0<\/p>\n<p>          <img loading=\"lazy\" decoding=\"async\" src=\"https:\/\/www.europesays.com\/no\/wp-content\/uploads\/2025\/12\/83933442.webp\" width=\"980\" height=\"559\" title=\"I RETTEN: Nesset avbildet under rettsaken p\u00e5 80-tallet. Foto: Erik Thorberg \/ NTB\" alt=\"\" class=\"\" style=\"--aspect-ratio-image: 1.75; \"\/><\/p>\n<p>\n          I RETTEN: Nesset avbildet under rettsaken p\u00e5 80-tallet. Foto: Erik Thorberg \/ NTB\n      <\/p>\n<p>I intervjuet med Dagbladet fortsatte Nesset \u00e5 hevde at han var uskyldig d\u00f8mt. Han sa at b\u00e5de m\u00e5nedene i isloasjon og de mange og lange avh\u00f8rene br\u00f8t ham ned.\u00a0<\/p>\n<p>&#8211;\u00a0 Jeg mistet etter hvert kontrollen over hva jeg forklarte, livredd for at de skulle vende meg ryggen eller bli sinte. Jeg tilsto drap jeg aldri har beg\u00e5tt, sa Nesset. <\/p>\n<p>Han sa den gang at han hadde skrevet testamentet sitt og ogs\u00e5 plukket ut en enkel naturstein som gravstein.\u00a0<\/p>\n<p>&#8211; Jeg har gjort opp for meg. Sonet den dommen jeg ble p\u00e5lagt. N\u00e5 vil jeg v\u00e6re i fred, sa Nesset.\u00a0<\/p>\n","protected":false},"excerpt":{"rendered":"&#8211; Jeg kan bekrefte at Arnfinn Nesset d\u00f8de tirsdag. Han sovnet stille inn p\u00e5 et sykehjem, sier advokat&hellip;\n","protected":false},"author":2,"featured_media":103222,"comment_status":"","ping_status":"","sticky":false,"template":"","format":"standard","meta":{"footnotes":""},"categories":[5],"tags":[20,21,24,25,15,19,2539,22,23,17,18,13,30,28,29,14,16,26,27],"class_list":{"0":"post-103221","1":"post","2":"type-post","3":"status-publish","4":"format-standard","5":"has-post-thumbnail","7":"category-overskrifter","8":"tag-breaking-news","9":"tag-breakingnews","10":"tag-featured-news","11":"tag-featurednews","12":"tag-headlines","13":"tag-hovedoppslag","14":"tag-innenriks","15":"tag-latest-news","16":"tag-latestnews","17":"tag-main-news","18":"tag-mainnews","19":"tag-news","20":"tag-no","21":"tag-norge","22":"tag-norway","23":"tag-nyheter","24":"tag-overskrifter","25":"tag-top-stories","26":"tag-topstories"},"share_on_mastodon":{"url":"https:\/\/pubeurope.com\/@no\/115655985389530926","error":""},"_links":{"self":[{"href":"https:\/\/www.europesays.com\/no\/wp-json\/wp\/v2\/posts\/103221","targetHints":{"allow":["GET"]}}],"collection":[{"href":"https:\/\/www.europesays.com\/no\/wp-json\/wp\/v2\/posts"}],"about":[{"href":"https:\/\/www.europesays.com\/no\/wp-json\/wp\/v2\/types\/post"}],"author":[{"embeddable":true,"href":"https:\/\/www.europesays.com\/no\/wp-json\/wp\/v2\/users\/2"}],"replies":[{"embeddable":true,"href":"https:\/\/www.europesays.com\/no\/wp-json\/wp\/v2\/comments?post=103221"}],"version-history":[{"count":0,"href":"https:\/\/www.europesays.com\/no\/wp-json\/wp\/v2\/posts\/103221\/revisions"}],"wp:featuredmedia":[{"embeddable":true,"href":"https:\/\/www.europesays.com\/no\/wp-json\/wp\/v2\/media\/103222"}],"wp:attachment":[{"href":"https:\/\/www.europesays.com\/no\/wp-json\/wp\/v2\/media?parent=103221"}],"wp:term":[{"taxonomy":"category","embeddable":true,"href":"https:\/\/www.europesays.com\/no\/wp-json\/wp\/v2\/categories?post=103221"},{"taxonomy":"post_tag","embeddable":true,"href":"https:\/\/www.europesays.com\/no\/wp-json\/wp\/v2\/tags?post=103221"}],"curies":[{"name":"wp","href":"https:\/\/api.w.org\/{rel}","templated":true}]}}