{"id":103234,"date":"2025-12-03T14:15:40","date_gmt":"2025-12-03T14:15:40","guid":{"rendered":"https:\/\/www.europesays.com\/no\/103234\/"},"modified":"2025-12-03T14:15:40","modified_gmt":"2025-12-03T14:15:40","slug":"avsluttet-soket-preger-oss","status":"publish","type":"post","link":"https:\/\/www.europesays.com\/no\/103234\/","title":{"rendered":"Avsluttet s\u00f8ket: &#8211; Preger oss"},"content":{"rendered":"<p class=\"kicker \" style=\"\">Kvinne savnet i Telemark:\u00a0<\/p>\n<p>  Dag og natt har det blitt s\u00f8kt etter en savnet kvinne i 40-\u00e5ra i bratt og glatt terreng i Telemark. Natt til onsdag sa n\u00f8detatene stopp.\u00a0<\/p>\n<p>\n    KREVENDE: Leteaksjonen har foreg\u00e5tt i b\u00e5de krevende v\u00e6r og i krevende terreng. Foto: R\u00f8de Kors\n  <\/p>\n<p>&#8211; F\u00f8rst og fremst<br \/>\nhar vi stor forst\u00e5else for at dette har v\u00e6rt en veldig vanskelig og krevende<br \/>\nsituasjon for de p\u00e5r\u00f8rende, familie og venner av savnede, sier politiinspekt\u00f8r Sigrid Dahl, tjenesteenhetsleder<br \/>\ni Midt- og Vest-Telemark politistasjonsdistrikt i en pressemelding onsdag ettermiddag.\u00a0<\/p>\n<p> I flere dager har n\u00f8detatene og frivillige saumfart bratt og ulendt terreng i utfordrende v\u00e6r i Tokke i Telemark i s\u00f8ket etter en savnet kvinne i 40-\u00e5ra. <\/p>\n<p>Kvinnen, bosatt i Skien, forlot hjemmet sitt l\u00f8rdag formiddag for \u00e5 trene i omr\u00e5det. Da hun ikke m\u00f8tte opp til en avtale s\u00f8ndag, ble hun meldt savnet <a href=\"https:\/\/www.dagbladet.no\/nyheter\/soket-fortsetter-krevende-forhold\/83920602\" target=\"_blank\" rel=\"nofollow noopener\">og en stor aksjon iverksatt<\/a>.<\/p>\n<p>Kvinnens bil ble funnet p\u00e5 en parkeringsplass i n\u00e6rheten av Ravnejuv, et omr\u00e5de preget av bratte fjellsider. Her har spesialtrent mannskap fra R\u00f8de Kors, samt\u00a0Norsk Alpin Redningsgruppe s\u00f8kt i det bratte terrenget.\u00a0<\/p>\n<p>    <a itemprop=\"url\" href=\"https:\/\/www.dagbladet.no\/nyheter\/avslutter-soket\/83930309\" rel=\"nofollow noopener\" target=\"_blank\"><\/p>\n<p>      <img loading=\"lazy\" decoding=\"async\" src=\"https:\/\/www.europesays.com\/no\/wp-content\/uploads\/2025\/12\/83930315.webp\" width=\"980\" height=\"441\" title=\"Avslutter s\u00f8ket\" alt=\"\" class=\"lazyload\" style=\"--aspect-ratio-image: 2.22; \"\/><\/p>\n<p>        Avslutter s\u00f8ket<\/p>\n<p>    <\/a><\/p>\n<p>Letemannskaper skadd\t<\/p>\n<p>Politiet retter en stor takk til<br \/>\nalle som har bidratt i s\u00f8ksarbeidet.<\/p>\n<p>\u00a0&#8211; Politiet har<br \/>\nhele tiden jobbet ut ifra utgangspunktet at vi leter etter en person som er i<br \/>\nlive. At vi n\u00e5 velger \u00e5 avslutte det aktive s\u00f8ket inneb\u00e6rer at h\u00e5pet om \u00e5 finne<br \/>\nsavnede i god behold dessverre er betydelig svekket, sier Dahl.<\/p>\n<p>          <img loading=\"lazy\" decoding=\"async\" src=\"https:\/\/www.europesays.com\/no\/wp-content\/uploads\/2025\/12\/83932114.webp\" width=\"980\" height=\"559\" title=\"BRATT: Omr\u00e5det hvor kvinnen ble meldt savnet er bratt og ulendt. Foto: R\u00f8de Kors\" alt=\"\" class=\"\" style=\"--aspect-ratio-image: 1.75; \"\/><\/p>\n<p>\n          BRATT: Omr\u00e5det hvor kvinnen ble meldt savnet er bratt og ulendt. Foto: R\u00f8de Kors\n      <\/p>\n<p>N\u00f8detatene og<br \/>\nfrivillige har siden s\u00f8ndag gjennomf\u00f8rt s\u00f8k i et stort omr\u00e5de for \u00e5 ha st\u00f8rst<br \/>\nmulig sjanse til \u00e5 finne henne i live.<\/p>\n<p>&#8211; Det er sv\u00e6rt<br \/>\nkrevende forhold i omr\u00e5det hvor s\u00f8ket har foreg\u00e5tt, og det har v\u00e6rt flere<br \/>\nskader p\u00e5 de som har deltatt i s\u00f8ket, forteller Dahl, som ber om at alle som<br \/>\nferdes i dette omr\u00e5det framover utviser forsiktighet.<\/p>\n<p>&#8211; Preget\t<\/p>\n<p>En av dem som har deltatt i s\u00f8ket, er Stian Storstr\u00f8m Michelsen (39), operativ leder i Telemark R\u00f8de Kors Hjelpekorps.\u00a0<\/p>\n<p>&#8211; Vi er jo mennesker vi ogs\u00e5, uavhengig av om vi er frivillige eller ansatte i en etat. Det preger oss n\u00e5r vi m\u00e5 avslutte en aksjon uten funn, sier han til Dagbladet.<\/p>\n<p>          <img loading=\"lazy\" decoding=\"async\" src=\"https:\/\/www.europesays.com\/no\/wp-content\/uploads\/2025\/12\/83932058.webp\" width=\"686\" height=\"392\" title=\"FRIVILLIG: Stian Storstr\u00f8m Michelsen er en av mange frivillige som har bidratt i leteaksjonen etter skienskvinnen. Foto: Privat\" alt=\"\" class=\"\" style=\"--aspect-ratio-image: 1.75; \"\/><\/p>\n<p>\n          FRIVILLIG: Stian Storstr\u00f8m Michelsen er en av mange frivillige som har bidratt i leteaksjonen etter skienskvinnen. Foto: Privat\n      <\/p>\n<p>Ogs\u00e5 Norske Redningshunder, Sivilforsvaret og uorganiserte frivillige har v\u00e6rt involvert i s\u00f8ket.\u00a0<\/p>\n<p>Letemannskapene hadde lenge <a href=\"https:\/\/www.dagbladet.no\/nyheter\/fortsatt-hap-om-a-finne-henne-i-live\/83922416\" target=\"_blank\" rel=\"nofollow noopener\">h\u00e5p om \u00e5 finne kvinnen i live<\/a>. Seinest tirsdag formiddag sa politiet til Dagbladet at kvinnen for eksempel kunne ha <a href=\"https:\/\/www.dagbladet.no\/nyheter\/tror-hun-kan-leve-leter-for-a-redde-liv\/83926294\" target=\"_blank\" rel=\"nofollow noopener\">funnet ly et sted<\/a>.\u00a0<\/p>\n<p> &#8211; Det er s\u00e5nn redningsaksjoner og redningstjenesten i Norge er bygget opp. Hvis alle profesjonelle akt\u00f8rer mener at det ikke er h\u00e5p om \u00e5 finne folk i live, da legger vi om s\u00f8kmetodikken litt. Men hvis vi ikke er i tvil, da er vi ikke i tvil, sa operasjonsleder Roger Aaser.\u00a0<\/p>\n<p>    <a itemprop=\"url\" href=\"https:\/\/www.dagbladet.no\/nyheter\/soker-med-full-styrke-veldig-vanskelig\/83924117\" rel=\"nofollow noopener\" target=\"_blank\"><\/p>\n<p>      <img loading=\"lazy\" decoding=\"async\" src=\"https:\/\/www.europesays.com\/no\/wp-content\/uploads\/2025\/12\/1764771339_623_83924123.webp\" width=\"980\" height=\"441\" title=\"S\u00f8ker med full styrke: - Veldig vanskelig\" alt=\"\" class=\"lazyload\" style=\"--aspect-ratio-image: 2.22; \"\/><\/p>\n<p>        S\u00f8ker med full styrke: &#8211; Veldig vanskelig<\/p>\n<p>    <\/a><\/p>\n<p>Natt til onsdag valgte de imidlertid \u00e5 si stopp.\u00a0<\/p>\n<p>&#8211; Samtlige ressurser har n\u00e5 avsluttet p\u00e5 stedet. Videre s\u00f8k etter savnet person vil n\u00e5 g\u00e5 i etterforskningssporet. Politiet \u00f8nsker \u00e5 rette en takk til alle frivillige som har bidratt i s\u00f8ket, skrev operasjonsleder Tom Richard Skuggedal i Politiloggen. <\/p>\n<p>          <img loading=\"lazy\" decoding=\"async\" src=\"https:\/\/www.europesays.com\/no\/wp-content\/uploads\/2025\/12\/83932107.webp\" width=\"686\" height=\"392\" title=\"Foto: R\u00f8de Kors\" alt=\"\" class=\"\" style=\"--aspect-ratio-image: 1.75; \"\/><\/p>\n<p>\n          Foto: R\u00f8de Kors\n      <\/p>\n<p>&#8211; Mange \u00f8nsker svar\t<\/p>\n<p>Michelsen sier han er glad for at det er opp til politiet og Hovedredingssentralen \u00e5 ta slike avgj\u00f8relser.\u00a0<\/p>\n<p>&#8211; Heldigvis er det ikke den frivillige redningstjenesten som tar avgj\u00f8relser som dette. Det er h\u00f8yt kompetente folk som tar vurderingene, og vi har tillit til dem. Men det er supertrist n\u00e5r det blir s\u00e5nn. Det er mange som \u00f8nsker svar.\u00a0<\/p>\n<p>Michelsen har ikke tall p\u00e5 hvor mange frivillige fra R\u00f8de Kors som har bidratt i aksjonen i Tokke, men sier det til sammen med alt av mannskap &#8211; b\u00e5de frivillig og fra n\u00f8detatene &#8211; har v\u00e6rt rundt 100 personer ute.\u00a0<\/p>\n<p>&#8211; Vi skal ha en evaluering i etterkant. Mannskapet v\u00e5rt har v\u00e6rt med p\u00e5 slike aksjoner tidligere, og vi har rutiner vi f\u00f8lger. Det er ogs\u00e5 mulig \u00e5 prate med annet personell eller ledelsen i organisasjonen om man trenger det etter \u00e5 ha v\u00e6rt med p\u00e5 noe s\u00e5nt, sier han.\u00a0<\/p>\n<p>Politiet vil n\u00e5 gjennomg\u00e5 informasjonen som er samlet inn, og vurdere hvordan de skal g\u00e5 videre.\u00a0<\/p>\n<p>&#8211; Dersom vi f\u00e5r<br \/>\ninn informasjon som gir oss konkrete holdepunkter for nye s\u00f8k i terrenget, tas<br \/>\ndet med i vurderingen, sier politiinspekt\u00f8r Dahl. <\/p>\n<p>Politiet ber folk ta kontakt om de har opplysninger i saken.\u00a0<\/p>\n<p>Savnede er i<br \/>\nutgangspunktet i god form og kan ha kommet langt dersom hun ikke er skadet, sier Dahl.\u00a0<\/p>\n<p>&#8211; Vi \u00f8nsker<br \/>\nfortsatt \u00e5 f\u00e5 inn informasjon som kan bringe oss videre i \u00e5 finne kvinnen.<\/p>\n","protected":false},"excerpt":{"rendered":"Kvinne savnet i Telemark:\u00a0 Dag og natt har det blitt s\u00f8kt etter en savnet kvinne i 40-\u00e5ra i&hellip;\n","protected":false},"author":2,"featured_media":103235,"comment_status":"","ping_status":"","sticky":false,"template":"","format":"standard","meta":{"footnotes":""},"categories":[5],"tags":[20,21,24,25,15,19,2539,22,23,17,18,13,30,28,29,14,16,26,27],"class_list":{"0":"post-103234","1":"post","2":"type-post","3":"status-publish","4":"format-standard","5":"has-post-thumbnail","7":"category-overskrifter","8":"tag-breaking-news","9":"tag-breakingnews","10":"tag-featured-news","11":"tag-featurednews","12":"tag-headlines","13":"tag-hovedoppslag","14":"tag-innenriks","15":"tag-latest-news","16":"tag-latestnews","17":"tag-main-news","18":"tag-mainnews","19":"tag-news","20":"tag-no","21":"tag-norge","22":"tag-norway","23":"tag-nyheter","24":"tag-overskrifter","25":"tag-top-stories","26":"tag-topstories"},"share_on_mastodon":{"url":"https:\/\/pubeurope.com\/@no\/115656060362421525","error":""},"_links":{"self":[{"href":"https:\/\/www.europesays.com\/no\/wp-json\/wp\/v2\/posts\/103234","targetHints":{"allow":["GET"]}}],"collection":[{"href":"https:\/\/www.europesays.com\/no\/wp-json\/wp\/v2\/posts"}],"about":[{"href":"https:\/\/www.europesays.com\/no\/wp-json\/wp\/v2\/types\/post"}],"author":[{"embeddable":true,"href":"https:\/\/www.europesays.com\/no\/wp-json\/wp\/v2\/users\/2"}],"replies":[{"embeddable":true,"href":"https:\/\/www.europesays.com\/no\/wp-json\/wp\/v2\/comments?post=103234"}],"version-history":[{"count":0,"href":"https:\/\/www.europesays.com\/no\/wp-json\/wp\/v2\/posts\/103234\/revisions"}],"wp:featuredmedia":[{"embeddable":true,"href":"https:\/\/www.europesays.com\/no\/wp-json\/wp\/v2\/media\/103235"}],"wp:attachment":[{"href":"https:\/\/www.europesays.com\/no\/wp-json\/wp\/v2\/media?parent=103234"}],"wp:term":[{"taxonomy":"category","embeddable":true,"href":"https:\/\/www.europesays.com\/no\/wp-json\/wp\/v2\/categories?post=103234"},{"taxonomy":"post_tag","embeddable":true,"href":"https:\/\/www.europesays.com\/no\/wp-json\/wp\/v2\/tags?post=103234"}],"curies":[{"name":"wp","href":"https:\/\/api.w.org\/{rel}","templated":true}]}}