{"id":103240,"date":"2025-12-03T14:26:14","date_gmt":"2025-12-03T14:26:14","guid":{"rendered":"https:\/\/www.europesays.com\/no\/103240\/"},"modified":"2025-12-03T14:26:14","modified_gmt":"2025-12-03T14:26:14","slug":"ola-olsbu-kalt-inn-til-avklaringssamtale-med-fylkesdirektor-tine-sundtoft-nrk-sorlandet-lokale-nyheter-tv-og-radio","status":"publish","type":"post","link":"https:\/\/www.europesays.com\/no\/103240\/","title":{"rendered":"Ola Olsbu kalt inn til \u00abavklaringssamtale\u00bb med fylkesdirekt\u00f8r Tine Sundtoft \u2013 NRK S\u00f8rlandet \u2013 Lokale nyheter, TV og radio"},"content":{"rendered":"<p>Dette er saken om Ola Olsbu<\/p>\n<p><strong>Dobbeltrolle:<\/strong><\/p>\n<p>Ola Olsbu er fylkesdirekt\u00f8r for samferdsel og eiendom i Agder fylkeskommune. Han har hatt ansvar for store veiprosjekter, inkludert ny vei til batterifabrikken Morrow i Arendal.<\/p>\n<p>Samtidig som Olsbu jobbet for den nye industriveien, eide han en privat skogstomt i det ber\u00f8rte omr\u00e5det. I 2021 solgte han deler av tomta til et privat selskap for 11,8 millioner kroner \u2013 en pris langt over det kommunen tilb\u00f8d. Den nye industriveien var med \u00e5 \u00f8ke verdien til tomta.<\/p>\n<p><strong>Erkl\u00e6rt inhabil:<\/strong><\/p>\n<p>Olsbu ba om habilitetsvurdering 22. september 2021 og ble erkl\u00e6rt inhabil i november samme \u00e5r. Til tross for dette deltok han p\u00e5 h\u00f8ring i Stortinget og sendte e-poster om veifinansiering etter at han ans\u00e5 seg selv som inhabil.<\/p>\n<p><strong>Privat bruk av jobb-e-post:<\/strong><\/p>\n<p>Olsbu brukte fylkeskommunens e-postkonto og signatur til \u00e5 forhandle om det private tomtesalget. Han behandlet og avslo ogs\u00e5 selv innsynskrav fra pressen i disse e-postene.<\/p>\n<p><strong>Dette skjer n\u00e5:<\/strong><\/p>\n<p>Fylkeskommunedirekt\u00f8r Tine Sundtoft har bestilt en ekstern gransking av saken, og Olsbu har erkjent at han burde meldt ifra tidligere og at e-postbruken var uprofesjonell.<\/p>\n<p>Onsdag skal Sundtoft og Olsbu m\u00f8tes for videre samtaler.<\/p>\n<p><strong>Olsbu har f\u00e5tt opplyst at han kan ha med advokat i m\u00f8tet.<\/strong><\/p>\n<p>Fylkeskommunedirekt\u00f8r og n\u00e6rmeste sjef til Olsbu, Tine Sundtoft, deltar p\u00e5 m\u00f8tet.<\/p>\n<p>Avklaringssamtalen skjer dagen etter Sundtoft ba samferdselsdirekt\u00f8ren ta noen dager fri.<\/p>\n<p>\u2013 Det er riktig for Ola og det er riktig for fylkeskommunen, sa hun til NRK i g\u00e5r.<\/p>\n<p>NRK avsl\u00f8rte denne uke at <a href=\"https:\/\/www.nrk.no\/sorlandet\/xl\/inhabil-veisjef-ble-mangemillionaer-1.17671363\" ec-id=\"pp:article:1.17671363\" ec-name=\"samferdselsdirekt\u00f8r i Agder fylkeskommune Ola Olsbu jobbet med et stort veiprosjekt til tross for at han var inhabil i saken\" rel=\"nofollow noopener\" target=\"_blank\">samferdselsdirekt\u00f8r i Agder fylkeskommune Ola Olsbu jobbet med et stort veiprosjekt til tross for at han var inhabil i saken<\/a>.<\/p>\n<p>Olsbu har selv erkjent at han p\u00e5 et tidligere tidspunkt burde ha trukket seg ut av saken.<\/p>\n<p>\u2013 Jeg ser i ettertid at jeg skulle ha meldt ifra tidligere. Det var en feil fra min side, har Olsbu tidligere sagt til NRK.<\/p>\n<p><img decoding=\"async\"   src=\"data:image\/gif;base64,R0lGODlhAQABAIAAAAAAAP\/\/\/yH5BAEAAAAALAAAAAABAAEAAAIBRAA7\" loading=\"eager\" alt=\"Ola Olsbu og advokat Kai Knudsen\" title=\"Foto: Geir Ingar Egeland \/ NRK\"\/><\/p>\n<p class=\"\">Her er Ola Olsbu p\u00e5 vei inn i m\u00f8tet med sin advokat Kai Knudsen i advokatfirma Wigemyr &amp; Co. <\/p>\n<p>Foto: Geir Ingar Egeland \/ NRK<\/p>\n<p>\u2013 Uprofesjonelt<\/p>\n<p>Tirsdag ble det kjent at advokatfirmaet Tofte Hald i Arendal skal gjennomf\u00f8re en ekstern og uavhengig vurdering av saken.<\/p>\n<p>Det opplyste fylkeskommunedirekt\u00f8r <a href=\"https:\/\/www.nrk.no\/sorlandet\/ola-olsbu-skal-granskes_-pagaende-ekstern-og-uavhengig-vurdering-1.17675759\" ec-id=\"pp:article:1.17675759\" ec-name=\"Tine Sundtoft under en orientering i fylkesutvalget\" rel=\"nofollow noopener\" target=\"_blank\">Tine Sundtoft under en orientering i fylkesutvalget<\/a>.<\/p>\n<p>NRK snakket med Olsbu i etterkant av orienteringen fra fylkesordf\u00f8reren tirsdag. Han er glad for at saken skal bli vurdert av jurister.<\/p>\n<p>\u2013 Jeg ser frem til \u00e5 f\u00e5 en uavhengig gjennomgang av saken, sa Olsbu tirsdag.<\/p>\n<p>Sundtoft er klar i sin tale.<\/p>\n<p><strong>\u2013 Olsbu har ikke opptr\u00e5dt profesjonelt, og det er ikke slik vi skal ha det i Agder fylkeskommune. Det har jeg v\u00e6rt helt tydelig p\u00e5, b\u00e5de til Olsbu personlig og til NRK.<\/strong><\/p>\n<p><img decoding=\"async\"   src=\"data:image\/gif;base64,R0lGODlhAQABAIAAAAAAAP\/\/\/yH5BAEAAAAALAAAAAABAAEAAAIBRAA7\" loading=\"eager\" alt=\"Tine Sundtoft\" title=\"Foto: Leif Hallgeir Dalen \/ NRK\"\/><\/p>\n<p class=\"\">Fylkesdirekt\u00f8r Tine Sundtoft reagerer p\u00e5 samferdselsdirekt\u00f8rens opptreden.<\/p>\n<p>Foto: Leif Hallgeir Dalen \/ NRK<\/p>\n<p>Sundtoft har tidligere forklart at hun ikke visste om det private tomtesalget f\u00f8r NRK ba om innsyn i dokumentene.<\/p>\n<p>Tirsdag sier hun til NRK at hun mener Olsbu burde ha informert henne med en gang han inngikk dialog om salget.<\/p>\n<p>\u2013 Dette handler om tillit til fylkeskommunen, politikk og administrasjon. Det er en grunn til at vi har en lov om habilitiet. N\u00e5r man er inhabil, s\u00e5 er man inhabil i alt det arbeidet som skal gj\u00f8res.<\/p>\n<p>    Fylkesdirekt\u00f8rens parallelle forhandlinger<\/p>\n<p class=\"dhtl__timeline-ingress\">Her kan du se n\u00f8kkeldatoene i Olsbus arbeid med batteriveien og hans private tomtesalg. <\/p>\n<ul aria-hidden=\"true\">\n<li wp_automatic_readability=\"-2\">\n<p>Det blir kjent at Morrow Batteries velger Arendal kommune som plassering. <\/p>\n<\/li>\n<li wp_automatic_readability=\"-1.5\">\n<p>Ola Olsbu er med p\u00e5 \u00e5 sende brev til Samferdselsdepartementet. Brevet er en invitasjon til samarbeid om en vei mellom Morrows tomt og Arendal Havn. <\/p>\n<\/li>\n<li wp_automatic_readability=\"-1.5\">\n<p>Ola Olsbu orienterer politikere i Agder om batteriveien. Her understreker han viktigheten av prosjektet. <\/p>\n<\/li>\n<li wp_automatic_readability=\"-1.5\">\n<p>I et styrem\u00f8te i Agder Renovasjon legges det frem at de sannsynligvis m\u00e5 flytte for \u00e5 gj\u00f8re plass til Morrow. Morrow ligger p\u00e5 nabotomta. <\/p>\n<\/li>\n<li wp_automatic_readability=\"-1\">\n<p>Ola Olsbu er i m\u00f8te med Arendal kommune om kj\u00f8p av tomta hans. Olsbu f\u00e5r et tilbud fra kommunen, uten \u00e5 takke ja. <\/p>\n<\/li>\n<li wp_automatic_readability=\"-1.5\">\n<p>Olsbu svarer Arendal kommune at han har f\u00e5tt bedre tilbud fra andre som vil kj\u00f8pe tomta. Han sier de kan ta et nytt m\u00f8te. <\/p>\n<\/li>\n<li>\n<p>Olsbu er med p\u00e5 befaring om batteriveien, der H\u00f8yre vil at batteriveien skal bygges som riksvei. <\/p>\n<p><img decoding=\"async\"   src=\"data:image\/gif;base64,R0lGODlhAQABAIAAAAAAAP\/\/\/yH5BAEAAAAALAAAAAABAAEAAAIBRAA7\" loading=\"eager\" alt=\"Skjermdump Batterivei\" title=\"Faksimile: Arendals Tidene\"\/><\/p>\n<p>Faksimile: Arendals Tidene<\/p>\n<\/li>\n<li wp_automatic_readability=\"-1.5\">\n<p>Olsbu sender brev til Samferdselsdepartementet om viktigheten av batteriveien. Han ber om dialog om veien. <\/p>\n<\/li>\n<li wp_automatic_readability=\"-1\">\n<p>Etter nye m\u00f8ter med Arendal kommune, takker Olsbu nei til videre forhandlinger med kommunen. Han vil heller forhandle med private akt\u00f8rer. <\/p>\n<\/li>\n<li wp_automatic_readability=\"-1.5\">\n<p>Formannskapet i Arendal kommune vedtar regulering av tre tomter som alternativer for flytting av renovasjonsanlegget. Blant tomtene er Olsbus. <\/p>\n<\/li>\n<li wp_automatic_readability=\"-0.5\">\n<p>Olsbu ber Agder Fylkeskommune om \u00e5 gj\u00f8re en habilitetsvurdering, siden Arendal kommune har tatt kontakt for \u00e5 vurdere mulighetene for \u00e5 kj\u00f8pe arealer han eier. Han skriver at det ikke er gjort noen avtaler.<\/p>\n<\/li>\n<li wp_automatic_readability=\"-1.5\">\n<p>Arendal kommunen truer med ekspropriasjon av Olsbus tomt. Det vil si at de tvangskj\u00f8per tomta til en satt pris. <\/p>\n<\/li>\n<li wp_automatic_readability=\"-0.5\">\n<p>I et h\u00f8ringsutspill signert av Olsbu og fylkesordf\u00f8reren i Agder, Arne Thomassen, ber de om penger til batteriveien. <\/p>\n<\/li>\n<li wp_automatic_readability=\"-1.5\">\n<p>Fylkesordf\u00f8reren ber om penger til batteriveien i et m\u00f8te med transportkomiteen p\u00e5 Stortinget. Olsbu er ved hans side.<\/p>\n<\/li>\n<li wp_automatic_readability=\"-1.5\">\n<p>Olsbu er koblet p\u00e5 dialog med Arendal om m\u00f8te med ny samferdselsminister Jon-Ivar Nyg\u00e5rd (Ap). Olsbu deltok ikke p\u00e5 m\u00f8tet selv. <\/p>\n<\/li>\n<li wp_automatic_readability=\"-2\">\n<p>Agder fylkeskommune konkluderer med at Olsbu er inhabil i saker om batteriveien.<\/p>\n<\/li>\n<li wp_automatic_readability=\"0\">\n<p>Etter m\u00f8tet med samferdselsministeren skriver Olsbu at det var tilslutning til et m\u00f8te med statsministeren. Han skriver at han er inhabil, ikke skal mene noe om saken lenger, men at han bare er et &laquo;et tastetrykk unna &#8230;..&raquo;<\/p>\n<\/li>\n<\/ul>\n<p>Vis mer<\/p>\n<p>Dette er saken<\/p>\n<p>I 2021 solgte Olsbu 150 m\u00e5l av sin private skogstomt like i n\u00e6rheten av industriveien til et privat selskap for 11,8 millioner kroner.<\/p>\n<p>Det etter \u00e5 ha v\u00e6rt en sterk p\u00e5driver for \u00e5 etablere \u00abbatteriveien\u00bb, alts\u00e5 industriveien som skulle knytte sammen Eydehavn og E18.<\/p>\n<p>Olsbu ba om en habilitetsvurdering 22. september 2021. Han ans\u00e5 seg selv som inhabil i saken, men jobbet for industriveien mens habilitetsvurderingen var til behandling.<\/p>\n<p>F\u00f8rst etter to m\u00e5neder ble han erkl\u00e6rt inhabil p\u00e5 papiret.<\/p>\n<p>Olsbu har sagt til NRK at han har opptr\u00e5dt feil og har beklaget det som skjedde. Han har ogs\u00e5 beklaget at han har brukt fylkeskommunens e-postadresse i kommunikasjon om egen eiendom.<\/p>\n<p>\u2013 Jeg ser i ettertid at jeg skulle ha meldt ifra tidligere. Det var en feil fra min side, sier Olsbu.<\/p>\n<p><img decoding=\"async\"   src=\"data:image\/gif;base64,R0lGODlhAQABAIAAAAAAAP\/\/\/yH5BAEAAAAALAAAAAABAAEAAAIBRAA7\" loading=\"eager\" alt=\"Ola Olsbu\" title=\"Foto: Geir Ingar Egeland \/ NRK\"\/><\/p>\n<p class=\"\">Ola Olsbu har f\u00e5tt opplyst at han kan ha med advokat til m\u00f8tet i ettermiddag.<\/p>\n<p>Foto: Geir Ingar Egeland \/ NRK<\/p>\n<p>Ble med til Stortinget<\/p>\n<p>Seks uker etter Olsbu erkl\u00e6rte seg inhabil i 2021, ble han med fylkesordf\u00f8rer Arne Thommassen til Stortinget for \u00e5 snakke om veien.<\/p>\n<p>P\u00e5 sp\u00f8rsm\u00e5l fra NRK om hvorfor Olsbu fortsatte \u00e5 v\u00e6re med i b\u00e5de m\u00f8ter og prosesser rundt industriveien, svarer Thommassen:<\/p>\n<p><strong>\u2013 Det var denne h\u00f8ringa p\u00e5 Stortinget, hvor vi var inne til Nasjonal transportplan og hadde en lang rekke med saker vi tok inn. Sett n\u00e5 i ettertid, n\u00e5r jeg s\u00e5 omfanget som NRK viste her i g\u00e5r, s\u00e5 skulle han heller ikke ha v\u00e6rt med p\u00e5 h\u00f8ringa.<\/strong><\/p>\n<p>Olsbu opplyser til NRK at fylkesordf\u00f8rer Thommassen inviterte han med p\u00e5 befaring med h\u00f8yretopper p\u00e5 tomta, og at Thommassen var med og ba han skrive s\u00f8knad til Samferdselsdepartementet om spleiselaget til batteriveien.<\/p>\n<p>\u2013 Jeg ba jo administrasjonen om dette, jeg ber jo Tine Sundtoft om dette og det var Ola Olsbu som var med og gjorde det. Det er noe av det vi vil gjennomg\u00e5 n\u00e5, hvorfor det ble s\u00e5nn som det ble, sier Thommassen.<\/p>\n<p>    Hei!<\/p>\n<p><strong>Har du tips eller innspill?<\/strong><\/p>\n<p>Jeg er alltid interessert i gode nyhetstips og historier fra S\u00f8rlandet. Send meg gjerne en epost om det er noe du \u00f8nsker \u00e5 tipse meg om.<\/p>\n<p>Publisert<\/p>\n<p>03.12.2025, kl. 13.47<\/p>\n<p>Oppdatert<\/p>\n<p>03.12.2025, kl. 14.41<\/p>\n","protected":false},"excerpt":{"rendered":"Dette er saken om Ola Olsbu Dobbeltrolle: Ola Olsbu er fylkesdirekt\u00f8r for samferdsel og eiendom i Agder fylkeskommune.&hellip;\n","protected":false},"author":2,"featured_media":103241,"comment_status":"","ping_status":"","sticky":false,"template":"","format":"standard","meta":{"footnotes":""},"categories":[10],"tags":[20,21,24,25,15,22,23,13,30,28,29,14,16,26,27],"class_list":{"0":"post-103240","1":"post","2":"type-post","3":"status-publish","4":"format-standard","5":"has-post-thumbnail","7":"category-norge","8":"tag-breaking-news","9":"tag-breakingnews","10":"tag-featured-news","11":"tag-featurednews","12":"tag-headlines","13":"tag-latest-news","14":"tag-latestnews","15":"tag-news","16":"tag-no","17":"tag-norge","18":"tag-norway","19":"tag-nyheter","20":"tag-overskrifter","21":"tag-top-stories","22":"tag-topstories"},"share_on_mastodon":{"url":"https:\/\/pubeurope.com\/@no\/115656103397179842","error":""},"_links":{"self":[{"href":"https:\/\/www.europesays.com\/no\/wp-json\/wp\/v2\/posts\/103240","targetHints":{"allow":["GET"]}}],"collection":[{"href":"https:\/\/www.europesays.com\/no\/wp-json\/wp\/v2\/posts"}],"about":[{"href":"https:\/\/www.europesays.com\/no\/wp-json\/wp\/v2\/types\/post"}],"author":[{"embeddable":true,"href":"https:\/\/www.europesays.com\/no\/wp-json\/wp\/v2\/users\/2"}],"replies":[{"embeddable":true,"href":"https:\/\/www.europesays.com\/no\/wp-json\/wp\/v2\/comments?post=103240"}],"version-history":[{"count":0,"href":"https:\/\/www.europesays.com\/no\/wp-json\/wp\/v2\/posts\/103240\/revisions"}],"wp:featuredmedia":[{"embeddable":true,"href":"https:\/\/www.europesays.com\/no\/wp-json\/wp\/v2\/media\/103241"}],"wp:attachment":[{"href":"https:\/\/www.europesays.com\/no\/wp-json\/wp\/v2\/media?parent=103240"}],"wp:term":[{"taxonomy":"category","embeddable":true,"href":"https:\/\/www.europesays.com\/no\/wp-json\/wp\/v2\/categories?post=103240"},{"taxonomy":"post_tag","embeddable":true,"href":"https:\/\/www.europesays.com\/no\/wp-json\/wp\/v2\/tags?post=103240"}],"curies":[{"name":"wp","href":"https:\/\/api.w.org\/{rel}","templated":true}]}}