{"id":103242,"date":"2025-12-03T14:27:11","date_gmt":"2025-12-03T14:27:11","guid":{"rendered":"https:\/\/www.europesays.com\/no\/103242\/"},"modified":"2025-12-03T14:27:11","modified_gmt":"2025-12-03T14:27:11","slug":"julebrusen-2025-snart-utsolgt","status":"publish","type":"post","link":"https:\/\/www.europesays.com\/no\/103242\/","title":{"rendered":"Julebrusen 2025 snart utsolgt"},"content":{"rendered":"<p class=\"kicker bg-cyan color_mobile_bg-cyan text-black hasTextPadding mobile-hasTextPadding\" style=\"\">Julebrus:<\/p>\n<p>  Det er tre uker igjen til julaften, og n\u00e5 melder gigant at lageret er t\u00f8mt.\u00a0<\/p>\n<p>\n    POPUL\u00c6RT: Mange heller nedp\u00e5 med Hamar Julebrus i disse tider. Foto: Martin Gramn\u00e6s\n  <\/p>\n<p>Det er tre uker igjen til julaften, men folk har tradisjonen tro handlet inn julevarer i mange uker allerede.\u00a0<\/p>\n<p>Pepperkakene var de f\u00f8rste som ble sendt ut i priskrigen. Dette skjedde <a href=\"https:\/\/dinside.dagbladet.no\/okonomi\/priskrig-en-liten-kinaputt\/83825918\" rel=\"nofollow noopener\" target=\"_blank\">allerede 8 november<\/a>.<\/p>\n<p>Torsdag uka etter kuttet Oda prisen p\u00e5 en rekke andre varer. Et grep som de andre s\u00e5kalte lavpriskjedene svarte opp umiddelbart.\u00a0<\/p>\n<p>        R\u00d8D ELLER BRUN: Bli med til Ringnes Bryggeri for \u00e5 se hvordan julebrusen tappes!<\/p>\n<p>Billigere\t<\/p>\n<p>Ogs\u00e5 julebrusen har blitt billigere i det siste. For eksempel f\u00e5r man n\u00e5 en sekspakning med Hamar Julebrus p\u00e5 flaske for mellom 55 og 65 kroner flere steder. Den kostet rundt 130 kroner da den kom i butikkene i oktober.\u00a0<\/p>\n<p>Da en av Dagbladets ansatte skulle sikre seg den sukkerfrie varianten p\u00e5 flaske tidligere denne uka, m\u00e5tte hun imidlertid g\u00e5 tomhendt fra to butikker i Oslo.<\/p>\n<p class=\"font-weight-bold m-font-weight-bold\" data-lab-font_weight=\"font-weight-bold\">DinSide tok en runde innom et knippe Oslo-butikker tirsdag ettermiddag, og da var det julebrus igjen i alle varianter. Men m\u00f8ter du tomme hyller n\u00e5, s\u00e5 skal du vite at det ikke kommer mer f\u00f8r jul.\u00a0<\/p>\n<p>    <a itemprop=\"url\" href=\"https:\/\/dinside.dagbladet.no\/fritid\/klar-beskjed-mange-vet-ikke\/83893948\" rel=\"nofollow noopener\" target=\"_blank\"><\/p>\n<p>      <img loading=\"lazy\" decoding=\"async\" src=\"https:\/\/www.europesays.com\/no\/wp-content\/uploads\/2025\/12\/83894580.webp\" width=\"980\" height=\"441\" title=\"Klar beskjed: - Mange vet ikke\" alt=\"\" class=\"lazyload\" style=\"--aspect-ratio-image: 2.22; \"\/><\/p>\n<p>        Klar beskjed: &#8211; Mange vet ikke<\/p>\n<p>    <\/a><\/p>\n<p>Alt kj\u00f8rt ut\t<\/p>\n<p>Ringnes &#8211; som lager b\u00e5de Hamar, Lillehammer og Dahls Julebrus &#8211; bekrefter til DinSide at alle juleprodukter n\u00e5 er sendt ut i butikkene. Det betyr i klartekst at n\u00e5r det er tomt i butikkene, s\u00e5 er det tomt. Det kommer ikke mer.<\/p>\n<p>&#8211; Vi er veldig glade for det store engasjementet for v\u00e5re julebrusvarianter der ute, som vi ikke minst ser for Hamar og Lillehammer julebrus og Dahls Julebrus, sier kommunikasjonsdirekt\u00f8r i Ringnes,\u00a0Johanna Ellefsen Rostad.<\/p>\n<p>De opplever selv at det generelt er grei tilgang p\u00e5 deres juleprodukter ute i butikkene, men legger til.\u00a0<\/p>\n<p>&#8211; Men vi vet ogs\u00e5 at det er enkelte butikker som gjerne s\u00e5 at vi kunne produsert og levert mer. <\/p>\n<p>Ringnes startet tappingen av <a href=\"https:\/\/dinside.dagbladet.no\/fritid\/na-skjer-det\/83492358\" rel=\"nofollow noopener\" target=\"_blank\">\u00e5rets julebrus i august<\/a>. Da produserte de 240 000 flasker per dag.\u00a0<\/p>\n","protected":false},"excerpt":{"rendered":"Julebrus: Det er tre uker igjen til julaften, og n\u00e5 melder gigant at lageret er t\u00f8mt.\u00a0 POPUL\u00c6RT: Mange&hellip;\n","protected":false},"author":2,"featured_media":103243,"comment_status":"","ping_status":"","sticky":false,"template":"","format":"standard","meta":{"footnotes":""},"categories":[5],"tags":[20,21,24,25,728,15,19,5593,6725,22,23,17,18,13,30,28,29,14,16,26,27],"class_list":{"0":"post-103242","1":"post","2":"type-post","3":"status-publish","4":"format-standard","5":"has-post-thumbnail","7":"category-overskrifter","8":"tag-breaking-news","9":"tag-breakingnews","10":"tag-featured-news","11":"tag-featurednews","12":"tag-fritid","13":"tag-headlines","14":"tag-hovedoppslag","15":"tag-jul","16":"tag-julebrus","17":"tag-latest-news","18":"tag-latestnews","19":"tag-main-news","20":"tag-mainnews","21":"tag-news","22":"tag-no","23":"tag-norge","24":"tag-norway","25":"tag-nyheter","26":"tag-overskrifter","27":"tag-top-stories","28":"tag-topstories"},"share_on_mastodon":{"url":"https:\/\/pubeurope.com\/@no\/115656107522375922","error":""},"_links":{"self":[{"href":"https:\/\/www.europesays.com\/no\/wp-json\/wp\/v2\/posts\/103242","targetHints":{"allow":["GET"]}}],"collection":[{"href":"https:\/\/www.europesays.com\/no\/wp-json\/wp\/v2\/posts"}],"about":[{"href":"https:\/\/www.europesays.com\/no\/wp-json\/wp\/v2\/types\/post"}],"author":[{"embeddable":true,"href":"https:\/\/www.europesays.com\/no\/wp-json\/wp\/v2\/users\/2"}],"replies":[{"embeddable":true,"href":"https:\/\/www.europesays.com\/no\/wp-json\/wp\/v2\/comments?post=103242"}],"version-history":[{"count":0,"href":"https:\/\/www.europesays.com\/no\/wp-json\/wp\/v2\/posts\/103242\/revisions"}],"wp:featuredmedia":[{"embeddable":true,"href":"https:\/\/www.europesays.com\/no\/wp-json\/wp\/v2\/media\/103243"}],"wp:attachment":[{"href":"https:\/\/www.europesays.com\/no\/wp-json\/wp\/v2\/media?parent=103242"}],"wp:term":[{"taxonomy":"category","embeddable":true,"href":"https:\/\/www.europesays.com\/no\/wp-json\/wp\/v2\/categories?post=103242"},{"taxonomy":"post_tag","embeddable":true,"href":"https:\/\/www.europesays.com\/no\/wp-json\/wp\/v2\/tags?post=103242"}],"curies":[{"name":"wp","href":"https:\/\/api.w.org\/{rel}","templated":true}]}}