{"id":103246,"date":"2025-12-03T14:37:13","date_gmt":"2025-12-03T14:37:13","guid":{"rendered":"https:\/\/www.europesays.com\/no\/103246\/"},"modified":"2025-12-03T14:37:13","modified_gmt":"2025-12-03T14:37:13","slug":"arild-hermstad-mdg-nettavisen-avslorer-tarer-og-raseri-pa-lukket-mdg-mote","status":"publish","type":"post","link":"https:\/\/www.europesays.com\/no\/103246\/","title":{"rendered":"Arild Hermstad, MDG | Nettavisen avsl\u00f8rer: T\u00e5rer og raseri p\u00e5 lukket MDG-m\u00f8te"},"content":{"rendered":"\n<p>Sentralstyrem\u00f8tet begynte klokken 17 i g\u00e5r, og det ble straks klart at m\u00f8tet skulle handle om \u00e5 finne en snarlig enighet med Arbeiderpartiet, blir Nettavisen fortalt.<\/p>\n<p>Partileder Arild Hermstad grep ordet f\u00f8rst. Han ba om tillit fra sentralstyret til \u00e5 g\u00e5 inn og lande forhandlingene samme kveld.<\/p>\n<p>Det ble gjort klart at en utredning om <a href=\"https:\/\/www.nettavisen.no\/nyheter\/nettavisen-avslorer-mdgs-siste-desperate-krav-i-budsjettforhandlingene\/s\/5-95-2755053\" rel=\"Follow nofollow noopener\" target=\"_blank\">norsk oljepolitikk var s\u00e5 langt partiet kom i den avgj\u00f8rende politikken<\/a>, slik Nettavisen kunne fortelle allerede i forrige uke.<\/p>\n<p><b>Anders Magnus: <a href=\"https:\/\/www.nettavisen.no\/norsk-debatt\/europa-trenger-all-den-norske-oljen-de-kan-fa\/o\/5-95-2757757\" rel=\"Follow nofollow noopener\" target=\"_blank\">MDGs klimapolitikk er farlig<\/a><br \/>Gunnar Stavrum: <a href=\"https:\/\/www.nettavisen.no\/norsk-debatt\/regjeringskrisen-mdg-har-25-krav-for-a-unnga-a-felle-jonas-gahr-store\/s\/5-95-2755957\" rel=\"Follow nofollow noopener\" target=\"_blank\">MDGs 25 krav<\/a><\/b><\/p>\n<p>Flere sentrale MDG-ere trodde if\u00f8lge Nettavisens opplysninger knapt det de h\u00f8rte. Utmattet, med en f\u00f8lelse av \u00e5 ha blitt overkj\u00f8rt av Ap-maskineriet i tre uker, rant det over for flere.<\/p>\n<p><b>Gr\u00e5t i MDG, dr\u00f8ye Ap-teknikker og dette var Listhaug-regjeringen Norge ikke fikk: Du<\/b><b> kan abonnere p\u00e5 podkasten p\u00e5 b\u00e5de <\/b><b><a href=\"https:\/\/open.spotify.com\/show\/07dARiGPuzxxUniKtD7SJW?si=-KOtwAnQT_ubEyw3e1hWqw\" rel=\"nofollow noopener\" target=\"_blank\">Spotify<\/a> og <a href=\"https:\/\/podcasts.apple.com\/no\/podcast\/gilbrant-suvatne\/id1835874398?l=nb\" rel=\"nofollow noopener\" target=\"_blank\">Apple<\/a>.<\/b><\/p>\n<p>T\u00e5rer<\/p>\n<p>Nettavisen er kjent med at flere i rommet tok til t\u00e5rene i frustrasjon over situasjonen partiet n\u00e5 sto i og kompromisset Hermstad n\u00e5 ba om tillatelse til \u00e5 ta i havn. <\/p>\n<p>Det ble gjort ettertrykkelig klart av flere i m\u00f8tet at dette i praksis ikke ville f\u00e5 noen betydning for norsk oljepolitikk. Tre uker med slit, forhandlinger midt p\u00e5 natten, kj\u00f8r i pressen og press fra egne medlemmer var n\u00e5 til ingen nytte, ble det hevdet fra gr\u00e5tkvalte MDG-ere. <\/p>\n<p>Hermstad presset likevel p\u00e5, og var if\u00f8lge Nettavisens opplysninger lydh\u00f8r for tilbakemeldingene, uten \u00e5 la seg rikke. Det var ingen som utviste noen form for mistillit til partilederen. Nettavisens kilder sier det ble oppfattet som umulig \u00e5 ta den diskusjonen der og da.<\/p>\n<p>Hermstad skal ogs\u00e5 ha gitt uttrykk for at partiet n\u00e5 var vei veis ende: Det var umulig \u00e5 f\u00e5 gjennomslag for noe substansielt rundt oljepolitikken. Det var det bare \u00e5 akspetere, argumenterte partilederen. Flere i det lukkede m\u00f8tet var, og er, dypt uenig med Hermstad i dette. Dette <a href=\"https:\/\/www.nettavisen.no\/nyheter\/lover-a-felle-store-hvis-han-ikke-snur\/s\/5-95-2756711\" rel=\"Follow nofollow noopener\" target=\"_blank\">selv om nestleder Ingrid Liland nylig hadde lovet Nettavisen \u00e5 felle St\u00f8re dersom statsministeren ikke snudde.<\/a><\/p>\n<p>MDG br\u00f8t forhandlingene i helgen, nettopp p\u00e5 grunn av det de mente var manglende klimaambisjoner i budsjettet, men ble de til slutt enige med Arbeiderpartiet, blant annet om \u00e5 nedsette en kommisjon for avvikling av oljeindustrien i Norge.<\/p>\n<p><b>Les ogs\u00e5 denne: <a href=\"https:\/\/www.nettavisen.no\/nyheter\/nettavisen-avslorer-rodt-tok-rotta-pa-sv-fjernet-islamsk-rad-pa-overtid\/s\/5-95-2757300\" rel=\"Follow nofollow noopener\" target=\"_blank\">Nettavisen avsl\u00f8rer: Slik tok de rotta p\u00e5 SV p\u00e5 tampen<\/a><\/b><\/p>\n<p>    Vil du se neste video?<\/p>\n<p>    <a href=\"https:\/\/www.nettavisen.no\/fredrik-solvang\/jonas-gahr-store\/debatten\/fredrik-solvang-himler-av-jonas-gahr-store-men-i-alle\/v\/5-95-2751917\" class=\"recommend-poster\" data-adp-clicklabel=\"video-recommend\" data-adp-clickvalue=\"poster\" rel=\"nofollow noopener\" target=\"_blank\"><br \/>\n      <img decoding=\"async\" width=\"200\" height=\"200\" loading=\"lazy\" src=\"https:\/\/www.europesays.com\/no\/wp-content\/uploads\/2025\/11\/Solvang+bredde.jpg\" alt=\"\" class=\"brick-c-cFOWSL\" style=\"--brick-image-ratio: 200 \/ 200;\"\/><\/p>\n<p>Himler av St\u00f8re: \u2013 Men i alle\u20261:06<\/p>\n<p>    <\/a><\/p>\n<p>Startet prosessen onsdag morgen<\/p>\n<p>Partilederen skal ogs\u00e5 ha argumentert for at MDGs forhandlingsposisjon hadde blitt svekket av \u00e5 bryte forhandlingene i helgen.<\/p>\n<p>Bruddet hadde gitt MDG noen verdifulle \u00f8yeblikk i mediene hvor man viste Norge at partiet mente alvor, men det var urealistisk \u00e5 tro at det skulle lede til st\u00f8rre politiske gjennomslag, var Hermstads poeng erfarer Nettavisen.<\/p>\n<p>Tidligere samme dag, i partiets gruppem\u00f8te klokken 09, kom forvarselet for det som flere i MDG sier de opplevde som en Hermstad-ledet retrett overfor Ap senere samme dag.<\/p>\n<p>Flere i partiet tok da til orde for at man m\u00e5tte st\u00e5 l\u00f8pet ut n\u00e5, og st\u00e5 i konflikten til man hadde f\u00e5tt st\u00f8rre politisk gjennomslag. \u00c5 gi seg p\u00e5 onsdag, to dager f\u00f8r den nye fristen, ga ingen mening, ble det hevdet.<\/p>\n<p>Men Hermstad klar p\u00e5 at MDG n\u00e5 skulle g\u00e5 inn for landing og finne en l\u00f8sning selv om prim\u00e6rkravene ikke var innfridd, s\u00e6rlig p\u00e5 olje. <\/p>\n<p>   <img decoding=\"async\" width=\"6048\" height=\"4024\" fetchpriority=\"low\"  loading=\"lazy\"  src=\"https:\/\/www.europesays.com\/no\/wp-content\/uploads\/2025\/12\/841_1.jpg\" alt=\"Vi fulgte Fr\u00f8ya Skjold Sjurs\u00e6ther en dag fra kollektivet p\u00e5 Gr\u00fcnerl\u00f8kka til frokostm\u00f8te,Stortinget, podkastinnspilling og benkem\u00f8te med Bergen N\u00e6ringsr\u00e5d\" class=\"brick-c-cFOWSL\" style=\"--brick-image-ratio: 6048 \/ 4024;\"\/><\/p>\n<p>      T\u00c5RER: If\u00f8lge Nettavisens opplysninger fra MDG-stjerne Fr\u00f8ya Sjurs\u00e6ther blant dem som gr\u00e5t i utmattelse og frustrasjon over kompromisset med Ap.<br \/>\n      Foto: Anna Maud Hersvik (NTB)\n    <\/p>\n<p>  \u2013 Vi har ikke f\u00e5tt til noe p\u00e5 olje<\/p>\n<p>Seansen blir omtalt som \u00abvoksenkjeft\u00bb av Nettavisens kilder, som sier Hermstad skj\u00f8t ned optimistene i partiet med klar beskjed: Det er nok br\u00e5k n\u00e5.<\/p>\n<p>\u2013 Vi har ikke f\u00e5tt til noe som helst p\u00e5 olje, sier en sentral MDG-er til Nettavisen i dag.<\/p>\n<p>Vedkommende uttaler seg anonymt for \u00e5 kunne snakke fritt.<\/p>\n<p>\u2013 Kommisjonen som settes ned skal levere en utredning som blir lagt rett i skuffen. Det er vedtatt en verbal p\u00e5 prising av CO2 som Stortinget f\u00e5r anledning til \u00e5 overkj\u00f8re hvert eneste \u00e5r. Den er heller ikke verdt noe som helst, legger vedkommende til.<\/p>\n<p><b>Lest denne? <a rel=\"Follow nofollow noopener\" href=\"https:\/\/www.nettavisen.no\/nyheter\/nrk-podkast-avpublisert-harselerte-med-mdg-profil-eivind-tradal\/s\/5-95-2757209\" target=\"_blank\">NRK-podkast avpublisert: Harselerte med MDG-profil<\/a><\/b><\/p>\n<p>Dramatisk natt<\/p>\n<p>SV og MDG ble natt til i dag enige med Ap, Sp og R\u00f8dt om et statsbudsjett for neste \u00e5r. Dette kommer etter at b\u00e5de MDG og SV ikke fant noen enighet f\u00f8r fristen i helgen.<\/p>\n<p>Nasjonalt m\u00e5nedskort, styrket naturvern og et stort taktskifte i norsk oljepolitikk er noe det MDG opplyser \u00e5 ha f\u00e5tt gjennomslag for i budsjettforhandlingene.<\/p>\n<p>Enigheten mellom de fem partiene kom midt p\u00e5 natten, natt til onsdag. Klokka 2 innkalte de til en felles pressekonferanse i Stortinget.<\/p>\n","protected":false},"excerpt":{"rendered":"Sentralstyrem\u00f8tet begynte klokken 17 i g\u00e5r, og det ble straks klart at m\u00f8tet skulle handle om \u00e5 finne&hellip;\n","protected":false},"author":2,"featured_media":103247,"comment_status":"","ping_status":"","sticky":false,"template":"","format":"standard","meta":{"footnotes":""},"categories":[10],"tags":[20,21,24,25,15,22,23,13,30,28,29,14,16,26,27],"class_list":{"0":"post-103246","1":"post","2":"type-post","3":"status-publish","4":"format-standard","5":"has-post-thumbnail","7":"category-norge","8":"tag-breaking-news","9":"tag-breakingnews","10":"tag-featured-news","11":"tag-featurednews","12":"tag-headlines","13":"tag-latest-news","14":"tag-latestnews","15":"tag-news","16":"tag-no","17":"tag-norge","18":"tag-norway","19":"tag-nyheter","20":"tag-overskrifter","21":"tag-top-stories","22":"tag-topstories"},"share_on_mastodon":{"url":"https:\/\/pubeurope.com\/@no\/115656146925648426","error":""},"_links":{"self":[{"href":"https:\/\/www.europesays.com\/no\/wp-json\/wp\/v2\/posts\/103246","targetHints":{"allow":["GET"]}}],"collection":[{"href":"https:\/\/www.europesays.com\/no\/wp-json\/wp\/v2\/posts"}],"about":[{"href":"https:\/\/www.europesays.com\/no\/wp-json\/wp\/v2\/types\/post"}],"author":[{"embeddable":true,"href":"https:\/\/www.europesays.com\/no\/wp-json\/wp\/v2\/users\/2"}],"replies":[{"embeddable":true,"href":"https:\/\/www.europesays.com\/no\/wp-json\/wp\/v2\/comments?post=103246"}],"version-history":[{"count":0,"href":"https:\/\/www.europesays.com\/no\/wp-json\/wp\/v2\/posts\/103246\/revisions"}],"wp:featuredmedia":[{"embeddable":true,"href":"https:\/\/www.europesays.com\/no\/wp-json\/wp\/v2\/media\/103247"}],"wp:attachment":[{"href":"https:\/\/www.europesays.com\/no\/wp-json\/wp\/v2\/media?parent=103246"}],"wp:term":[{"taxonomy":"category","embeddable":true,"href":"https:\/\/www.europesays.com\/no\/wp-json\/wp\/v2\/categories?post=103246"},{"taxonomy":"post_tag","embeddable":true,"href":"https:\/\/www.europesays.com\/no\/wp-json\/wp\/v2\/tags?post=103246"}],"curies":[{"name":"wp","href":"https:\/\/api.w.org\/{rel}","templated":true}]}}