{"id":103257,"date":"2025-12-03T14:47:10","date_gmt":"2025-12-03T14:47:10","guid":{"rendered":"https:\/\/www.europesays.com\/no\/103257\/"},"modified":"2025-12-03T14:47:10","modified_gmt":"2025-12-03T14:47:10","slug":"vil-beskytte-familien-min","status":"publish","type":"post","link":"https:\/\/www.europesays.com\/no\/103257\/","title":{"rendered":"\u2013 Vil beskytte familien min"},"content":{"rendered":"\n<p class=\"_lead_o9xde_2 _lead_xtcu6_50 layout-component text-serif-m layout-normal text-serif-l layout-component layout-wide layout-padded _wide_17hqh_1 layout-padded\">Manchester United-manager Ruben Amorim styrer unna det som blir sagt om ham p\u00e5 TV og i avisene. Han sier han m\u00e5 beskytte egen helse og de n\u00e6rmeste.<\/p>\n<p><img alt=\"Ruben Amorim skjermer seg fra netthetsen.  Foto: Ian Walton \/ AP \/ NTB\" class=\"_image_qp4xg_65 layout-component layout-wide\" data-fullscreen- data-track-element-type=\"Article image fullscreen\" data-track-name=\"ImageFullscreen\" fetchpriority=\"high\" decoding=\"sync\" loading=\"eager\" height=\"1218\" itemprop=\"image\"  src=\"https:\/\/www.europesays.com\/no\/wp-content\/uploads\/2025\/12\/295ec318-2080-4922-9966-f3873cab0e79\"  style=\"object-position:0% 0%\" width=\"1827\"\/>Ruben Amorim skjermer seg fra netthetsen.  Foto: Ian Walton \/ AP \/ NTB<\/p>\n<ul aria-hidden=\"true\" class=\"_images_1uft6_111\">\n<li><a class=\"_link_1uft6_116\" href=\"https:\/\/www.vg.no\/forfatter\/ntb\" style=\"z-index:1\" title=\"NTB\" rel=\"nofollow noopener\" target=\"_blank\"><img alt=\"Bilde av NTB\" class=\"_image_1uft6_93\" fetchpriority=\"low\" loading=\"lazy\" decoding=\"async\" itemprop=\"image\"  src=\"https:\/\/www.europesays.com\/no\/wp-content\/uploads\/2025\/12\/1764773230_615_c33980b0-5d07-4027-84a1-813f90a7c8d6\"  width=\"480\"\/><\/a><\/li>\n<\/ul>\n<p> Oppdatert onsdag 3. desember kl. 15:10     <\/p>\n<p class=\"_paragraph_o9xde_4 _paragraph_xtcu6_10 layout-component text-serif-m layout-normal text-serif-m layout-padded\">P\u00e5 en pressekonferanse onsdag fikk Amorim sp\u00f8rsm\u00e5l om netthetsen han til stadighet blir utsatt for.<\/p>\n<p class=\"_paragraph_o9xde_4 _paragraph_xtcu6_10 layout-component text-serif-m layout-normal text-serif-m layout-padded\">\u2013 Jeg leser det ikke, jeg beskytter meg selv. Jeg ser ikke p\u00e5 TV n\u00e5r de snakker om <a href=\"https:\/\/www.vg.no\/tag\/manchester-united?utm_source=vg-article&amp;utm_medium=auto-tagger&amp;utm_campaign=j09Vkz\" class=\"_link_o9xde_39\" rel=\"nofollow noopener\" target=\"_blank\">Manchester United<\/a>. Ikke fordi jeg ikke er enig i det som blir sagt, det er jeg ofte, men det er en m\u00e5te \u00e5 ta vare p\u00e5 egen helse p\u00e5, sa Amorim.<\/p>\n<p class=\"_paragraph_o9xde_4 _paragraph_xtcu6_10 layout-component text-serif-m layout-normal text-serif-m layout-padded\">\u2013 Mine egne f\u00f8lelser som trener er nok, jeg trenger ikke andres f\u00f8lelser. Den eneste m\u00e5ten \u00e5 h\u00e5ndtere ting p\u00e5, og det finnes ingen annen m\u00e5te, er \u00e5 beskytte meg selv, la han til.<\/p>\n<p class=\"_paragraph_o9xde_4 _paragraph_xtcu6_10 layout-component text-serif-m layout-normal text-serif-m layout-padded\"> Sitatene er gjengitt av <a href=\"https:\/\/www.bbc.com\/sport\/football\/live\/cx2eqvj9gg2t\" class=\"_link_o9xde_39\" rel=\"nofollow noopener\" target=\"_blank\">BBC<\/a>.<\/p>\n<p class=\"_paragraph_o9xde_4 _paragraph_xtcu6_10 layout-component text-serif-m layout-normal text-serif-m layout-padded\">United-manageren er tydelig p\u00e5 at det kunne v\u00e6rt fordeler i \u00e5 v\u00e6re mer aktiv i sosiale medier.<\/p>\n<p class=\"_paragraph_o9xde_4 _paragraph_xtcu6_10 layout-component text-serif-m layout-normal text-serif-m layout-padded\">\u2013 Selvf\u00f8lgelig taper jeg penger fra sponsorer. P\u00e5 Instagram kunne jeg tjent mye penger, men jeg vil beskytte familien min og leve et normalt liv framfor \u00e5 tjene noen flere dollar eller pund. Det er ikke verdt det, sa portugiseren.<\/p>\n<p class=\"_paragraph_o9xde_4 _paragraph_xtcu6_10 layout-component text-serif-m layout-normal text-serif-m layout-padded\">United har svingt voldsomt i prestasjonene denne sesongen. Amorim sier at ingen er t\u00f8ffere i bed\u00f8mmelsen enn han selv n\u00e5r laget taper og ikke spiller bra. Derfor har han ikke behov for tilbakemeldinger fra offentligheten.<\/p>\n<p class=\"_paragraph_o9xde_4 _paragraph_xtcu6_10 layout-component text-serif-m layout-normal text-serif-m layout-padded\">Torsdag venter West Ham i Premier League for portugiserens elever. Til den kampen har han skadeplagede Matheus Cunha tilgjengelig igjen.<\/p>\n<p class=\"_paragraph_o9xde_4 _paragraph_xtcu6_10 layout-component text-serif-m layout-normal text-serif-m layout-padded\">Amorim sa samtidig onsdag at to ikke navngitte spillere er usikre p\u00e5 grunn av skader. <\/p>\n","protected":false},"excerpt":{"rendered":"Manchester United-manager Ruben Amorim styrer unna det som blir sagt om ham p\u00e5 TV og i avisene. Han&hellip;\n","protected":false},"author":2,"featured_media":103258,"comment_status":"","ping_status":"","sticky":false,"template":"","format":"standard","meta":{"footnotes":""},"categories":[59],"tags":[158,30,28,29,161,192,83,82],"class_list":{"0":"post-103257","1":"post","2":"type-post","3":"status-publish","4":"format-standard","5":"has-post-thumbnail","7":"category-sport","8":"tag-manchester-united","9":"tag-no","10":"tag-norge","11":"tag-norway","12":"tag-premier-league","13":"tag-ruben-amorim","14":"tag-sport","15":"tag-sports"},"share_on_mastodon":{"url":"https:\/\/pubeurope.com\/@no\/115656185965011792","error":""},"_links":{"self":[{"href":"https:\/\/www.europesays.com\/no\/wp-json\/wp\/v2\/posts\/103257","targetHints":{"allow":["GET"]}}],"collection":[{"href":"https:\/\/www.europesays.com\/no\/wp-json\/wp\/v2\/posts"}],"about":[{"href":"https:\/\/www.europesays.com\/no\/wp-json\/wp\/v2\/types\/post"}],"author":[{"embeddable":true,"href":"https:\/\/www.europesays.com\/no\/wp-json\/wp\/v2\/users\/2"}],"replies":[{"embeddable":true,"href":"https:\/\/www.europesays.com\/no\/wp-json\/wp\/v2\/comments?post=103257"}],"version-history":[{"count":0,"href":"https:\/\/www.europesays.com\/no\/wp-json\/wp\/v2\/posts\/103257\/revisions"}],"wp:featuredmedia":[{"embeddable":true,"href":"https:\/\/www.europesays.com\/no\/wp-json\/wp\/v2\/media\/103258"}],"wp:attachment":[{"href":"https:\/\/www.europesays.com\/no\/wp-json\/wp\/v2\/media?parent=103257"}],"wp:term":[{"taxonomy":"category","embeddable":true,"href":"https:\/\/www.europesays.com\/no\/wp-json\/wp\/v2\/categories?post=103257"},{"taxonomy":"post_tag","embeddable":true,"href":"https:\/\/www.europesays.com\/no\/wp-json\/wp\/v2\/tags?post=103257"}],"curies":[{"name":"wp","href":"https:\/\/api.w.org\/{rel}","templated":true}]}}