{"id":103275,"date":"2025-12-03T15:06:10","date_gmt":"2025-12-03T15:06:10","guid":{"rendered":"https:\/\/www.europesays.com\/no\/103275\/"},"modified":"2025-12-03T15:06:10","modified_gmt":"2025-12-03T15:06:10","slug":"espen-fiveland-sykmeldt-etter-skulderoperasjon","status":"publish","type":"post","link":"https:\/\/www.europesays.com\/no\/103275\/","title":{"rendered":"Espen Fiveland sykmeldt etter skulderoperasjon:"},"content":{"rendered":"<p class=\"kicker \" style=\"\">Espen Fiveland:\u00a0<\/p>\n<p>  \u00abGod morgen Norge\u00bb-programlederen m\u00e5 hvile og blir derfor borte fra TV-skjermen.\u00a0<\/p>\n<p>\n    PROGRAMLEDERE: Espen Fiveland er sykemeldt etter en planlagt operasjon. Her avbildet sammen med \u00abGod morgen Norge\u00bb-kollega Peter Bubresko. Foto: Andreas Fadum\/Se og H\u00f8r\n  <\/p>\n<p>\u00abGod morgen Norge\u00bb-programleder Espen Fiveland (51) er for tiden sykemeldt fra TV 2 etter en planlagt skulderoperasjon.<\/p>\n<p>Overfor kanalen sier Fiveland at det er lite dramatikk til det hele, men at han har slitt med stiv nakke og skuldre i flere \u00e5r etter en gammel skade.\u00a0<\/p>\n<p>    <a itemprop=\"url\" href=\"https:\/\/www.seher.no\/kjendis\/vekker-oppsikt-med-nytt-bilde\/83923870\" rel=\"nofollow noopener\" target=\"_blank\"><\/p>\n<p>      <img loading=\"lazy\" decoding=\"async\" src=\"https:\/\/www.europesays.com\/no\/wp-content\/uploads\/2025\/12\/83923974.webp\" width=\"980\" height=\"441\" title=\"Vekker oppsikt med nytt bilde\" alt=\"\" class=\"lazyload\" style=\"--aspect-ratio-image: 2.22; \"\/><\/p>\n<p>        Vekker oppsikt med nytt bilde<\/p>\n<p>    <\/a><\/p>\n<p><a href=\"https:\/\/www.tv2.no\/underholdning\/avslorer-inngrep-en-liten-stopper-i-livet\/18343206\/\" rel=\"nofollow noopener\" target=\"_blank\">TV 2<\/a> omtalte saken f\u00f8rst.<\/p>\n<p>&#8211; Jeg har antageligvis en gammel skade der, eller en kronisk avrivning eller noe s\u00e5nt. S\u00e5 jeg har hatt en operasjon for \u00e5 f\u00e5 flyttet p\u00e5 en muskelscene, fjernet noen bein og masse betennelse. Det var en del som m\u00e5tte ryddes opp i i skulderen, sier han til TV 2.\u00a0<\/p>\n<p>          <img loading=\"lazy\" decoding=\"async\" src=\"https:\/\/www.europesays.com\/no\/wp-content\/uploads\/2025\/12\/83933979.webp\" width=\"686\" height=\"913\" title=\"SYKMELDT: Espen Fiveland m\u00e5 ha h\u00e5nd og skulder i fatle etter operasjonen. Foto: Privat\" alt=\"\" class=\"\" style=\"--aspect-ratio-image: 0.75; \"\/><\/p>\n<p>\n          SYKMELDT: Espen Fiveland m\u00e5 ha h\u00e5nd og skulder i fatle etter operasjonen. Foto: Privat\n      <\/p>\n<p class=\"italic m-italic\" data-lab-italic=\"italic\">Se og H\u00f8r har v\u00e6rt i kontakt med Espen Fiveland som ikke har noen ytterligere kommentar.<\/p>\n<p>I den kommende tiden m\u00e5 programlederen ta det med ro for \u00e5 unng\u00e5 betennelse. Han er derfor sykmeldt fra \u00abGod morgen Norge\u00bb i 1,5 uke.\u00a0<\/p>\n<p>N\u00e5 er Fiveland i gang med opptrening av skulderen, som vil ta sin tid. Han har blant annet f\u00e5tt beskjed om at han ikke skal l\u00f8fte noe tyngre enn en melkekartong med h\u00f8yreh\u00e5nden p\u00e5 tre m\u00e5neder.\u00a0<\/p>\n<p>        SKATTELISTENE: Hvem tjener egentlig mest i GUTTA \u2013 og hvem sjokkerer p\u00e5 skattelistene fra Skal vi danse? Her f\u00e5r du svaret. Reporter: Thea Hope \/ Silja Furset<\/p>\n<p>Etter operasjonen har 51-\u00e5ringen m\u00e5ttet g\u00e5 med armen i fatle, ettersom h\u00f8yrearmen er vanskelig \u00e5 bruke. Han kan ikke gj\u00f8re husarbeid, og han m\u00e5 ogs\u00e5 vente med \u00e5 g\u00e5 p\u00e5 ski og l\u00f8pe.\u00a0<\/p>\n<p>&#8211; L\u00f8pingen, som jeg hadde kommet virkelig i gang med, ryker ogs\u00e5. S\u00e5 jeg m\u00e5 starte litt fra \u00abscratch\u00bb p\u00e5 ny\u00e5ret en gang. S\u00e5 det setter en liten stopper i livet, men det g\u00e5r greit.\u00a0Jeg m\u00e5 bare v\u00e6re t\u00e5lmodig, forteller han videre.<\/p>\n<p>    <a itemprop=\"url\" href=\"https:\/\/www.seher.no\/kjendis\/apner-opp-skjor-og-usikker\/83931863\" rel=\"nofollow noopener\" target=\"_blank\"><\/p>\n<p>      <img loading=\"lazy\" decoding=\"async\" src=\"https:\/\/www.europesays.com\/no\/wp-content\/uploads\/2025\/12\/83931548.webp\" width=\"980\" height=\"441\" title=\"\u00c5pner opp: - Skj\u00f8r og usikker\" alt=\"\" class=\"lazyload\" style=\"--aspect-ratio-image: 2.22; \"\/><\/p>\n<p>        \u00c5pner opp: &#8211; Skj\u00f8r og usikker<\/p>\n<p>    <\/a><\/p>\n<p>Avslutningsvis er Fiveland klar p\u00e5 at han ikke har noe \u00e5 klage over, ettersom han har venner som opplever mer alvorlig sykdom.\u00a0<\/p>\n","protected":false},"excerpt":{"rendered":"Espen Fiveland:\u00a0 \u00abGod morgen Norge\u00bb-programlederen m\u00e5 hvile og blir derfor borte fra TV-skjermen.\u00a0 PROGRAMLEDERE: Espen Fiveland er sykemeldt&hellip;\n","protected":false},"author":2,"featured_media":103276,"comment_status":"","ping_status":"","sticky":false,"template":"","format":"standard","meta":{"footnotes":""},"categories":[58],"tags":[71,7471,479,2543,30,28,29,3792,13041,72],"class_list":{"0":"post-103275","1":"post","2":"type-post","3":"status-publish","4":"format-standard","5":"has-post-thumbnail","7":"category-underholdning","8":"tag-entertainment","9":"tag-espen-fiveland","10":"tag-kjendis","11":"tag-kjendisdesken","12":"tag-no","13":"tag-norge","14":"tag-norway","15":"tag-operasjon","16":"tag-sykemeldt","17":"tag-underholdning"},"share_on_mastodon":{"url":"https:\/\/pubeurope.com\/@no\/115656260626799374","error":""},"_links":{"self":[{"href":"https:\/\/www.europesays.com\/no\/wp-json\/wp\/v2\/posts\/103275","targetHints":{"allow":["GET"]}}],"collection":[{"href":"https:\/\/www.europesays.com\/no\/wp-json\/wp\/v2\/posts"}],"about":[{"href":"https:\/\/www.europesays.com\/no\/wp-json\/wp\/v2\/types\/post"}],"author":[{"embeddable":true,"href":"https:\/\/www.europesays.com\/no\/wp-json\/wp\/v2\/users\/2"}],"replies":[{"embeddable":true,"href":"https:\/\/www.europesays.com\/no\/wp-json\/wp\/v2\/comments?post=103275"}],"version-history":[{"count":0,"href":"https:\/\/www.europesays.com\/no\/wp-json\/wp\/v2\/posts\/103275\/revisions"}],"wp:featuredmedia":[{"embeddable":true,"href":"https:\/\/www.europesays.com\/no\/wp-json\/wp\/v2\/media\/103276"}],"wp:attachment":[{"href":"https:\/\/www.europesays.com\/no\/wp-json\/wp\/v2\/media?parent=103275"}],"wp:term":[{"taxonomy":"category","embeddable":true,"href":"https:\/\/www.europesays.com\/no\/wp-json\/wp\/v2\/categories?post=103275"},{"taxonomy":"post_tag","embeddable":true,"href":"https:\/\/www.europesays.com\/no\/wp-json\/wp\/v2\/tags?post=103275"}],"curies":[{"name":"wp","href":"https:\/\/api.w.org\/{rel}","templated":true}]}}