{"id":103304,"date":"2025-12-03T15:49:19","date_gmt":"2025-12-03T15:49:19","guid":{"rendered":"https:\/\/www.europesays.com\/no\/103304\/"},"modified":"2025-12-03T15:49:19","modified_gmt":"2025-12-03T15:49:19","slug":"novalie-9-fra-er-dod","status":"publish","type":"post","link":"https:\/\/www.europesays.com\/no\/103304\/","title":{"rendered":"Novalie (9) fra er d\u00f8d"},"content":{"rendered":"<p>  For seks \u00e5r siden fikk mamma Marlene en knusende beskjed av legene. N\u00e5 er dattera Novalie (9) d\u00f8d.\u00a0<\/p>\n<p>\n    KJ\u00c6RLIGHET: Mamma Marlene hadde masse kj\u00e6rlighet \u00e5 gi til Novalie. N\u00e5 er ni\u00e5ringen d\u00f8d. Foto: John T. Pedersen \/ Dagbladet\n  <\/p>\n<p>Novalie hadde barnedemens, og seinest i juni <a href=\"https:\/\/www.dagbladet.no\/nyheter\/sjokkbeskjeden-ville-ga-i-doden\/83172715\" rel=\"nofollow noopener\" target=\"_blank\">fortalte mamma Marlene<\/a> om livet med sykdommen, da Dagbladet m\u00f8tte dem hjemme p\u00e5 Mortensrud i Oslo.\u00a0<\/p>\n<p class=\"font-weight-normal m-font-weight-normal\" data-lab-font_weight=\"font-weight-normal\">N\u00e5 er dattera d\u00f8d. Det bekrefter mora overfor Dagbladet.<\/p>\n<p class=\"font-weight-normal m-font-weight-normal\" data-lab-font_weight=\"font-weight-normal\">P\u00e5 <a href=\"https:\/\/www.facebook.com\/story.php?story_fbid=1269230881916978&amp;id=100064902331361&amp;mibextid=wwXIfr&amp;rdid=UdgClOOqrGZlQJPg#\" rel=\"nofollow noopener\" target=\"_blank\">Facebook<\/a>\u00a0skriver L\u00f8vemammaene, som er en organisasjon som jobber for rettighetene til barn og unge med sykdom og funksjonsvariasjon, om d\u00f8dsfallet:\u00a0<\/p>\n<p class=\"font-weight-bold m-font-weight-bold\" data-lab-font_weight=\"font-weight-bold\"> &#8211; Den h\u00f8yt elskede datteren til Marlene og Henrik, eventyrjenta med Rapunzel-h\u00e5ret, d\u00f8de i g\u00e5r 2. desember, skriver\u00a0de.<\/p>\n<p>Familien har godkjent at Dagbladet kan omtale d\u00f8dsfallet.\u00a0<\/p>\n<p>    <a itemprop=\"url\" href=\"https:\/\/www.dagbladet.no\/nyheter\/sjokkbeskjeden-ville-ga-i-doden\/83172715\" rel=\"nofollow noopener\" target=\"_blank\"><\/p>\n<p>      <img loading=\"lazy\" decoding=\"async\" src=\"https:\/\/www.europesays.com\/no\/wp-content\/uploads\/2025\/12\/83175992.webp\" width=\"980\" height=\"441\" title=\"Sjokkbeskjeden: - Ville g\u00e5 i d\u00f8den\" alt=\"\" class=\"lazyload\" style=\"--aspect-ratio-image: 2.22; \"\/><\/p>\n<p>        Sjokkbeskjeden: &#8211; Ville g\u00e5 i d\u00f8den<\/p>\n<p>    <\/a><\/p>\n<p>Frisk som baby\t<\/p>\n<p>Novalie ble f\u00f8dt i mai 2016. Hun var helt frisk, utviklet seg som alle andre babyer.<\/p>\n<p class=\"font-weight-bold m-font-weight-bold\" data-lab-font_weight=\"font-weight-bold\">&#8211; Novalie var en liten ramp, men s\u00f8t nok til \u00e5 slippe unna med det meste, har mamma Marlene tidligere fortalt.<\/p>\n<p>          <img loading=\"lazy\" decoding=\"async\" src=\"https:\/\/www.europesays.com\/no\/wp-content\/uploads\/2025\/12\/83933039.webp\" width=\"686\" height=\"392\" title=\"UREDD: Marlene beskriver den lille jenta som en liten ramp i barndommen. Foto: Privat\" alt=\"\" class=\"\" style=\"--aspect-ratio-image: 1.75; \"\/><\/p>\n<p>\n          UREDD: Marlene beskriver den lille jenta som en liten ramp i barndommen. Foto: Privat\n      <\/p>\n<p>Like f\u00f8r hun fylte to \u00e5r, begynte jenta \u00e5 bli ust\u00f8. Hun deiset i bakken, klarte ikke \u00e5 ta seg imot. Ord forsvant, hodet beveget seg ufrivillig.<\/p>\n<p> Det tok et helt \u00e5r f\u00f8r familien fikk svar. <\/p>\n<p>Fikk sjokkbeskjeden\t<\/p>\n<p> Novalie, snart tre \u00e5r, satt blid og forn\u00f8yd p\u00e5 mammas fang da de fikk den knusende beskjeden p\u00e5 Rikshospitalet. <\/p>\n<p>Fire blokkbokstaver: INCL.<\/p>\n<p>          <img loading=\"lazy\" decoding=\"async\" src=\"https:\/\/www.europesays.com\/no\/wp-content\/uploads\/2025\/12\/83933542.webp\" width=\"686\" height=\"913\" title=\"R\u00d8RTE NORGE: Novalie sammen med mamma i bassenget i 2023. Faksimile: Dagbladet Magasinet\" alt=\"\" class=\"\" style=\"--aspect-ratio-image: 0.75; \"\/><\/p>\n<p>\n          R\u00d8RTE NORGE: Novalie sammen med mamma i bassenget i 2023. Faksimile: Dagbladet Magasinet\n      <\/p>\n<p class=\"font-weight-bold m-font-weight-bold\" data-lab-font_weight=\"font-weight-bold\">En genetisk sykdom.\u00a0Infantil nevronal ceroid lipofuscinose. Ogs\u00e5 kalt barnedemens. INCL rammer sentralnervesystemet.<\/p>\n<p>&#8211; Det betydde at Novalie skulle fortsette \u00e5 miste alle evner, forklarer Marlene.<\/p>\n<p>Epilepsi, blindhet, stivhet, pusteproblemer.<\/p>\n<p>    <a itemprop=\"url\" href=\"https:\/\/www.dagbladet.no\/kjendis\/jeg-har-levd-som-en-idiot\/83738134\" rel=\"nofollow noopener\" target=\"_blank\"><\/p>\n<p>      <img loading=\"lazy\" decoding=\"async\" src=\"https:\/\/www.europesays.com\/no\/wp-content\/uploads\/2025\/12\/1764776955_737_83738249.webp\" width=\"980\" height=\"441\" title=\"- Jeg har levd som en idiot\" alt=\"\" class=\"lazyload\" style=\"--aspect-ratio-image: 2.22; \"\/><\/p>\n<p>        &#8211; Jeg har levd som en idiot<\/p>\n<p>    <\/a><\/p>\n<p> &#8211; Novalie var fra diagnosetidspunktet regnet som\u00a0palliativ. Barn med diagnosen blir mellom sju til elleve \u00e5r gamle, fortalte mora videre.<\/p>\n<p>Pleietrengende\t<\/p>\n<p> Sykdommen utvikler seg raskt.\u00a0Da Novalie fylte fire, var hun hundre prosent pleietrengende. <\/p>\n<p>Men for familien var hun mye mer.\u00a0 Marlene og Henrik hadde fortsatt sm\u00e5, gylne \u00f8yeblikk med dattera. De korte stundene hvor alt var perfekt. <\/p>\n<p>          <img loading=\"lazy\" decoding=\"async\" src=\"https:\/\/www.europesays.com\/no\/wp-content\/uploads\/2025\/12\/83933151.webp\" width=\"980\" height=\"559\" title=\"JENTETING: Novalie var ei jente som elsket dyr, musikk, neglelakk og jenteting, if\u00f8lge mora. Foto: John T. Pedersen\/Dagbladet\" alt=\"\" class=\"\" style=\"--aspect-ratio-image: 1.75; \"\/><\/p>\n<p>\n          JENTETING: Novalie var ei jente som elsket dyr, musikk, neglelakk og jenteting, if\u00f8lge mora. Foto: John T. Pedersen\/Dagbladet\n      <\/p>\n<p>\u00a0De kalte det \u00abhonning-\u00f8yeblikk\u00bb.<\/p>\n<p class=\"font-weight-bold m-font-weight-bold\" data-lab-font_weight=\"font-weight-bold\">&#8211; Bare det at hun smiler litt, eller at vi ser at hun f\u00f8lger med, er et slikt \u00f8yeblikk, kunne mamma fortelle tidligere i \u00e5r.<\/p>\n<p>&#8211; Utrolig vond \u00e5 miste\t<\/p>\n<p>Novalie ble ni \u00e5r og sju m\u00e5neder gammel.<\/p>\n<p>    <a itemprop=\"url\" href=\"https:\/\/www.dagbladet.no\/nyheter\/sjokket-dod-i-lopet-av-timer\/83552111\" rel=\"nofollow noopener\" target=\"_blank\"><\/p>\n<p>      <img loading=\"lazy\" decoding=\"async\" src=\"https:\/\/www.europesays.com\/no\/wp-content\/uploads\/2025\/12\/83593911.webp\" width=\"980\" height=\"441\" title=\"Sjokket: \u00abD\u00f8d i l\u00f8pet av timer\u00bb\" alt=\"\" class=\"lazyload\" style=\"--aspect-ratio-image: 2.22; \"\/><\/p>\n<p>        Sjokket: \u00abD\u00f8d i l\u00f8pet av timer\u00bb<\/p>\n<p>    <\/a><\/p>\n<p>Foreningen L\u00f8vemammaene har opprettet en Spleis til inntekt for det\u00a0 familien m\u00e5tte trenge i den tunge tida.\u00a0<\/p>\n<p>          <img loading=\"lazy\" decoding=\"async\" src=\"https:\/\/www.europesays.com\/no\/wp-content\/uploads\/2025\/12\/83933152.webp\" width=\"980\" height=\"559\" title=\"VAR TERMINAL: Sist vinter var Novalie d\u00f8den n\u00e6r i to dager, s\u00e5 kom hun seg. Tirsdag 2. desember d\u00f8de ni\u00e5ringen. Foto: John T. Pedersen\/Dagbladet\" alt=\"\" class=\"\" style=\"--aspect-ratio-image: 1.75; \"\/><\/p>\n<p>\n          VAR TERMINAL: Sist vinter var Novalie d\u00f8den n\u00e6r i to dager, s\u00e5 kom hun seg. Tirsdag 2. desember d\u00f8de ni\u00e5ringen. Foto: John T. Pedersen\/Dagbladet\n      <\/p>\n<p>Der beskriver de henne med varme ordelag:\u00a0<\/p>\n<p>    <a itemprop=\"url\" href=\"https:\/\/www.dagbladet.no\/nyheter\/plutselig-syk-pa-sommerferie\/83673070\" rel=\"nofollow noopener\" target=\"_blank\"><\/p>\n<p>      <img loading=\"lazy\" decoding=\"async\" src=\"https:\/\/www.europesays.com\/no\/wp-content\/uploads\/2025\/12\/83677460.webp\" width=\"980\" height=\"441\" title=\"Plutselig syk p\u00e5 sommerferie\" alt=\"\" class=\"lazyload\" style=\"--aspect-ratio-image: 2.22; \"\/><\/p>\n<p>        Plutselig syk p\u00e5 sommerferie<\/p>\n<p>    <\/a><\/p>\n<p>&#8211; Divaen med glitterneglene, matchende antrekk og de kuleste solbrillene. Jenta med de mykeste kosene. Jenta med glimt i \u00f8yet og det vakreste smilet . Jenta med en fighterevne av st\u00e5l og et l\u00f8vehjerte av gull. S\u00e5 utrolig god \u00e5 ha. S\u00e5 utrolig vond \u00e5 miste. V\u00e5re hjerter er knust, skriver de.<\/p>\n<p>Les historien om Novalie <a href=\"https:\/\/www.dagbladet.no\/nyheter\/sjokkbeskjeden-ville-ga-i-doden\/83172715\" rel=\"nofollow noopener\" target=\"_blank\">her<\/a>.\u00a0<\/p>\n","protected":false},"excerpt":{"rendered":"For seks \u00e5r siden fikk mamma Marlene en knusende beskjed av legene. N\u00e5 er dattera Novalie (9) d\u00f8d.\u00a0&hellip;\n","protected":false},"author":2,"featured_media":103305,"comment_status":"","ping_status":"","sticky":false,"template":"","format":"standard","meta":{"footnotes":""},"categories":[10],"tags":[20,21,576,24,25,15,2539,22,23,13,30,28,29,14,16,4005,1185,26,27],"class_list":{"0":"post-103304","1":"post","2":"type-post","3":"status-publish","4":"format-standard","5":"has-post-thumbnail","7":"category-norge","8":"tag-breaking-news","9":"tag-breakingnews","10":"tag-dodsfall","11":"tag-featured-news","12":"tag-featurednews","13":"tag-headlines","14":"tag-innenriks","15":"tag-latest-news","16":"tag-latestnews","17":"tag-news","18":"tag-no","19":"tag-norge","20":"tag-norway","21":"tag-nyheter","22":"tag-overskrifter","23":"tag-some","24":"tag-sykdom","25":"tag-top-stories","26":"tag-topstories"},"share_on_mastodon":{"url":"https:\/\/pubeurope.com\/@no\/115656429781875163","error":""},"_links":{"self":[{"href":"https:\/\/www.europesays.com\/no\/wp-json\/wp\/v2\/posts\/103304","targetHints":{"allow":["GET"]}}],"collection":[{"href":"https:\/\/www.europesays.com\/no\/wp-json\/wp\/v2\/posts"}],"about":[{"href":"https:\/\/www.europesays.com\/no\/wp-json\/wp\/v2\/types\/post"}],"author":[{"embeddable":true,"href":"https:\/\/www.europesays.com\/no\/wp-json\/wp\/v2\/users\/2"}],"replies":[{"embeddable":true,"href":"https:\/\/www.europesays.com\/no\/wp-json\/wp\/v2\/comments?post=103304"}],"version-history":[{"count":0,"href":"https:\/\/www.europesays.com\/no\/wp-json\/wp\/v2\/posts\/103304\/revisions"}],"wp:featuredmedia":[{"embeddable":true,"href":"https:\/\/www.europesays.com\/no\/wp-json\/wp\/v2\/media\/103305"}],"wp:attachment":[{"href":"https:\/\/www.europesays.com\/no\/wp-json\/wp\/v2\/media?parent=103304"}],"wp:term":[{"taxonomy":"category","embeddable":true,"href":"https:\/\/www.europesays.com\/no\/wp-json\/wp\/v2\/categories?post=103304"},{"taxonomy":"post_tag","embeddable":true,"href":"https:\/\/www.europesays.com\/no\/wp-json\/wp\/v2\/tags?post=103304"}],"curies":[{"name":"wp","href":"https:\/\/api.w.org\/{rel}","templated":true}]}}