{"id":103308,"date":"2025-12-03T15:55:36","date_gmt":"2025-12-03T15:55:36","guid":{"rendered":"https:\/\/www.europesays.com\/no\/103308\/"},"modified":"2025-12-03T15:55:36","modified_gmt":"2025-12-03T15:55:36","slug":"ingen-mer-utpressing-nrk-urix-utenriksnyheter-og-dokumentarer-2","status":"publish","type":"post","link":"https:\/\/www.europesays.com\/no\/103308\/","title":{"rendered":"\u2013 Ingen mer utpressing \u2013 NRK Urix \u2013 Utenriksnyheter og -dokumentarer"},"content":{"rendered":"<p>\u2013 Vi har gjort det: Europa skrur av krana for russisk gass \u2013 for alltid, kunngjorde EU-kommiss\u00e6r Dan J\u00f8rgensen p\u00e5 <a href=\"https:\/\/x.com\/DanJoergensen\/status\/1996018197703889131\" ec-id=\"https:\/\/x.com\/DanJoergensen\/status\/1996018197703889131\" ec-name=\"X\" rel=\"nofollow\">X<\/a> natt til onsdag.<\/p>\n<p>Europaparlamentet og Ministerr\u00e5det hadde nettopp kommet til enighet om et forslag om \u00e5 forby kj\u00f8p av russisk gass, som EU har fortsatt \u00e5 importere gjennom hele Ukraina-krigen.<\/p>\n<p><strong>Men h\u00f8sten 2027, etter en gradvis utfasing, skal det v\u00e6re slutt, skriver de i en <a href=\"https:\/\/www.consilium.europa.eu\/en\/press\/press-releases\/2025\/12\/03\/council-and-parliament-strike-a-deal-on-rules-to-phase-out-russian-gas-imports-for-an-energy-secure-and-independent-europe\/\" ec-id=\"https:\/\/www.consilium.europa.eu\/en\/press\/press-releases\/2025\/12\/03\/council-and-parliament-strike-a-deal-on-rules-to-phase-out-russian-gas-imports-for-an-energy-secure-and-independent-europe\/\" ec-name=\"pressemelding\" rel=\"nofollow noopener\" target=\"_blank\">pressemelding<\/a>.<\/strong><\/p>\n<p>\u2013 Ingen mer utpressing. Ingen mer manipulering av Putin, skriver J\u00f8rgensen, med henvisning til den russiske presidenten.<\/p>\n<p><img decoding=\"async\"   src=\"data:image\/gif;base64,R0lGODlhAQABAIAAAAAAAP\/\/\/yH5BAEAAAAALAAAAAABAAEAAAIBRAA7\" loading=\"eager\" alt=\"Portrett av danske Dan J\u00f8rgensen, som etter alle solemerker blir EUs neste energi- og boligkommiss\u00e6r.\" title=\"Foto: AP\"\/><\/p>\n<p class=\"\">Energikommiss\u00e6r Dan J\u00f8rgensen sier at Europa n\u00e5 skal bli uavhengige av russisk gass.<\/p>\n<p>Foto: AP<\/p>\n<p>Forbudet skal formelt vedtas f\u00f8r \u00e5ret er omme.<\/p>\n<p>Russlands st\u00f8rste marked<\/p>\n<p>Etter Russlands storinvasjon av Ukraina i 2022 var EU raskt ute med \u00e5 innf\u00f8re et forbud p\u00e5 kj\u00f8p av nesten all russisk olje. Et unntak har imidlertid v\u00e6rt Ungarn og Slovakia, skriver CNN.<\/p>\n<p>Og EU-landene har fortsatt \u00e5 kj\u00f8pe gass. Importen skjer blant annet gjennom en r\u00f8rledning til Tyrkia, og i form av flytende gass (LNG) som leveres med skip til havner.<\/p>\n<p>Importen falt likevel betydelig etter 2022, p\u00e5peker Varg Folkman, analytiker i tenketanken European Policy Center (EPC), til NRK.<\/p>\n<p>\u2013 Lykkes man med \u00e5 kutte resten av den russiske gassen, vil det bety milliarder i tapte inntekter for Russland. Samtidig vet vi at det er mange kj\u00f8pere der ute og at s\u00e6rlig LNG kan sendes til andre kj\u00f8pevillige havner, sier Folkman.\n<\/p>\n<p><img decoding=\"async\"   src=\"data:image\/gif;base64,R0lGODlhAQABAIAAAAAAAP\/\/\/yH5BAEAAAAALAAAAAABAAEAAAIBRAA7\" loading=\"eager\" alt=\"Varg Folkman\" title=\"Foto: European Policy Centre\"\/><\/p>\n<p class=\"\">Varg Folkman mener Russland kan finne andre land som er villige til \u00e5 kj\u00f8pe LNG.<\/p>\n<p>Foto: European Policy Centre<\/p>\n<p>Bare i oktober kj\u00f8pte Europas fem st\u00f8rste import\u00f8rer russisk energi til en verdi av 11 milliarder kroner, if\u00f8lge det finske forskningssenteret <a href=\"https:\/\/energyandcleanair.org\/october-2025-monthly-analysis-of-russian-fossil-fuel-exports-and-sanctions\/\" ec-id=\"https:\/\/energyandcleanair.org\/october-2025-monthly-analysis-of-russian-fossil-fuel-exports-and-sanctions\/\" ec-name=\"Crea\" rel=\"nofollow noopener\" target=\"_blank\">Crea<\/a>.<\/p>\n<p><strong>De p\u00e5peker at EU har v\u00e6rt den st\u00f8rste kj\u00f8peren av russisk gass mens storkrigen i Ukraina har rast. Selv om inntektene bare utgj\u00f8r en liten andel av de fra r\u00e5oljen som Russland eksporterer til Kina og India.<\/strong><\/p>\n<p><img decoding=\"async\"   src=\"data:image\/gif;base64,R0lGODlhAQABAIAAAAAAAP\/\/\/yH5BAEAAAAALAAAAAABAAEAAAIBRAA7\" loading=\"eager\" alt=\"Et tankskip med navnet &quot;Sun Arrows&quot; ligger til kai ved en industrihavn.\" title=\"Foto: NTB\"\/><\/p>\n<p class=\"\">Et tankskip med LNG l\u00e5 til kai ved den russiske Sakhalin-\u00f8ya i Stillehavet i 2021.<\/p>\n<p>Foto: NTB<\/p>\n<p>Totalt kommer rundt 12 prosent av gassen som EU importerer, fra Russland, skriver Reuters.<\/p>\n<p>Folkman p\u00e5peker at EU allerede har forpliktet seg til \u00e5 kj\u00f8pe mer amerikansk LNG.<\/p>\n<p>\u2013 Amerikanerne selger imidlertid ikke billig.<\/p>\n<p>Norge har de siste \u00e5rene allerede \u00f8kt eksporten av gass til Europa betydelig, og 2024 ble et rekord\u00e5r, if\u00f8lge <a href=\"https:\/\/gassco.eu\/rekordleveranse-av-naturgass-gjennom-gasstransportsystemet-i-2024\/\" ec-id=\"https:\/\/gassco.eu\/rekordleveranse-av-naturgass-gjennom-gasstransportsystemet-i-2024\/\" ec-name=\"Gassco\" rel=\"nofollow noopener\" target=\"_blank\">Gassco<\/a>.<\/p>\n<p>Samtidig er det ikke alle EU-ledere som har v\u00e6rt positive til \u00e5 bryte gass-forbindelsen med Russland.<\/p>\n<p>G\u00e5r til sak mot EU<\/p>\n<p>Det gjelder s\u00e6rlig Ungarn og statsminister Viktor Orban.<\/p>\n<p>Han sier det er umulig for Ungarn \u00e5 v\u00e6re med p\u00e5 et europeisk forbud mot russisk gass, fordi de er helt avhengige av russisk energi.<\/p>\n<p><strong>N\u00e5 g\u00e5r Ungarn og Slovakia til sak mot EU, melder nyhetsbyr\u00e5et Reuters.<\/strong><\/p>\n<p>Nattens kunngj\u00f8ring om forbud kommer bare noen f\u00e5 dager etter at Orban bes\u00f8kte Russlands president Vladimir Putin i Moskva.<\/p>\n<p>\u2013 Jeg vil understreke at Ungarns energisikkerhet er basert p\u00e5 stabile leveranser av russisk energi, i fortiden, n\u00e5tiden og fremtiden, sa Orban under m\u00f8tet.<\/p>\n<p><img decoding=\"async\"   src=\"data:image\/gif;base64,R0lGODlhAQABAIAAAAAAAP\/\/\/yH5BAEAAAAALAAAAAABAAEAAAIBRAA7\" loading=\"eager\" alt=\"To personer sitter i stoler i et rom med elegante interi\u00f8rer.\" title=\"Foto: Alexander Nemenov \/ AP \/ NTB\"\/><\/p>\n<p class=\"\">Orban m\u00f8tte Putin i Moskva rett f\u00f8r helgen.<\/p>\n<p>Foto: Alexander Nemenov \/ AP \/ NTB<\/p>\n<p>Senere sa utenriksminister Peter Szijjarto at Russland skal overholde kontrakter om \u00e5 levere olje og gass til Ungarn gjennom r\u00f8rledninger.<\/p>\n<p>\u2013 Jeg vil si \u00e9n ting: Ungarn er et suverent land. Vi har en suveren utenrikspolitikk som stammer fra v\u00e5r nasjonale interesser, sa Szijjarto, meldte Reuters.<\/p>\n<p><strong>Den forel\u00f8pige avtalen inneholder en klausul som gj\u00f8r det mulig \u00e5 fortsette importen av russisk gass, hvis det er n\u00f8dvendig for et lands energisikkerhet.<\/strong><\/p>\n<p>Men selv uten det tviler Varg Folkman i EPC p\u00e5 om Ungarn, eller Slovakia, ville ha f\u00f8yd seg \u2013 til tross for mulige straffetiltak fra EU.<\/p>\n<p>\u2013 For enkelte land og bedrifter kan det tenkes at man tar b\u00f8tene og forholder seg som f\u00f8r, eller nekter \u00e5 betale dem, sier Folkman.<\/p>\n<p>Interessert i utenriks? H\u00f8r utenriksredaksjonens podkast:<\/p>\n<p>Publisert<\/p>\n<p>03.12.2025, kl. 08.02<\/p>\n<p>Oppdatert<\/p>\n<p>03.12.2025, kl. 13.27<\/p>\n","protected":false},"excerpt":{"rendered":"\u2013 Vi har gjort det: Europa skrur av krana for russisk gass \u2013 for alltid, kunngjorde EU-kommiss\u00e6r Dan&hellip;\n","protected":false},"author":2,"featured_media":102985,"comment_status":"","ping_status":"","sticky":false,"template":"","format":"standard","meta":{"footnotes":""},"categories":[12],"tags":[20,21,24,25,15,22,23,13,30,28,29,14,16,26,27,42,43,44,45],"class_list":{"0":"post-103308","1":"post","2":"type-post","3":"status-publish","4":"format-standard","5":"has-post-thumbnail","7":"category-verden","8":"tag-breaking-news","9":"tag-breakingnews","10":"tag-featured-news","11":"tag-featurednews","12":"tag-headlines","13":"tag-latest-news","14":"tag-latestnews","15":"tag-news","16":"tag-no","17":"tag-norge","18":"tag-norway","19":"tag-nyheter","20":"tag-overskrifter","21":"tag-top-stories","22":"tag-topstories","23":"tag-verden","24":"tag-world","25":"tag-world-news","26":"tag-worldnews"},"share_on_mastodon":{"url":"https:\/\/pubeurope.com\/@no\/115656453309576455","error":""},"_links":{"self":[{"href":"https:\/\/www.europesays.com\/no\/wp-json\/wp\/v2\/posts\/103308","targetHints":{"allow":["GET"]}}],"collection":[{"href":"https:\/\/www.europesays.com\/no\/wp-json\/wp\/v2\/posts"}],"about":[{"href":"https:\/\/www.europesays.com\/no\/wp-json\/wp\/v2\/types\/post"}],"author":[{"embeddable":true,"href":"https:\/\/www.europesays.com\/no\/wp-json\/wp\/v2\/users\/2"}],"replies":[{"embeddable":true,"href":"https:\/\/www.europesays.com\/no\/wp-json\/wp\/v2\/comments?post=103308"}],"version-history":[{"count":0,"href":"https:\/\/www.europesays.com\/no\/wp-json\/wp\/v2\/posts\/103308\/revisions"}],"wp:featuredmedia":[{"embeddable":true,"href":"https:\/\/www.europesays.com\/no\/wp-json\/wp\/v2\/media\/102985"}],"wp:attachment":[{"href":"https:\/\/www.europesays.com\/no\/wp-json\/wp\/v2\/media?parent=103308"}],"wp:term":[{"taxonomy":"category","embeddable":true,"href":"https:\/\/www.europesays.com\/no\/wp-json\/wp\/v2\/categories?post=103308"},{"taxonomy":"post_tag","embeddable":true,"href":"https:\/\/www.europesays.com\/no\/wp-json\/wp\/v2\/tags?post=103308"}],"curies":[{"name":"wp","href":"https:\/\/api.w.org\/{rel}","templated":true}]}}