{"id":103313,"date":"2025-12-03T16:02:18","date_gmt":"2025-12-03T16:02:18","guid":{"rendered":"https:\/\/www.europesays.com\/no\/103313\/"},"modified":"2025-12-03T16:02:18","modified_gmt":"2025-12-03T16:02:18","slug":"avlyste-mote-med-zelenskyj","status":"publish","type":"post","link":"https:\/\/www.europesays.com\/no\/103313\/","title":{"rendered":"Avlyste m\u00f8te med Zelenskyj"},"content":{"rendered":"<p class=\"kicker \" style=\"\">Sandm\u00e6l om betalingsproblemer:<\/p>\n<p>  Flere enn noen gang sliter \u00f8konomisk, og Silje Sandm\u00e6l forst\u00e5r hvorfor folk skammer seg.\u00a0<\/p>\n<p>\n    \u00d8KONOM: Silje Sandm\u00e6l livn\u00e6rer seg p\u00e5 \u00e5 gi tips og r\u00e5d til nordmenn om \u00f8konomi. Foto: Nina Hansen \/ Dagbladet\n  <\/p>\n<p _msttexthash=\"3102086\" _msthash=\"0\">Forbruker\u00f8konomen Silje Sandm\u00e6l (46) kunngjorde i fjor h\u00f8st at hun hadde sluttet i DNB etter \u00e5 ha jobbet i bank i over 20 \u00e5r. Hun ble et kjent fjes for mange som ekspert i TV3-programmet \u00abLuksusfellen\u00bb og \u00abI lomma p\u00e5 Silje\u00bb.<\/p>\n<p _msttexthash=\"3102086\" _msthash=\"0\">N\u00e5 er hun sin egen sjef og livn\u00e6rer seg p\u00e5 \u00e5 gi tips og r\u00e5d til nordmenn om \u00f8konomi. Dette gj\u00f8r hun gjennom foredrag, ved \u00e5 dukke opp i ulike TV-sendinger og ved \u00e5 prate i podkaster, for \u00e5 snakke om nettopp \u00f8konomi.\u00a0<\/p>\n<p>Flere enn noen gang<\/p>\n<p _msttexthash=\"3102086\" _msthash=\"0\">Tirsdag gjestet hun podkasten \u00ab<a href=\"https:\/\/open.spotify.com\/episode\/5oAiPoy9tVNQXBOuuxMg3H\" rel=\"nofollow noopener\" target=\"_blank\">Er det noe liv<\/a>\u00bb med Nora Angeltveit (34). Der snakker \u00f8konomen om hennes m\u00f8te med \u00abveggen\u00bb og om hvordan det kan v\u00e6re \u00e5 ha d\u00e5rlig \u00f8konomi.<\/p>\n<p>    <a itemprop=\"url\" href=\"https:\/\/www.dagbladet.no\/kjendis\/har-fatt-hjernekreft\/83920811\" rel=\"nofollow noopener\" target=\"_blank\"><\/p>\n<p>      <img loading=\"lazy\" decoding=\"async\" src=\"https:\/\/www.europesays.com\/no\/wp-content\/uploads\/2025\/12\/83920918.webp\" width=\"980\" height=\"441\" title=\"- Har f\u00e5tt hjernekreft\" alt=\"\" class=\"lazyload\" style=\"--aspect-ratio-image: 2.22; \"\/><\/p>\n<p>        &#8211; Har f\u00e5tt hjernekreft<\/p>\n<p>    <\/a><\/p>\n<p _msttexthash=\"3102086\" _msthash=\"0\">Sandm\u00e6l forteller at det er flere enn noen gang som sliter \u00f8konomisk, og at det er noe mange skammer seg over.<\/p>\n<p _msttexthash=\"3102086\" _msthash=\"0\">&#8211; Vi er mer villig til \u00e5 si at vi har klamydia enn betalingsproblemer, og det synes jeg er synd, forteller Sandm\u00e6l i podkasten.\u00a0<\/p>\n<p _msttexthash=\"3102086\" _msthash=\"0\"> &#8211; Grunnen til at vi skammer oss over \u00e5 ha betalingsproblemer, eller sliter \u00f8konomisk, handler om at man tenker det er en posisjon man selv har satt seg i. Da er det vanskelig \u00e5 be om hjelp, utdyper hun videre til Dagbladet. <\/p>\n<p>M\u00f8tte veggen<\/p>\n<p _msttexthash=\"3102086\" _msthash=\"0\">Hun prater ogs\u00e5 i podkasten om sitt m\u00f8te med \u00abveggen\u00bb og hvordan det f\u00f8ltes \u00e5 f\u00e5 beskjeden om at hun var utbrent.\u00a0<\/p>\n<p _msttexthash=\"3102086\" _msthash=\"0\">&#8211; Jeg v\u00e5knet om morgenen og var kvalm. Jeg trodde jeg var gravid med mitt fjerde barn og m\u00e5tte ta ultralyd to ganger for \u00e5 f\u00e5 det avkreftet. Jeg brukte altfor lang tid p\u00e5 \u00e5 finne ut hva som var \u00e5rsaken, helt til noen sa til meg \u00abSilje, du er utbrent\u00bb,\u00a0forteller hun til Angeltveit.\u00a0<\/p>\n<p>        KLINTE TIL: Artist Adrian Sellevoll kliner til i f\u00f8rste episode av \u00abRampenissen\u00bb, og r\u00f8per at han ble singel rett etter innspillingen. Reporter: Sanne Holt. Video: TV 2\/ \u00abRampenissen\u00bb\/ Sanne Holt\/ Vicotoria L\u00f8vik\/ R\u00f8d L\u00f8per<\/p>\n<p _msttexthash=\"3102086\" _msthash=\"0\">Sandm\u00e6l m\u00e5tte innse at hun trengte \u00e5 roe ned og ta vare p\u00e5 seg selv, og sier selv at hun har l\u00e6rt masse. Hun har ogs\u00e5 stor forst\u00e5else for at \u00f8konomiske problemer f\u00f8rer til stress som igjen ogs\u00e5 kan f\u00f8re til utbrenthet og psykiske problemer, og hun kan selv relatere seg til hvor vanskelig det kan v\u00e6re.\u00a0<\/p>\n<p _msttexthash=\"3102086\" _msthash=\"0\">&#8211; Mitt tydelige r\u00e5d er \u00e5 ikke g\u00e5 alene gjennom det, men be om hjelp og snakk med noen du stoler p\u00e5, forteller \u00f8konomen til Dagbladet.<\/p>\n<p>&#8211; Helt h\u00f8l i huet<\/p>\n<p _msttexthash=\"3102086\" _msthash=\"0\"><a href=\"https:\/\/www.ssb.no\/bank-og-finansmarked\/finansielle-indikatorer\/statistikk\/kredittindikator\/artikler\/fortsatt-okt-gjeldsvekst\" rel=\"nofollow noopener\" target=\"_blank\">Statistisk Sentralbyr\u00e5 (SSB)<\/a> opplyste at tolvm\u00e5nedersveksten i befolkningens gjeld har \u00f8kt fra 3,8 prosent i mars til 4,1 prosent i april, sist gang det var s\u00e5 h\u00f8yt var i september 2023. Husholdningen er den st\u00f8rste sektoren og st\u00e5r for 60 prosent av den samlede gjelden.\u00a0<\/p>\n<p>    <a itemprop=\"url\" href=\"https:\/\/www.dagbladet.no\/kjendis\/punget-ut-over-100-000-idiotisk\/82849305\" rel=\"nofollow noopener\" target=\"_blank\"><\/p>\n<p>      <img loading=\"lazy\" decoding=\"async\" src=\"https:\/\/www.europesays.com\/no\/wp-content\/uploads\/2025\/12\/82849779.webp\" width=\"980\" height=\"441\" title=\"Punget ut over 100 000: - Idiotisk\" alt=\"\" class=\"lazyload\" style=\"--aspect-ratio-image: 2.22; \"\/><\/p>\n<p>        Punget ut over 100 000: &#8211; Idiotisk<\/p>\n<p>    <\/a><\/p>\n<p _msttexthash=\"3102086\" _msthash=\"0\">Sandm\u00e6l forteller at unge som vokser opp i dag har andre forutsetninger enn deres foreldre hadde.<\/p>\n<p _msttexthash=\"3102086\" _msthash=\"0\">&#8211; Min store bekymring er den unge befolkningen. Foreldrene deres har hatt en romsligere \u00f8konomi, f\u00f8r pandemien, rente\u00f8kningene og prisveksten. Det har gjort det til en vane \u00e5 kunne kj\u00f8pe det man \u00f8nsker seg. N\u00e5r de unge s\u00e5 flytter hjemmefra, oppdager de at \u00f8konomien ikke strekker til p\u00e5 samme m\u00e5te. Da tyr mange til kredittkort og forbruksl\u00e5n, sier Sandm\u00e6l.<\/p>\n<p>    <a itemprop=\"url\" href=\"https:\/\/www.dagbladet.no\/kjendis\/se-og-hor-tjente-under-50-000\/83923374\" rel=\"nofollow noopener\" target=\"_blank\"><\/p>\n<p>      <img loading=\"lazy\" decoding=\"async\" src=\"https:\/\/www.europesays.com\/no\/wp-content\/uploads\/2025\/12\/1764777735_575_83905194.webp\" width=\"980\" height=\"441\" title=\"Se og H\u00f8r: Tjente under 50 000\" alt=\"\" class=\"lazyload\" style=\"--aspect-ratio-image: 2.22; \"\/><\/p>\n<p>        Se og H\u00f8r: Tjente under 50 000<\/p>\n<p>    <\/a><\/p>\n<p _msttexthash=\"3102086\" _msthash=\"0\">\u00d8konomen er bekymret over kunnskapen folk har rundt personlig \u00f8konomi og mener at skolesystemet b\u00f8r ta tak.\u00a0<\/p>\n<p _msttexthash=\"3102086\" _msthash=\"0\">&#8211; Det er helt h\u00f8l i huet, at det ikke er mer privat\u00f8konomi p\u00e5 skolen. Jeg har sl\u00e5ss om det i 25 \u00e5r, sier Sandm\u00e6l.\u00a0<\/p>\n<p>    <a itemprop=\"url\" href=\"https:\/\/www.dagbladet.no\/kjendis\/na-er-hun-her\/83921561\" rel=\"nofollow noopener\" target=\"_blank\"><\/p>\n<p>      <img loading=\"lazy\" decoding=\"async\" src=\"https:\/\/www.europesays.com\/no\/wp-content\/uploads\/2025\/12\/83921750.webp\" width=\"980\" height=\"441\" title=\"N\u00e5 er hun her\" alt=\"\" class=\"lazyload\" style=\"--aspect-ratio-image: 2.22; \"\/><\/p>\n<p>        N\u00e5 er hun her<\/p>\n<p>    <\/a><\/p>\n<p _msttexthash=\"3102086\" _msthash=\"0\">&#8211; Det er det viktigste faget du b\u00f8r kunne for livskvaliteten. Det er det som er farlig med privat\u00f8konomi, at dersom du gj\u00f8r feil kan det ha store konsekvenser, fortsetter hun.\u00a0<\/p>\n<p>&#8211; All forandring starter med erkjennelse<\/p>\n<p>Generalsekret\u00e6r i R\u00e5det for psykisk helse Tove Gundersen forteller at det er en klar sammenheng mellom \u00f8konomiske problemer og psykiske problemer.\u00a0<\/p>\n<p>          <img loading=\"lazy\" decoding=\"async\" src=\"https:\/\/www.europesays.com\/no\/wp-content\/uploads\/2025\/12\/83931066.webp\" width=\"686\" height=\"494\" title=\"KLAR SAMMENHENG: Generalsekret\u00e6r i R\u00e5det for psykisk helse Tove Gundersen er klar over sammenhengen mellom \u00f8konomiske problemer og psykisk helse. Foto: Terje Pedersen \/ NTB\" alt=\"\" class=\"\" style=\"--aspect-ratio-image: 1.39; \"\/><\/p>\n<p>\n          KLAR SAMMENHENG: Generalsekret\u00e6r i R\u00e5det for psykisk helse Tove Gundersen er klar over sammenhengen mellom \u00f8konomiske problemer og psykisk helse. Foto: Terje Pedersen \/ NTB\n      <\/p>\n<p>&#8211; Vi vet at det \u00e5 snakke om eller \u00e5 ha \u00f8konomiske problemer er veldig\u00a0skambelagt, det\u00a0er viktig at vi f\u00e5r snudd p\u00e5 dette til \u00e5 bli\u00a0anerkjent som b\u00e5de\u00a0modig og klokt. Vi anbefaler alle \u00e5 v\u00e6re \u00e5pne om disse utfordringene og ta kontakt med\u00a0noen du stoler p\u00e5, en venn, et familiemedlem eller fastlegen, sier generalsekret\u00e6ren.<\/p>\n<p>Hun opplyser ogs\u00e5 at bankene og NAV tilbyr \u00f8konomisk veiledning for de som trenger det.<\/p>\n<p>&#8211; Det er helt naturlig reaksjon at man synes det er flaut og pinlig at man ikke klarer \u00e5 ha kontroll over det \u00f8konomiske, men det er viktig \u00e5 huske at all forandring starter med en form for erkjennelse, avslutter Gundersen.\u00a0<\/p>\n","protected":false},"excerpt":{"rendered":"Sandm\u00e6l om betalingsproblemer: Flere enn noen gang sliter \u00f8konomisk, og Silje Sandm\u00e6l forst\u00e5r hvorfor folk skammer seg.\u00a0 \u00d8KONOM:&hellip;\n","protected":false},"author":2,"featured_media":103314,"comment_status":"","ping_status":"","sticky":false,"template":"","format":"standard","meta":{"footnotes":""},"categories":[12],"tags":[20,21,24,25,15,179,22,23,13,30,28,29,14,16,26,27,489,412,42,43,44,45],"class_list":{"0":"post-103313","1":"post","2":"type-post","3":"status-publish","4":"format-standard","5":"has-post-thumbnail","7":"category-verden","8":"tag-breaking-news","9":"tag-breakingnews","10":"tag-featured-news","11":"tag-featurednews","12":"tag-headlines","13":"tag-krigen-i-ukraina","14":"tag-latest-news","15":"tag-latestnews","16":"tag-news","17":"tag-no","18":"tag-norge","19":"tag-norway","20":"tag-nyheter","21":"tag-overskrifter","22":"tag-top-stories","23":"tag-topstories","24":"tag-ukraina","25":"tag-utenriks","26":"tag-verden","27":"tag-world","28":"tag-world-news","29":"tag-worldnews"},"share_on_mastodon":{"url":"https:\/\/pubeurope.com\/@no\/115656481024491617","error":""},"_links":{"self":[{"href":"https:\/\/www.europesays.com\/no\/wp-json\/wp\/v2\/posts\/103313","targetHints":{"allow":["GET"]}}],"collection":[{"href":"https:\/\/www.europesays.com\/no\/wp-json\/wp\/v2\/posts"}],"about":[{"href":"https:\/\/www.europesays.com\/no\/wp-json\/wp\/v2\/types\/post"}],"author":[{"embeddable":true,"href":"https:\/\/www.europesays.com\/no\/wp-json\/wp\/v2\/users\/2"}],"replies":[{"embeddable":true,"href":"https:\/\/www.europesays.com\/no\/wp-json\/wp\/v2\/comments?post=103313"}],"version-history":[{"count":0,"href":"https:\/\/www.europesays.com\/no\/wp-json\/wp\/v2\/posts\/103313\/revisions"}],"wp:featuredmedia":[{"embeddable":true,"href":"https:\/\/www.europesays.com\/no\/wp-json\/wp\/v2\/media\/103314"}],"wp:attachment":[{"href":"https:\/\/www.europesays.com\/no\/wp-json\/wp\/v2\/media?parent=103313"}],"wp:term":[{"taxonomy":"category","embeddable":true,"href":"https:\/\/www.europesays.com\/no\/wp-json\/wp\/v2\/categories?post=103313"},{"taxonomy":"post_tag","embeddable":true,"href":"https:\/\/www.europesays.com\/no\/wp-json\/wp\/v2\/tags?post=103313"}],"curies":[{"name":"wp","href":"https:\/\/api.w.org\/{rel}","templated":true}]}}