{"id":103315,"date":"2025-12-03T16:03:11","date_gmt":"2025-12-03T16:03:11","guid":{"rendered":"https:\/\/www.europesays.com\/no\/103315\/"},"modified":"2025-12-03T16:03:11","modified_gmt":"2025-12-03T16:03:11","slug":"budsjettenighet-sv-sv-gjennomslag-for-palestina-initiativ-tapte-kampen-om-oljefondet","status":"publish","type":"post","link":"https:\/\/www.europesays.com\/no\/103315\/","title":{"rendered":"Budsjettenighet, SV | SV: Gjennomslag for Palestina-initiativ \u2013 tapte kampen om oljefondet"},"content":{"rendered":"\n<p>\u2013 Vi har f\u00e5tt p\u00e5 plass viktige ting for Palestina. Regjeringen skal ta initiativ til et internasjonalt forbud mot import av bosettervarer. Dette er den spede starten p\u00e5 internasjonale sanksjoner mot Israel, sier Bergst\u00f8 i en pressemelding.<\/p>\n<p>Palestina var en av SVs kampsaker. Det var ogs\u00e5 partiets \u00f8nske om \u00e5 endre oljefondet. Den tapte partiet.<\/p>\n<p>\u2013 Vi gikk inn i forhandlingene med krav om at v\u00e5re sparepenger ikke skal v\u00e6re investert i folkemord og okkupasjon. Dessverre er motstanden mot dette total i Arbeiderpartiet. Motviljen er s\u00e5 gjennomf\u00f8rt at selv \u00f8rsm\u00e5 tiltak er helt umulige for dem. De gj\u00f8r heller opp sitt etiske budsjett med Sylvi Listhaug enn med det r\u00f8dgr\u00f8nne laget. Det er bare \u00e5 beklage, vi har snudd hver stein og kjempet hardt, men kampen om oljefondet tapte vi, sier Bergst\u00f8.<\/p>\n<p>P\u00e5 den annen side sier Bergst\u00f8 at partiet har f\u00e5tt gjennomslag for \u00f8kt milj\u00f8satsing. Dobbelt s\u00e5 mye skog skal bli vernet, regjeringen forpliktes til \u00e5 legge fram nye tiltak innen mai for \u00e5 kutte utslipp av klimagasser, og det skal utredes norgespris p\u00e5 solkraft, forteller partilederen.<\/p>\n<p>Hun trekker ogs\u00e5 fram styrking av kommune\u00f8konomi og velferd.<\/p>\n<p>\u2013 Vi bygger videre p\u00e5 de to store velferdsreformene SV har kjempet fram i forhandlinger med regjeringen: Gratis SFO og fortsettelsen p\u00e5 en tannhelsereform som skal gj\u00f8re at det ikke koster mer \u00e5 g\u00e5 til tannlegen enn til fastlegen, sier hun.<\/p>\n","protected":false},"excerpt":{"rendered":"\u2013 Vi har f\u00e5tt p\u00e5 plass viktige ting for Palestina. Regjeringen skal ta initiativ til et internasjonalt forbud&hellip;\n","protected":false},"author":2,"featured_media":103316,"comment_status":"","ping_status":"","sticky":false,"template":"","format":"standard","meta":{"footnotes":""},"categories":[10],"tags":[20,21,24,25,15,22,23,13,30,28,29,14,16,26,27],"class_list":{"0":"post-103315","1":"post","2":"type-post","3":"status-publish","4":"format-standard","5":"has-post-thumbnail","7":"category-norge","8":"tag-breaking-news","9":"tag-breakingnews","10":"tag-featured-news","11":"tag-featurednews","12":"tag-headlines","13":"tag-latest-news","14":"tag-latestnews","15":"tag-news","16":"tag-no","17":"tag-norge","18":"tag-norway","19":"tag-nyheter","20":"tag-overskrifter","21":"tag-top-stories","22":"tag-topstories"},"share_on_mastodon":{"url":"https:\/\/pubeurope.com\/@no\/115656484771825126","error":""},"_links":{"self":[{"href":"https:\/\/www.europesays.com\/no\/wp-json\/wp\/v2\/posts\/103315","targetHints":{"allow":["GET"]}}],"collection":[{"href":"https:\/\/www.europesays.com\/no\/wp-json\/wp\/v2\/posts"}],"about":[{"href":"https:\/\/www.europesays.com\/no\/wp-json\/wp\/v2\/types\/post"}],"author":[{"embeddable":true,"href":"https:\/\/www.europesays.com\/no\/wp-json\/wp\/v2\/users\/2"}],"replies":[{"embeddable":true,"href":"https:\/\/www.europesays.com\/no\/wp-json\/wp\/v2\/comments?post=103315"}],"version-history":[{"count":0,"href":"https:\/\/www.europesays.com\/no\/wp-json\/wp\/v2\/posts\/103315\/revisions"}],"wp:featuredmedia":[{"embeddable":true,"href":"https:\/\/www.europesays.com\/no\/wp-json\/wp\/v2\/media\/103316"}],"wp:attachment":[{"href":"https:\/\/www.europesays.com\/no\/wp-json\/wp\/v2\/media?parent=103315"}],"wp:term":[{"taxonomy":"category","embeddable":true,"href":"https:\/\/www.europesays.com\/no\/wp-json\/wp\/v2\/categories?post=103315"},{"taxonomy":"post_tag","embeddable":true,"href":"https:\/\/www.europesays.com\/no\/wp-json\/wp\/v2\/tags?post=103315"}],"curies":[{"name":"wp","href":"https:\/\/api.w.org\/{rel}","templated":true}]}}