{"id":103317,"date":"2025-12-03T16:04:39","date_gmt":"2025-12-03T16:04:39","guid":{"rendered":"https:\/\/www.europesays.com\/no\/103317\/"},"modified":"2025-12-03T16:04:39","modified_gmt":"2025-12-03T16:04:39","slug":"studiestotte-knyttes-til-folketrygdens-grunnbelop-i-2026","status":"publish","type":"post","link":"https:\/\/www.europesays.com\/no\/103317\/","title":{"rendered":"Studiest\u00f8tte knyttes til folketrygdens grunnbel\u00f8p i 2026"},"content":{"rendered":"<p class=\"italic m-italic\" data-lab-italic=\"italic\">Oppdatert kl 13 med kommentar fra Randeberg<\/p>\n<p>I nattens budsjettenighet mellom Arbeiderpartiet, MDG, SV, Senterpartiet og R\u00f8dt kom nyheten: I 2026 skal studiest\u00f8tten knyttes til grunnbel\u00f8pet i folketrygden (G).\u00a0<\/p>\n<p>&#8211; Dette er et stort gjennomslag for studentbevegelsen, som har kjempet for dette lenge, sier leder for Norsk studentunion NSO i en pressemelding.<\/p>\n<p>Med nattens enighet kan man sette to streker under statsbudsjettet som legges fram for Stortinget kommende fredag.<\/p>\n<p>&#8211; Dette er et historisk skritt n\u00e6rmere en bedre og mer forutsigbar student\u00f8konomi, og en gledens dag for landets studenter, jubler en glad Sigve N\u00e6ss R\u00f8tvold. Tusen takk til SV og MDG, som sammen med Senterpartiet, Arbeiderpartiet og R\u00f8dt har s\u00f8rget for G-tilknytning av studiest\u00f8tten!\u00a0<\/p>\n<p>H\u00e5per p\u00e5 1,5 G<\/p>\n<p>Budsjettavtalen mellom SV, MDG, Senterpartiet, Arbeiderpartiet og R\u00f8dt om statsbudsjettet for 2026 inkluderer dette verbalforslaget:<\/p>\n<p>\u00abStortinget ber regjeringen fremme forslag i l\u00f8pet av 2026 om \u00e5 regulere st\u00f8rrelsen p\u00e5 studiest\u00f8tten gjennom grunnbel\u00f8pet i folketrygden. St\u00f8rrelsen kan ikke inneb\u00e6re lavere sats enn de som utbetales i dag.\u00bb<\/p>\n<p>&#8211;\u00a0Budsjettavtalen legger opp til at regjeringen og Stortinget allerede neste \u00e5r skal sikre en mer forutsigbar studiest\u00f8tte for oss studenter. Vi h\u00e5per de handler raskt og knytter studiest\u00f8tten til minst 1,5 G, sier N\u00e6ss R\u00f8tvold.<\/p>\n<p>Arbeiderpartiet, Senterpartiet og R\u00f8dt la l\u00f8rdag fram en budsjettavtale p\u00e5 Stortinget. Natt til onsdag ble det lagt til flere punkter, og MDG og SV er ogs\u00e5 med.<\/p>\n<p>&#8211; Viktigste gjennomslaget siden 1947<\/p>\n<p>Ogs\u00e5 fagforbundet Akademikerne er begeistret over at budsjettenigheten har tilgodesett landets studenter.<\/p>\n<p>\u2013 Dette er det viktigste gjennomslaget for studentene siden L\u00e5nekassen ble opprettet i 1947. N\u00e5 f\u00e5r studentene endelig den forutsigbarheten de trenger med trang \u00f8konomi, sier leder Lise Lyngsnes Randeberg i Akademikerne.<\/p>\n<p>If\u00f8lge en rapport fra Samfunns\u00f8konomisk Analyse landets studenter tapt 20 prosent av kj\u00f8pekraften mellom 2002 og 2023.\u00a0<\/p>\n<p>I budsjettforliket er det to tekstpunkter som dreier seg om studiest\u00f8tten. Det ene g\u00e5r p\u00e5 at regjeringen i l\u00f8pet av 2026 skal regulere st\u00f8tten gjennom grunnbel\u00f8pet i folketrygden, og at st\u00f8rrelsen ikke kan v\u00e6re lavere enn i dag. I det andre punktet bes regjeringen fremme et forslag om \u00e5 regulere borteboerstipendet p\u00e5 samme m\u00e5te.<\/p>\n<p>De nye punktene i budsjettenigheten<\/p>\n<p>* Lovfesting av gratis halvdagsplass p\u00e5 SFO fra 1.\u20133. trinn<\/p>\n<p>* Studiest\u00f8tte og borteboerstipendet skal pris- og l\u00f8nnsjusteres \u00e5rlig gjennom grunnbel\u00f8pet i folketrygden.\u00a0<\/p>\n<p>* Opprettelse av en kommisjon for norsk \u00f8konomis omstillingsevne i Norge.<\/p>\n<p>* Prising av CO\u2082 p\u00e5 norsk sokkel ogs\u00e5 etter 2030.<\/p>\n<p>* Mer penger til b\u00e5de klimainvesteringsfondet og skogvern.<\/p>\n<p>* Nedtrapping av toppmomsgrense p\u00e5 elbil.<\/p>\n<p>* Partene er enige om at regjeringen skal sikre at klimagassutslippene ikke skal \u00f8ke som f\u00f8lge av endringene i veibruksavgiften sammenlignet med budsjettforslaget som regjeringen la fram i oktober.<\/p>\n<p>* Garantipris p\u00e5 solkraft.<\/p>\n<p>* Mer forutsigbar bost\u00f8tteordning til barnefamilier og de som har minst.\u00a0<\/p>\n<p>Hovedpunktene fra enigheten p\u00e5 l\u00f8rdag<\/p>\n<p>* Styrke kommune\u00f8konomien med 3 milliarder kroner i frie inntekter.<\/p>\n<p>* Styrke fylkes\u00f8konomien med 1,1 milliarder kroner for blant annet \u00e5 styrke kollektivtilbudet.<\/p>\n<p>* \u00c5 utrede muligheten til \u00e5 innf\u00f8re et nasjonalt m\u00e5nedskort for kollektivtransport.<\/p>\n<p>* I p\u00e5vente av utredningen bevilges det 620 millioner kroner til en midlertidig s\u00f8knadsordning som fylkeskommunene kan s\u00f8ke p\u00e5 for \u00e5 redusere prisen p\u00e5 periodebilletter.<\/p>\n<p>* Nei til gruvedrift p\u00e5 havbunnen for hele stortingsperioden.<\/p>\n<p>* Sende et forslag p\u00e5 h\u00f8ring som vil bidra til \u00e5 hindre etablering av datasenter som utvinner kryptovaluta i Norge.<\/p>\n<p>* 600 millioner kroner til toppet bemanning i barnehagen.<\/p>\n<p>* 1 milliard kroner til en hjelpepakke til Gaza.<\/p>\n<p>* \u00c5 arbeide for israelsk medansvar for gjenoppbyggingen av Gaza.<\/p>\n<p>* Et forbud i lov mot innf\u00f8rsel av varer med opprinnelse i, og utf\u00f8rsel av varer til, de folkerettsstridige israelske bosetningene i Palestina og ta initiativ til at andre land innf\u00f8rer lignende forbud.<\/p>\n<p>* 500 millioner kroner til styrking av sykehus\u00f8konomien.<\/p>\n<p>* Hurtigspor for unge i domstolene utvides.<\/p>\n<p>* Ingen \u00f8kning av bensin- og dieselavgiftene.<\/p>\n<p>* Stanse ny avgift p\u00e5 kunstgj\u00f8dsel.<\/p>\n<p>* 14 passkontorer som var foresl\u00e5tt nedlagt, opprettholdes.\u00a0<\/p>\n<p>* Det skal legges fram et h\u00f8ringsnotat med forslag til en helhetlig tannhelsereform h\u00f8sten 2026, slik at det er mulig med en oppstart i 2027.<\/p>\n<p>* I 2026 foresl\u00e5s det \u00e5 \u00f8ke bevilgningen med 315,7 millioner til Helfo for \u00e5 \u00f8ke tannhelsesatsene med 10 prosent. Hensikten er \u00e5 redusere egenbetalingen tilsvarende.<\/p>\n<p>* Fribel\u00f8pet for uf\u00f8re som kan jobbe ved siden av, \u00f8kes til folketrygdens grunnbel\u00f8p 1G eller 130.000 kroner.<\/p>\n<p>* \u00c5 jobbe aktivt med \u00e5 redusere bruken av innleie slik at det blir forsvarlig \u00e5 avvikle det avgrensede unntaket fra innleiereglene for helse- og omsorgssektoren.<\/p>\n<p>* \u00c5 sikre at fiskefl\u00e5tens adgang til \u00e5 bunkre som skip i utenriksfart videref\u00f8res, i f\u00f8rste omgang inntil regjeringens varslede gjennomgang av klimatiltakene overfor fiskefl\u00e5ten er gjennomf\u00f8rt.<\/p>\n<p>* \u00c5 ikke foresl\u00e5 endringer i sosialtjenesteloven som \u00e5pner for at barnetrygd kan regnes som inntekt ved utm\u00e5ling av sosialhjelp i hele stortingsperioden.<\/p>\n<p>* 700 millioner kroner av bevilgningen i 2026 til Klima- og energifondet som forvaltes av Enova, \u00f8remerkes til en egen utlysning som skal utl\u00f8se reduksjoner av blandede og biogene klimagassutslipp fra industri- og avfallsh\u00e5ndtering.<\/p>\n<p>\u00a0<\/p>\n<p>F\u00f8lg UA p\u00e5 <a href=\"https:\/\/www.facebook.com\/Universitetsavisa\" target=\"_blank\" rel=\"nofollow noopener\">Facebook<\/a> og <a href=\"https:\/\/www.instagram.com\/universitetsavisa\/\" target=\"_blank\" rel=\"nofollow noopener\">Instagram<\/a>.<\/p>\n<p><script async src=\"\/\/www.instagram.com\/embed.js\"><\/script><\/p>\n","protected":false},"excerpt":{"rendered":"Oppdatert kl 13 med kommentar fra Randeberg I nattens budsjettenighet mellom Arbeiderpartiet, MDG, SV, Senterpartiet og R\u00f8dt kom&hellip;\n","protected":false},"author":2,"featured_media":103318,"comment_status":"","ping_status":"","sticky":false,"template":"","format":"standard","meta":{"footnotes":""},"categories":[5],"tags":[20,21,24,25,15,19,22,23,17,18,13,30,28,29,14,16,26,27],"class_list":{"0":"post-103317","1":"post","2":"type-post","3":"status-publish","4":"format-standard","5":"has-post-thumbnail","7":"category-overskrifter","8":"tag-breaking-news","9":"tag-breakingnews","10":"tag-featured-news","11":"tag-featurednews","12":"tag-headlines","13":"tag-hovedoppslag","14":"tag-latest-news","15":"tag-latestnews","16":"tag-main-news","17":"tag-mainnews","18":"tag-news","19":"tag-no","20":"tag-norge","21":"tag-norway","22":"tag-nyheter","23":"tag-overskrifter","24":"tag-top-stories","25":"tag-topstories"},"share_on_mastodon":{"url":"https:\/\/pubeurope.com\/@no\/115656488740500660","error":""},"_links":{"self":[{"href":"https:\/\/www.europesays.com\/no\/wp-json\/wp\/v2\/posts\/103317","targetHints":{"allow":["GET"]}}],"collection":[{"href":"https:\/\/www.europesays.com\/no\/wp-json\/wp\/v2\/posts"}],"about":[{"href":"https:\/\/www.europesays.com\/no\/wp-json\/wp\/v2\/types\/post"}],"author":[{"embeddable":true,"href":"https:\/\/www.europesays.com\/no\/wp-json\/wp\/v2\/users\/2"}],"replies":[{"embeddable":true,"href":"https:\/\/www.europesays.com\/no\/wp-json\/wp\/v2\/comments?post=103317"}],"version-history":[{"count":0,"href":"https:\/\/www.europesays.com\/no\/wp-json\/wp\/v2\/posts\/103317\/revisions"}],"wp:featuredmedia":[{"embeddable":true,"href":"https:\/\/www.europesays.com\/no\/wp-json\/wp\/v2\/media\/103318"}],"wp:attachment":[{"href":"https:\/\/www.europesays.com\/no\/wp-json\/wp\/v2\/media?parent=103317"}],"wp:term":[{"taxonomy":"category","embeddable":true,"href":"https:\/\/www.europesays.com\/no\/wp-json\/wp\/v2\/categories?post=103317"},{"taxonomy":"post_tag","embeddable":true,"href":"https:\/\/www.europesays.com\/no\/wp-json\/wp\/v2\/tags?post=103317"}],"curies":[{"name":"wp","href":"https:\/\/api.w.org\/{rel}","templated":true}]}}