{"id":103319,"date":"2025-12-03T16:05:10","date_gmt":"2025-12-03T16:05:10","guid":{"rendered":"https:\/\/www.europesays.com\/no\/103319\/"},"modified":"2025-12-03T16:05:10","modified_gmt":"2025-12-03T16:05:10","slug":"en-mann-med-veldig-mange-ideer","status":"publish","type":"post","link":"https:\/\/www.europesays.com\/no\/103319\/","title":{"rendered":"\u2013 En mann med veldig mange ideer"},"content":{"rendered":"\n<p class=\"_lead_o9xde_2 _lead_xtcu6_50 layout-component text-serif-m layout-normal text-serif-l layout-component layout-wide layout-padded _wide_17hqh_1 layout-padded\">Nora M\u00f8rk og Henny Reistad m\u00f8ter sin klubbtrener i kveld. M\u00f8rk sender stikk \u2013 og Reistad hylles som en av tidenes beste.<\/p>\n<p><img alt=\" Foto: Beate Oma Dahle \/ NTB\" class=\"_image_qp4xg_65 layout-component layout-wide\" data-fullscreen- data-track-element-type=\"Article image fullscreen\" data-track-name=\"ImageFullscreen\" fetchpriority=\"high\" decoding=\"sync\" loading=\"eager\" height=\"3062\" itemprop=\"image\"  src=\"https:\/\/www.europesays.com\/no\/wp-content\/uploads\/2025\/12\/f2d8dfc4-34c7-4aa7-9dbd-c18dd1d0d7d0\"  style=\"object-position:0% 0%\" width=\"4702\"\/> Foto: Beate Oma Dahle \/ NTB<\/p>\n<ul aria-hidden=\"true\" class=\"_images_1uft6_111\">\n<li><a class=\"_link_1uft6_116\" href=\"https:\/\/www.vg.no\/forfatter\/jostein-overvik\" style=\"z-index:1\" title=\"Jostein Overvik\" rel=\"nofollow noopener\" target=\"_blank\"><img alt=\"Bilde av Jostein Overvik\" class=\"_image_1uft6_93\" fetchpriority=\"low\" loading=\"lazy\" decoding=\"async\" itemprop=\"image\"  src=\"https:\/\/www.europesays.com\/no\/wp-content\/uploads\/2025\/12\/1764777909_288_9167fa6a-7320-4d6f-b3c9-6c4ecb8beb8c\"  width=\"480\"\/><\/a><\/li>\n<\/ul>\n<p>Rapporterer fra Dortmund Oppdatert onsdag 3. desember kl. 16:21    <\/p>\n<ul class=\"_list_o9xde_3 _list_64s2r_85 _unordered_o9xde_106 text-sans-m\">\n<li class=\"_item_o9xde_30\">H\u00e5ndballstjernene Nora M\u00f8rk og Henny Reistad m\u00f8ter sin klubbtrener, Tomas Axn\u00e8r. Han leder Sverige i en kritisk VM-kamp mot Norge onsdag.<\/li>\n<li class=\"_item_o9xde_30\">Esbjerg har hatt et skuffende halv\u00e5r med d\u00e5rlige resultater i b\u00e5de Champions League og finalen i det danske mesterskapet.<\/li>\n<li class=\"_item_o9xde_30\">Sverige slo Norge i \u00e5pningskampen av OL 2024, men har vunnet 19 strake matcher i OL, EM og VM etterp\u00e5.<\/li>\n<li class=\"_item_o9xde_30\">Sverige m\u00e5 vinne mot Norge for \u00e5 holde VM-kvartfinaledr\u00f8mmen levende.<\/li>\n<\/ul>\n<p>Vis mer <\/p>\n<p class=\"_paragraph_o9xde_4 _paragraph_xtcu6_10 layout-component text-serif-m layout-normal text-serif-m layout-padded\">Til daglig har de Tomas Axn\u00e8r som klubbtrener i danske Esbjerg. Onsdag m\u00f8ter M\u00f8rk og Reistad samme Axn\u00e8r som svensk landslagssjef. <\/p>\n<p class=\"_paragraph_o9xde_4 _paragraph_xtcu6_10 layout-component text-serif-m layout-normal text-serif-m layout-padded\">For Sverige er det en skjebnekamp mot Norge (TV3 \/ Viaplay kl. 20.30) etter sjokktapet for Brasil mandag.<\/p>\n<p class=\"_paragraph_o9xde_4 _paragraph_xtcu6_10 layout-component text-serif-m layout-normal text-serif-m layout-padded\"><strong class=\"_strong_o9xde_25\">Esbjerg har ikke hatt sitt beste halv\u00e5r. Det n\u00e6rmer seg krise i den norskdominerte klubben p\u00e5 Jylland. Mange gir Axn\u00e8r ansvaret.<\/strong><\/p>\n<ul class=\"_list_o9xde_3 _list_xtcu6_9 _unordered_o9xde_106 layout-component text-serif-m layout-normal text-serif-m layout-padded\">\n<li class=\"_item_o9xde_30\">I v\u00e5r tapte Esbjerg b\u00e5de semifinalen i Champions League og finalen i det danske mesterskapet.<\/li>\n<li class=\"_item_o9xde_30\">I h\u00f8st har klubben, der ogs\u00e5 Live Rushfeldt Deila spiller, tatt bare ni av 16 mulige poeng i Champions League. Det er langt under forventning.<\/li>\n<\/ul>\n<p class=\"_paragraph_o9xde_4 _paragraph_xtcu6_10 layout-component text-serif-m layout-normal text-serif-m layout-padded\">16. november avsluttet de h\u00f8stsesongen med uavgjort mot svake Buducnostsvake BuducnostSt\u00e5r med bare ett poeng p\u00e5 \u00e5tte kamper. i Montenegro. Bunnlaget utlignet etter at <a href=\"https:\/\/www.vg.no\/tag\/nora-moerk?utm_source=vg-article&amp;utm_medium=auto-tagger&amp;utm_campaign=aJ1me2\" class=\"_link_o9xde_39\" rel=\"nofollow noopener\" target=\"_blank\">Nora M\u00f8rk<\/a> var uheldig med en feilpasning i Esbjergs siste angrep.<\/p>\n<p class=\"_paragraph_o9xde_4 _paragraph_xtcu6_10 layout-component text-serif-m layout-normal text-serif-m layout-padded\">\u2013 Det p\u00e5virker ikke i VM. Det kan v\u00e6re sunt \u00e5 f\u00e5 et skifte av milj\u00f8 og f\u00e5 nye spillere rundt seg. Det kan v\u00e6re positivt, beskriver Nora M\u00f8rk etter en h\u00f8st med sv\u00e6rt svingende resultater.<\/p>\n<p><img alt=\"Tomas Axn\u00e9r intervjues av norsk presse. Her representert ved Viaplays Gunhild Toldnes.  Foto: Jostein Overvik\" class=\"_image_qp4xg_65 layout-component layout-normal\" data-fullscreen- data-track-element-type=\"Article image fullscreen\" data-track-name=\"ImageFullscreen\" decoding=\"async\" loading=\"lazy\" height=\"4284\" itemprop=\"image\"  src=\"https:\/\/www.europesays.com\/no\/wp-content\/uploads\/2025\/12\/cdd2f454-02c6-4880-9ffb-7784a255dda6\"  style=\"object-position:0% 0%\" width=\"5712\"\/>Tomas Axn\u00e9r intervjues av norsk presse. Her representert ved Viaplays Gunhild Toldnes.  Foto: Jostein Overvik<\/p>\n<p class=\"_paragraph_o9xde_4 _paragraph_xtcu6_10 layout-component text-serif-m layout-normal text-serif-m layout-padded\"><strong class=\"_strong_o9xde_25\">\u2013 Det er ikke g\u00f8y \u00e5 tape kamper. Man begynner \u00e5 lete etter \u00e5rsaker, beskriver Reistad.<\/strong><\/p>\n<p class=\"_paragraph_o9xde_4 _paragraph_xtcu6_10 layout-component text-serif-m layout-normal text-serif-m layout-padded\">\u2013 Henny var ute en m\u00e5ned. Alle lag som har en slik spiller p\u00e5virkes om hun ikke spiller, sier Axn\u00e9r til VG. <\/p>\n<p class=\"_paragraph_o9xde_4 _paragraph_xtcu6_10 layout-component text-serif-m layout-normal text-serif-m layout-padded\">Uten seier mot Norge er VM-kvartfinalen bare syltynn teori for svenskene. <\/p>\n<p class=\"_paragraph_o9xde_4 _paragraph_xtcu6_10 layout-component text-serif-m layout-normal text-serif-m layout-padded\"><strong class=\"_strong_o9xde_25\">Han har tidligere skapt store problemer for Norge med sine taktiske disposisjoner.<\/strong><\/p>\n<ul class=\"_list_o9xde_3 _list_xtcu6_9 _unordered_o9xde_106 layout-component text-serif-m layout-normal text-serif-m layout-padded\">\n<li class=\"_item_o9xde_30\">I VM 2021 m\u00e5tte Norge n\u00f8ye seg med uavgjort 30\u201330 mot Sverige p\u00e5 vei mot VM-gullet.<\/li>\n<li class=\"_item_o9xde_30\">I EM 2022 jobbet Norge hardt for \u00e5 sl\u00e5 svenskene 27\u201325. Mesterskapet endte i norsk gull.<\/li>\n<li class=\"_item_o9xde_30\">I OL 2024 vant Sverige \u00e5pningskampen 32\u201328 over Norge i \u00e5pningskampen. Norge vant resten \u2013 inkludert OL-gullet Axn\u00e8rs nye spill med syv angrepsspillere var viktig for den overraskende seieren.<\/li>\n<\/ul>\n<p class=\"_paragraph_o9xde_4 _paragraph_xtcu6_10 layout-component text-serif-m layout-normal text-serif-m layout-padded\">\u2013 Vi er i en situasjon hvor vi ikke kan spare p\u00e5 noe. Vi m\u00e5 pr\u00f8ve det vi har. Det kommer vi ikke til \u00e5 v\u00e6re redde for. Vi har ikke spilt ut alle kort i mesterskapet. Vi har en kampplan mot Norge som vi skal fors\u00f8ke \u00e5 sette ut i livet, lover Axn\u00e9r.<\/p>\n<p class=\"_paragraph_o9xde_4 _paragraph_xtcu6_10 layout-component text-serif-m layout-normal text-serif-m layout-padded\"><strong class=\"_strong_o9xde_25\">Nora M\u00f8rk hatet \u00e5 tape for Sverige i Paris, men sender et stikk til sin svenske klubbtrener.<\/strong><\/p>\n<p class=\"_paragraph_o9xde_4 _paragraph_xtcu6_10 layout-component text-serif-m layout-normal text-serif-m layout-padded\">\u2013 S\u00e5 kan du jo si at Sverige spilte ut alle kortene sine i den matchen. Da kunne jo alle andre lag forberede seg p\u00e5 7 mot 6. S\u00e5 v\u00e6r s\u00e5 god! Men det var en t\u00f8ff kamp. Det blir det onsdag ogs\u00e5. Vi er veldig forberedt p\u00e5 det, lover M\u00f8rk.<\/p>\n<p class=\"_paragraph_o9xde_4 _paragraph_xtcu6_10 layout-component text-serif-m layout-normal text-serif-m layout-padded\">Norge har vunnet 19 strake kamper i OL, EM og VM etter det forsmedelige tapet for Sverige.<\/p>\n<p class=\"_paragraph_o9xde_4 _paragraph_xtcu6_10 layout-component text-serif-m layout-normal text-serif-m layout-padded\">\u2013 Tror du det kommer noen taktiske varianter fra Axn\u00e9r n\u00e5?<\/p>\n<p class=\"_paragraph_o9xde_4 _paragraph_xtcu6_10 layout-component text-serif-m layout-normal text-serif-m layout-padded\">\u2013 Det er en mann med veldig mange ideer. Det kan godt hende, svarer Nora M\u00f8rk.<\/p>\n<p class=\"_paragraph_o9xde_4 _paragraph_xtcu6_10 layout-component text-serif-m layout-normal text-serif-m layout-padded\">\u2013 Kan det bli for mange?<\/p>\n<p class=\"_paragraph_o9xde_4 _paragraph_xtcu6_10 layout-component text-serif-m layout-normal text-serif-m layout-padded\">\u2013 Nei, men om han f\u00e5r satt de i spill eller ikke, det gjenst\u00e5r \u00e5 se. Det er ikke s\u00e5 mye tid \u00e5 gj\u00f8re det p\u00e5, minner hun om.<\/p>\n<p class=\"_paragraph_o9xde_4 _paragraph_xtcu6_10 layout-component text-serif-m layout-normal text-serif-m layout-padded\">Sverige reiste tirsdag 43 mil fra Stuttgart til Dortmund. Norge n\u00f8yde seg med 25 mil i buss fra Trier.<\/p>\n<p class=\"_paragraph_o9xde_4 _paragraph_xtcu6_10 layout-component text-serif-m layout-normal text-serif-m layout-padded\">Anniken Obaidli ble strekkskadet like f\u00f8r VM. F\u00f8r kampen mot Sverige kom Ole Gustav Gjekstad med en gladnyhet. <\/p>\n<p class=\"_paragraph_o9xde_4 _paragraph_xtcu6_10 layout-component text-serif-m layout-normal text-serif-m layout-padded\">\u2013 Vi har skrevet inn Anikken Obaidli i troppen, s\u00e5 hun er spilleklar bekreftet Gjekstad onsdag.<\/p>\n<p>Norge i hovedrunden<\/p>\n<p class=\"_paragraph_o9xde_4 _paragraph_xtcu6_10 _paragraph_16v91_10 layout-component text-serif-m layout-normal text-sans-m layout-padded\"><strong class=\"_strong_o9xde_25\">3. desember <\/strong>kl. 20.30: Norge \u2013 Sverige.<\/p>\n<p class=\"_paragraph_o9xde_4 _paragraph_xtcu6_10 _paragraph_16v91_10 layout-component text-serif-m layout-normal text-sans-m layout-padded\"><strong class=\"_strong_o9xde_25\">5. desember<\/strong> kl. 20.30: Tsjekkia \u2013 Norge.<\/p>\n<p class=\"_paragraph_o9xde_4 _paragraph_xtcu6_10 _paragraph_16v91_10 layout-component text-serif-m layout-normal text-sans-m layout-padded\"><strong class=\"_strong_o9xde_25\">7. desember<\/strong> kl. 20.30: Norge \u2013 Brasil.<\/p>\n<p class=\"_paragraph_o9xde_4 _paragraph_xtcu6_10 _paragraph_16v91_10 layout-component text-serif-m layout-normal text-sans-m layout-padded\">Alle kamper sendes p\u00e5 TV 3 \/ Viaplay.<\/p>\n<p>Vis mer<\/p>\n<p class=\"_paragraph_o9xde_4 _paragraph_xtcu6_10 layout-component text-serif-m layout-normal text-serif-m layout-padded\">\u2013 Dette betyr mye for oss. Men enda mer for Sverige. De har kniven p\u00e5 strupen. Vi f\u00e5r en kamp med tr\u00f8kk i, mener Henny Reistad.<\/p>\n<p class=\"_paragraph_o9xde_4 _paragraph_xtcu6_10 layout-component text-serif-m layout-normal text-serif-m layout-padded\">\u2013 Hva betyr det at Axn\u00e9r kjenner dine hemmeligheter?<\/p>\n<p class=\"_paragraph_o9xde_4 _paragraph_xtcu6_10 layout-component text-serif-m layout-normal text-serif-m layout-padded\">\u2013 Han kjenner til m\u00e5ten jeg vil spille h\u00e5ndball p\u00e5, men jeg vet ikke om det er s\u00e5 mange hemmeligheter. Konseptet er dessuten annerledes n\u00e5r jeg spiller med andre spillere p\u00e5 landslaget.<\/p>\n<p class=\"_paragraph_o9xde_4 _paragraph_xtcu6_10 layout-component text-serif-m layout-normal text-serif-m layout-padded\"><strong class=\"_strong_o9xde_25\">Slik svarer Tomas Axn\u00e9r p\u00e5 VG sp\u00f8rsm\u00e5l om hvordan Reistad skal stoppes:<\/strong><\/p>\n<p class=\"_paragraph_o9xde_4 _paragraph_xtcu6_10 layout-component text-serif-m layout-normal text-serif-m layout-padded\">\u2013 Hun er verdens beste h\u00e5ndballspiller. Kanskje den beste som noensinne har drevet med denne sporten. Hun har utrolig mange fasetter \u00e5 spille p\u00e5. Hun er \u00abj\u00e4kligt\u00bb bra p\u00e5 mye. Vi m\u00e5 pr\u00f8ve \u00e5 ta bort det. S\u00e5 f\u00e5r hun gj\u00f8re bare det hun er kjempebra p\u00e5.<\/p>\n<p class=\"_paragraph_o9xde_4 _paragraph_xtcu6_10 layout-component text-serif-m layout-normal text-serif-m layout-padded\">PS! Henny Reistad spilte ikke fjor\u00e5rets OL-kamp mot Sverige p\u00e5 grunn av skade.<\/p>\n","protected":false},"excerpt":{"rendered":"Nora M\u00f8rk og Henny Reistad m\u00f8ter sin klubbtrener i kveld. M\u00f8rk sender stikk \u2013 og Reistad hylles som&hellip;\n","protected":false},"author":2,"featured_media":103320,"comment_status":"","ping_status":"","sticky":false,"template":"","format":"standard","meta":{"footnotes":""},"categories":[59],"tags":[105,9443,8985,30,1529,28,29,83,82],"class_list":{"0":"post-103319","1":"post","2":"type-post","3":"status-publish","4":"format-standard","5":"has-post-thumbnail","7":"category-sport","8":"tag-handball","9":"tag-handball-vm","10":"tag-henny-reistad","11":"tag-no","12":"tag-nora-mork","13":"tag-norge","14":"tag-norway","15":"tag-sport","16":"tag-sports"},"share_on_mastodon":{"url":"https:\/\/pubeurope.com\/@no\/115656492900565046","error":""},"_links":{"self":[{"href":"https:\/\/www.europesays.com\/no\/wp-json\/wp\/v2\/posts\/103319","targetHints":{"allow":["GET"]}}],"collection":[{"href":"https:\/\/www.europesays.com\/no\/wp-json\/wp\/v2\/posts"}],"about":[{"href":"https:\/\/www.europesays.com\/no\/wp-json\/wp\/v2\/types\/post"}],"author":[{"embeddable":true,"href":"https:\/\/www.europesays.com\/no\/wp-json\/wp\/v2\/users\/2"}],"replies":[{"embeddable":true,"href":"https:\/\/www.europesays.com\/no\/wp-json\/wp\/v2\/comments?post=103319"}],"version-history":[{"count":0,"href":"https:\/\/www.europesays.com\/no\/wp-json\/wp\/v2\/posts\/103319\/revisions"}],"wp:featuredmedia":[{"embeddable":true,"href":"https:\/\/www.europesays.com\/no\/wp-json\/wp\/v2\/media\/103320"}],"wp:attachment":[{"href":"https:\/\/www.europesays.com\/no\/wp-json\/wp\/v2\/media?parent=103319"}],"wp:term":[{"taxonomy":"category","embeddable":true,"href":"https:\/\/www.europesays.com\/no\/wp-json\/wp\/v2\/categories?post=103319"},{"taxonomy":"post_tag","embeddable":true,"href":"https:\/\/www.europesays.com\/no\/wp-json\/wp\/v2\/tags?post=103319"}],"curies":[{"name":"wp","href":"https:\/\/api.w.org\/{rel}","templated":true}]}}