{"id":103323,"date":"2025-12-03T16:10:11","date_gmt":"2025-12-03T16:10:11","guid":{"rendered":"https:\/\/www.europesays.com\/no\/103323\/"},"modified":"2025-12-03T16:10:11","modified_gmt":"2025-12-03T16:10:11","slug":"domt-for-22-drap-arnfinn-nesset-89-er-dod","status":"publish","type":"post","link":"https:\/\/www.europesays.com\/no\/103323\/","title":{"rendered":"D\u00f8mt for 22 drap: Arnfinn Nesset (89) er d\u00f8d"},"content":{"rendered":"<p data-testid=\"textWithMarkup-markup\" data-v-62d58f52=\"\"> \u2013 Jeg kan bekrefte at Arnfinn Nesset d\u00f8de tirsdag. Han sovnet fredfullt inn p\u00e5 et sykehjem, sier advokat Per-Arne Skog til <a href=\"https:\/\/www.vg.no\/nyheter\/i\/k0Wlxv\/den-norske-seriemorderen-arnfinn-nesset-er-doed\" rel=\"noopener nofollow\" target=\"_blank\">VG<\/a>.<\/p>\n<p data-testid=\"textWithMarkup-text\" data-v-ca17de6b=\"\" data-v-62d58f52=\"\">I 1983 ble Arnfinn Nesset d\u00f8mt til 21 \u00e5rs fengsel og ti \u00e5rs sikring for overlagt drap p\u00e5 22 pasienter ved et pleiehjem i Orkdal i S\u00f8r-Tr\u00f8ndelag. Han sonet 12 \u00e5r av straffen i fengsel og ble l\u00f8slatt i 1993 til s\u00e5kalt fri sikring etter \u00e5 ha gjennomf\u00f8rt soning med plettfri oppf\u00f8rsel.<\/p>\n<p data-testid=\"textWithMarkup-text\" data-v-ca17de6b=\"\" data-v-62d58f52=\"\">Etter l\u00f8slatelsen bosatte Nesset seg p\u00e5 en helt annen plass i Norge. <\/p>\n<p data-testid=\"textWithMarkup-text\" data-v-ca17de6b=\"\" data-v-62d58f52=\"\">Da saken ble rullet opp p\u00e5 starten av 80-tallet, var det ingen som kunne tro at Arnfinn Nesset hadde beg\u00e5tt drap. Han var en velrespektert mann i Orkdal, en familiemann og bestyrer p\u00e5 Orkdal syke- og aldershjem. Men i l\u00f8pet av etterforskningen og 967 timer med politiavh\u00f8r tilsto han 30 drap med det muskelavslappende giftstoffet curacit.<\/p>\n<p data-testid=\"textWithMarkup-text\" data-v-ca17de6b=\"\" data-v-62d58f52=\"\">I retten trakk han tilst\u00e5elsene og hevdet sin uskyld. Han sa at politiet presset ham i avh\u00f8r med at de ville grave opp likene av de d\u00f8de menneskene.<\/p>\n<p data-testid=\"textWithMarkup-markup\" data-v-62d58f52=\"\"> \u2013 Det synes jeg var s\u00e5 forferdelig at jeg sa at da er det bedre at jeg tar det p\u00e5 meg, hevdet han if\u00f8lge <a href=\"https:\/\/www.nrk.no\/norge\/arnfinn-nesset-om-a-vaere-domt-seriemorder-1.16931526\" rel=\"noopener nofollow\" target=\"_blank\">NRK<\/a> , som i fjor laget en podkast om saken.<\/p>\n<p data-testid=\"textWithMarkup-text\" data-v-ca17de6b=\"\" data-v-62d58f52=\"\">Da var det g\u00e5tt 41 \u00e5r siden dommen og Nesset mente at saken hans burde bli belyst p\u00e5 nytt. Det rakk han imidlertid ikke \u00e5 f\u00e5 oppleve. <\/p>\n<p data-testid=\"textWithMarkup-text\" data-v-ca17de6b=\"\" data-v-62d58f52=\"\">Nesset fikk den legendariske advokaten Alf Nordhus oppnevnt som sin forsvarer. I forbindelse med bokutgivelse da Nordhus fylte 70 \u00e5r i 1989 skrev han hvordan saken hadde v\u00e6rt preget av omfattende forh\u00e5ndsd\u00f8mming i mediene. <\/p>\n<p data-testid=\"textWithMarkup-text\" data-v-ca17de6b=\"\" data-v-62d58f52=\"\">\u2013 Gikk det sport i \u00e5 f\u00e5 Nesset til \u00e5 tilst\u00e5? Ble det inng\u00e5tt veddem\u00e5l? spurte Nordhus i boka.<\/p>\n<p data-testid=\"textWithMarkup-text\" data-v-ca17de6b=\"\" data-v-62d58f52=\"\">\u2013 Gjennom pressekonferansene og medieoppslagene ble allmennheten i flere m\u00e5neder holdt underrettet om hvor effektiv etterforskningen var. Opinionen mot Nesset ble skapt. Bygda hadde funnet sin massemorder.<\/p>\n<p data-testid=\"textWithMarkup-text\" data-v-ca17de6b=\"\" data-v-62d58f52=\"\">Nesset vokste opp p\u00e5 Gj\u00f8lga i Bjugn. Les mer om sporene etter oppveksten her.<\/p>\n","protected":false},"excerpt":{"rendered":"\u2013 Jeg kan bekrefte at Arnfinn Nesset d\u00f8de tirsdag. Han sovnet fredfullt inn p\u00e5 et sykehjem, sier advokat&hellip;\n","protected":false},"author":2,"featured_media":103324,"comment_status":"","ping_status":"","sticky":false,"template":"","format":"standard","meta":{"footnotes":""},"categories":[10],"tags":[20,21,24,25,15,22,23,13,30,28,29,14,16,26,27],"class_list":{"0":"post-103323","1":"post","2":"type-post","3":"status-publish","4":"format-standard","5":"has-post-thumbnail","7":"category-norge","8":"tag-breaking-news","9":"tag-breakingnews","10":"tag-featured-news","11":"tag-featurednews","12":"tag-headlines","13":"tag-latest-news","14":"tag-latestnews","15":"tag-news","16":"tag-no","17":"tag-norge","18":"tag-norway","19":"tag-nyheter","20":"tag-overskrifter","21":"tag-top-stories","22":"tag-topstories"},"share_on_mastodon":{"url":"https:\/\/pubeurope.com\/@no\/115656512290182728","error":""},"_links":{"self":[{"href":"https:\/\/www.europesays.com\/no\/wp-json\/wp\/v2\/posts\/103323","targetHints":{"allow":["GET"]}}],"collection":[{"href":"https:\/\/www.europesays.com\/no\/wp-json\/wp\/v2\/posts"}],"about":[{"href":"https:\/\/www.europesays.com\/no\/wp-json\/wp\/v2\/types\/post"}],"author":[{"embeddable":true,"href":"https:\/\/www.europesays.com\/no\/wp-json\/wp\/v2\/users\/2"}],"replies":[{"embeddable":true,"href":"https:\/\/www.europesays.com\/no\/wp-json\/wp\/v2\/comments?post=103323"}],"version-history":[{"count":0,"href":"https:\/\/www.europesays.com\/no\/wp-json\/wp\/v2\/posts\/103323\/revisions"}],"wp:featuredmedia":[{"embeddable":true,"href":"https:\/\/www.europesays.com\/no\/wp-json\/wp\/v2\/media\/103324"}],"wp:attachment":[{"href":"https:\/\/www.europesays.com\/no\/wp-json\/wp\/v2\/media?parent=103323"}],"wp:term":[{"taxonomy":"category","embeddable":true,"href":"https:\/\/www.europesays.com\/no\/wp-json\/wp\/v2\/categories?post=103323"},{"taxonomy":"post_tag","embeddable":true,"href":"https:\/\/www.europesays.com\/no\/wp-json\/wp\/v2\/tags?post=103323"}],"curies":[{"name":"wp","href":"https:\/\/api.w.org\/{rel}","templated":true}]}}