{"id":103325,"date":"2025-12-03T16:11:39","date_gmt":"2025-12-03T16:11:39","guid":{"rendered":"https:\/\/www.europesays.com\/no\/103325\/"},"modified":"2025-12-03T16:11:39","modified_gmt":"2025-12-03T16:11:39","slug":"unge-meninger-mdgs-onsketenkning","status":"publish","type":"post","link":"https:\/\/www.europesays.com\/no\/103325\/","title":{"rendered":"Unge meninger: MDGs \u00f8nsketenkning"},"content":{"rendered":"\n<p class=\"_paragraph_o9xde_4 _paragraph_xtcu6_10 layout-component text-serif-m layout-normal text-serif-m layout-padded\">Partiet feirer at de har f\u00e5tt gjennomslag for en \u00abomstillingskommisjon\u00bb som skal skrive starten p\u00e5 slutten av norsk oljeindustri.<\/p>\n<p class=\"_paragraph_o9xde_4 _paragraph_xtcu6_10 layout-component text-serif-m layout-normal text-serif-m layout-padded\">MDG selger en fortelling om utfasing som ikke henger sammen med <a href=\"https:\/\/www.vg.no\/tag\/europa?utm_source=vg-article&amp;utm_medium=auto-tagger&amp;utm_campaign=7pnXX4\" class=\"_link_o9xde_39\" rel=\"nofollow noopener\" target=\"_blank\">Europas<\/a> energibehov og utslippskutt.<\/p>\n<p class=\"_paragraph_o9xde_4 _paragraph_xtcu6_10 layout-component text-serif-m layout-normal text-serif-m layout-padded\">Budsjettpartnerne mener dette ikke endrer norsk oljepolitikk.<\/p>\n<p class=\"_paragraph_o9xde_4 _paragraph_xtcu6_10 layout-component text-serif-m layout-normal text-serif-m layout-padded\">Og det b\u00f8r det ikke.<\/p>\n<p class=\"_paragraph_o9xde_4 _paragraph_xtcu6_10 layout-component text-serif-m layout-normal text-serif-m layout-padded\">Det kan h\u00f8res gr\u00f8nt ut p\u00e5 papiret, men i praksis er en utfasingsplan d\u00e5rlig klimapolitikk og d\u00e5rlig n\u00e6ringspolitikk.<\/p>\n<p class=\"_paragraph_o9xde_4 _paragraph_xtcu6_10 layout-component text-serif-m layout-normal text-serif-m layout-padded\">Vi f\u00e5r ikke flere gr\u00f8nne arbeidsplasser hvis politikere peker p\u00e5 en sluttdato for oljen og h\u00e5per markedet fyller tomrommet. <\/p>\n<p class=\"_paragraph_o9xde_4 _paragraph_xtcu6_10 layout-component text-serif-m layout-normal text-serif-m layout-padded\">Arbeidsplassene kommer n\u00e5r teknologi og ettersp\u00f8rsel faktisk gj\u00f8r dem l\u00f8nnsomme. <\/p>\n<p class=\"_paragraph_o9xde_4 _paragraph_xtcu6_10 layout-component text-serif-m layout-normal text-serif-m layout-padded\">Samtidig kan vi ikke gjette oss frem til hvilke n\u00e6ringer som vil eksistere om 20 \u00e5r.<\/p>\n<p class=\"_paragraph_o9xde_4 _paragraph_xtcu6_10 layout-component text-serif-m layout-normal text-serif-m layout-padded\">Det eneste forutsigbare med en norsk utfasingsplan er at Norge taper arbeidsplasser, kompetanse, inntekter og investeringer lenge f\u00f8r gr\u00f8nne alternativer er modne.<\/p>\n<p class=\"_paragraph_o9xde_4 _paragraph_xtcu6_10 layout-component text-serif-m layout-normal text-serif-m layout-padded\">I verden \u00f8ker ettersp\u00f8rselen etter mer energi, og fornybar energi kommer ikke til \u00e5 dekke dette behovet. <\/p>\n<p class=\"_paragraph_o9xde_4 _paragraph_xtcu6_10 layout-component text-serif-m layout-normal text-serif-m layout-padded\">I flere ti\u00e5r fremover kommer vi til \u00e5 trenge olje \u2013 spesielt i en omstillingsfase.<\/p>\n<p class=\"_paragraph_o9xde_4 _paragraph_xtcu6_10 layout-component text-serif-m layout-normal text-serif-m layout-padded\">Hvis vi sier nei, forsvinner ikke ettersp\u00f8rselen.<\/p>\n<p class=\"_paragraph_o9xde_4 _paragraph_xtcu6_10 layout-component text-serif-m layout-normal text-serif-m layout-padded\">Produksjonen \u00f8kes bare i land som Saudi-Arabia og Russland, med h\u00f8yere utslipp per fat, d\u00e5rligere menneskerettigheter, og null klimaambisjoner.<\/p>\n<p class=\"_paragraph_o9xde_4 _paragraph_xtcu6_10 layout-component text-serif-m layout-normal text-serif-m layout-padded\"><strong class=\"_strong_o9xde_25\">Da er det bedre at Norge st\u00e5r for produksjonen.<\/strong><\/p>\n<p class=\"_paragraph_o9xde_4 _paragraph_xtcu6_10 layout-component text-serif-m layout-normal text-serif-m layout-padded\">Vi har verdensledende klima- og sikkerhetsstandarder, lave utslipp per fat og en demokratisk og ansvarlig forvaltning av ressursene.<\/p>\n<p class=\"_paragraph_o9xde_4 _paragraph_xtcu6_10 layout-component text-serif-m layout-normal text-serif-m layout-padded\">Derfor er norsk olje den mest ansvarlige verden kan f\u00e5.<\/p>\n<p class=\"_paragraph_o9xde_4 _paragraph_xtcu6_10 layout-component text-serif-m layout-normal text-serif-m layout-padded\">Norsk petroleumsindustri gj\u00f8r ogs\u00e5 at Europa brenner mindre kull og kj\u00f8per mindre russisk gass. <\/p>\n<p class=\"_paragraph_o9xde_4 _paragraph_xtcu6_10 layout-component text-serif-m layout-normal text-serif-m layout-padded\">N\u00e5r norske leveranser faller, fylles gapet av nettopp kull og autorit\u00e6re regimers gass, ikke av fornybar energi.<\/p>\n<p class=\"_paragraph_o9xde_4 _paragraph_xtcu6_10 layout-component text-serif-m layout-normal text-serif-m layout-padded\">Vi sitter med verdifull erfaring som kan brukes i fornybare l\u00f8sninger. <\/p>\n<p class=\"_paragraph_o9xde_4 _paragraph_xtcu6_10 layout-component text-serif-m layout-normal text-serif-m layout-padded\">Stenger vi kranene, risikerer vi \u00e5 miste dette fortrinnet og dermed ogs\u00e5 v\u00e5r plass i verdens\u00f8konomien.<\/p>\n<p class=\"_paragraph_o9xde_4 _paragraph_xtcu6_10 layout-component text-serif-m layout-normal text-serif-m layout-padded\">Vi m\u00e5 kutte utslippene, ikke utviklingen.<\/p>\n<p class=\"_paragraph_o9xde_4 _paragraph_xtcu6_10 layout-component text-serif-m layout-normal text-serif-m layout-padded\">\u00c5 holde n\u00e6ringen sterk betyr \u00e5 sikre norske arbeidsplasser, b\u00e5de i dagens oljevirksomhet og i de kommende fornybare industriene.<\/p>\n<p class=\"_paragraph_o9xde_4 _paragraph_xtcu6_10 layout-component text-serif-m layout-normal text-serif-m layout-padded\">MDG kan kalle kommisjonen for et vendepunkt i norsk oljepolitikk, men den fremst\u00e5r bare som nok et utvalg.<\/p>\n<p class=\"_paragraph_o9xde_4 _paragraph_xtcu6_10 layout-component text-serif-m layout-normal text-serif-m layout-padded\">Norge skal og b\u00f8r fortsette \u00e5 v\u00e6re Europas sikreste og verdens tryggeste olje- og gassleverand\u00f8r.<\/p>\n<p>      Dette er en kronikk. Kronikken gir uttrykk for skribentens holdning. Du kan sende inn kronikker og debattinnlegg til <a class=\"_link_jv5ak_10\" href=\"https:\/\/www.vg.no\/nyheter\/i\/7pnXX4\/mailto:debatt@vg.no\" rel=\"nofollow noopener\" target=\"_blank\">debatt@vg.no<\/a>. Unge meninger-prosjektet er finansiert med st\u00f8tte av Stiftelsen Tinius. <a class=\"_link_jv5ak_10\" href=\"https:\/\/www.vg.no\/informasjon\/redaksjonelle-avgjorelser\/240\" rel=\"nofollow noopener\" target=\"_blank\">Les mer<\/a>. <\/p>\n","protected":false},"excerpt":{"rendered":"Partiet feirer at de har f\u00e5tt gjennomslag for en \u00abomstillingskommisjon\u00bb som skal skrive starten p\u00e5 slutten av norsk&hellip;\n","protected":false},"author":2,"featured_media":103326,"comment_status":"","ping_status":"","sticky":false,"template":"","format":"standard","meta":{"footnotes":""},"categories":[5],"tags":[20,21,274,24,25,9866,15,19,22,23,17,18,13,30,28,29,14,16,26,27,1667,103],"class_list":{"0":"post-103325","1":"post","2":"type-post","3":"status-publish","4":"format-standard","5":"has-post-thumbnail","7":"category-overskrifter","8":"tag-breaking-news","9":"tag-breakingnews","10":"tag-europa","11":"tag-featured-news","12":"tag-featurednews","13":"tag-fornybar-energi","14":"tag-headlines","15":"tag-hovedoppslag","16":"tag-latest-news","17":"tag-latestnews","18":"tag-main-news","19":"tag-mainnews","20":"tag-news","21":"tag-no","22":"tag-norge","23":"tag-norway","24":"tag-nyheter","25":"tag-overskrifter","26":"tag-top-stories","27":"tag-topstories","28":"tag-utslipp","29":"tag-vgmeninger"},"share_on_mastodon":{"url":"https:\/\/pubeurope.com\/@no\/115656516122618064","error":""},"_links":{"self":[{"href":"https:\/\/www.europesays.com\/no\/wp-json\/wp\/v2\/posts\/103325","targetHints":{"allow":["GET"]}}],"collection":[{"href":"https:\/\/www.europesays.com\/no\/wp-json\/wp\/v2\/posts"}],"about":[{"href":"https:\/\/www.europesays.com\/no\/wp-json\/wp\/v2\/types\/post"}],"author":[{"embeddable":true,"href":"https:\/\/www.europesays.com\/no\/wp-json\/wp\/v2\/users\/2"}],"replies":[{"embeddable":true,"href":"https:\/\/www.europesays.com\/no\/wp-json\/wp\/v2\/comments?post=103325"}],"version-history":[{"count":0,"href":"https:\/\/www.europesays.com\/no\/wp-json\/wp\/v2\/posts\/103325\/revisions"}],"wp:featuredmedia":[{"embeddable":true,"href":"https:\/\/www.europesays.com\/no\/wp-json\/wp\/v2\/media\/103326"}],"wp:attachment":[{"href":"https:\/\/www.europesays.com\/no\/wp-json\/wp\/v2\/media?parent=103325"}],"wp:term":[{"taxonomy":"category","embeddable":true,"href":"https:\/\/www.europesays.com\/no\/wp-json\/wp\/v2\/categories?post=103325"},{"taxonomy":"post_tag","embeddable":true,"href":"https:\/\/www.europesays.com\/no\/wp-json\/wp\/v2\/tags?post=103325"}],"curies":[{"name":"wp","href":"https:\/\/api.w.org\/{rel}","templated":true}]}}