{"id":103327,"date":"2025-12-03T16:13:15","date_gmt":"2025-12-03T16:13:15","guid":{"rendered":"https:\/\/www.europesays.com\/no\/103327\/"},"modified":"2025-12-03T16:13:15","modified_gmt":"2025-12-03T16:13:15","slug":"skal-prove-a-ikke-grine","status":"publish","type":"post","link":"https:\/\/www.europesays.com\/no\/103327\/","title":{"rendered":"\u2013 Skal pr\u00f8ve \u00e5 ikke grine"},"content":{"rendered":"\n<p class=\"_lead_o9xde_2 _lead_xtcu6_50 layout-component text-serif-m layout-normal text-serif-l layout-component layout-wide layout-padded _wide_17hqh_1 layout-padded\">I helgen freste han mot treneren \u2013 n\u00e5 er alt s\u00e5 mye lysere for rekruttl\u00f8per Johan-Olav Sm\u00f8rdal Botn.<\/p>\n<p><img alt=\" Foto: HANNA BRUNLOF \/ EPA \/ NTB\" class=\"_image_qp4xg_65 layout-component layout-wide\" data-fullscreen- data-track-element-type=\"Article image fullscreen\" data-track-name=\"ImageFullscreen\" fetchpriority=\"high\" decoding=\"sync\" loading=\"eager\" height=\"5504\" itemprop=\"image\"  src=\"https:\/\/www.europesays.com\/no\/wp-content\/uploads\/2025\/12\/dba061ba-6481-4813-9e5e-da8676f39638\"  style=\"object-position:0% 0%\" width=\"8256\"\/> Foto: HANNA BRUNLOF \/ EPA \/ NTB<\/p>\n<ul aria-hidden=\"true\" class=\"_images_1uft6_111\">\n<li><a class=\"_link_1uft6_116\" href=\"https:\/\/www.vg.no\/forfatter\/jens-friberg\" style=\"z-index:1\" title=\"Jens Friberg\" rel=\"nofollow noopener\" target=\"_blank\"><img alt=\"Bilde av Jens Friberg\" class=\"_image_1uft6_93\" fetchpriority=\"low\" loading=\"lazy\" decoding=\"async\" itemprop=\"image\"  src=\"https:\/\/www.europesays.com\/no\/wp-content\/uploads\/2025\/12\/1764778395_374_d5a4433c-4b68-4c86-a3bf-a19d98457272\"  width=\"480\"\/><\/a><\/li>\n<\/ul>\n<p> Oppdatert onsdag 3. desember kl. 17:08     <\/p>\n<p class=\"_paragraph_o9xde_4 _paragraph_xtcu6_10 layout-component text-serif-m layout-normal text-serif-m layout-padded\">\u2013 Det hadde vi ikke trodd for et par timer siden. N\u00e5 f\u00f8ler jeg meg helt r\u00e5. \u00abOn top of the world\u00bb, sier Botn til NRK.<\/p>\n<p class=\"_paragraph_o9xde_4 _paragraph_xtcu6_10 layout-component text-serif-m layout-normal text-serif-m layout-padded\">Med trynet fullt av sikkel, sn\u00f8rr og spytt, i sann Ole Einar Bj\u00f8rndalen-stil, kunne Botn skrike ut i jubel etter \u00e5 ha krysset m\u00e5lstreken.<\/p>\n<p class=\"_paragraph_o9xde_4 _paragraph_xtcu6_10 layout-component text-serif-m layout-normal text-serif-m layout-padded\"><strong class=\"_strong_o9xde_25\">Men f\u00f8r det pekte han nese inn i kamera.<\/strong><\/p>\n<p class=\"_paragraph_o9xde_4 _paragraph_xtcu6_10 layout-component text-serif-m layout-normal text-serif-m layout-padded\">Til NRK avsl\u00f8rer han at han v\u00e5knet med vondt i halsen tidligere denne uken. Han skj\u00f8nte ikke hva som var galt \u2013 og ble bekymret.<\/p>\n<p class=\"_paragraph_o9xde_4 _paragraph_xtcu6_10 layout-component text-serif-m layout-normal text-serif-m layout-padded\">\u2013 Jeg trodde sesongen kom til \u00e5 ryke og var veldig nedfor. Men det l\u00f8snet og jeg kom meg til start, sier seierherren. <\/p>\n<p class=\"_paragraph_o9xde_4 _paragraph_xtcu6_10 layout-component text-serif-m layout-normal text-serif-m layout-padded\"><strong class=\"_strong_o9xde_25\">\u2013 Jeg skal pr\u00f8ve \u00e5 ikke grine, sier han.<\/strong><\/p>\n<p class=\"_paragraph_o9xde_4 _paragraph_xtcu6_10 layout-component text-serif-m layout-normal text-serif-m layout-padded\">26-\u00e5ringen gjennomf\u00f8rte et perfekt l\u00f8p med fire fulle hus i sesongens f\u00f8rste individuelle distanse i verdenscupen.<\/p>\n<p class=\"_paragraph_o9xde_4 _paragraph_xtcu6_10 layout-component text-serif-m layout-normal text-serif-m layout-padded\">Det var han imidlertid ikke alene om.<\/p>\n<p class=\"_paragraph_o9xde_4 _paragraph_xtcu6_10 layout-component text-serif-m layout-normal text-serif-m layout-padded\">Landslagsnykommer Martin Uldal traff ogs\u00e5 tyve av tyve blinker p\u00e5 normaldistansen, og slo svenske Sebastian Samuelsson p\u00e5 dramatisk vis p\u00e5 sisterunden. <\/p>\n<p class=\"_paragraph_o9xde_4 _paragraph_xtcu6_10 layout-component text-serif-m layout-normal text-serif-m layout-padded\">Uldal blir henvist til andreplass. Skytehastigheten til Norges \u00ablucky Luke\u00bb var usedvanlig treg \u2013 til ham \u00e5 v\u00e6re.<\/p>\n<p class=\"_paragraph_o9xde_4 _paragraph_xtcu6_10 layout-component text-serif-m layout-normal text-serif-m layout-padded\">\u2013 Det er faktisk flaut. Hvis jeg ikke kj\u00f8rer den offensive stilen, og heller er defensiv \u2013 da er det ikke m\u00e5te p\u00e5 hvor lang tid jeg kan bruke. Selv om jeg treffer i dag. Det var flaut, sier Uldal til NRK.<\/p>\n<p class=\"_paragraph_o9xde_4 _paragraph_xtcu6_10 layout-component text-serif-m layout-normal text-serif-m layout-padded\">Han brukte rundt to og et halvt minutt p\u00e5 fire serier \u2013 blant de tregeste i feltet.<\/p>\n<p class=\"_paragraph_o9xde_4 _paragraph_xtcu6_10 layout-component text-serif-m layout-normal text-serif-m layout-padded\">Botn var imidlertid best ogs\u00e5 i sporet, og sikret det som er hans f\u00f8rste verdenscupseier. <\/p>\n<p class=\"_paragraph_o9xde_4 _paragraph_xtcu6_10 layout-component text-serif-m layout-normal text-serif-m layout-padded\">Det er en stor kontrast til helgen.<\/p>\n<p class=\"_paragraph_o9xde_4 _paragraph_xtcu6_10 layout-component text-serif-m layout-normal text-serif-m layout-padded\">Da freste han regelrett mot trener Egil Kristiansen. Sjefens uttalelser om Botns evner p\u00e5 standplass <a href=\"https:\/\/www.vg.no\/sport\/i\/16PLqq\/skiskyting-reagerte-paa-trenerens-uttalelse-var-bare-i-sjokk\" data-track-element-type=\"Link\" data-track-id=\"link:16PLqq\" class=\"_link_o9xde_39\" rel=\"nofollow noopener\" target=\"_blank\">etterlot Botn \u00abi sjokk\u00bb<\/a>. <\/p>\n<p class=\"_paragraph_o9xde_4 _paragraph_xtcu6_10 layout-component text-serif-m layout-normal text-serif-m layout-padded\">N\u00e5 fant han en \u00e5lreit m\u00e5te \u00e5 bevise sine evner ogs\u00e5 med b\u00f8rsa.<\/p>\n<p class=\"_paragraph_o9xde_4 _paragraph_xtcu6_10 layout-component text-serif-m layout-normal text-serif-m layout-padded\">Botn er i utgangspunktet ikke del av landslaget, men fikk g\u00e5 verdenscup\u00e5pningen p\u00e5 grunn av sin seier p\u00e5 Geilo. Det var i den nasjonale sesong\u00e5pningen.<\/p>\n<p class=\"_paragraph_o9xde_4 _paragraph_xtcu6_10 layout-component text-serif-m layout-normal text-serif-m layout-padded\">N\u00e5 ligger det meste til rette for at han f\u00e5r g\u00e5 mye verdenscup fremover. <\/p>\n<p class=\"_paragraph_o9xde_4 _paragraph_xtcu6_10 layout-component text-serif-m layout-normal text-serif-m layout-padded\">\u2013 Det blir et rotterace, sier Botn om kampen om \u00e5 f\u00e5 g\u00e5 verdenscup videre \u2013 s\u00e5 sterkt er niv\u00e5et i norsk herreskiskyting.<\/p>\n<p class=\"_paragraph_o9xde_4 _paragraph_xtcu6_10 layout-component text-serif-m layout-normal text-serif-m layout-padded\">Rekruttl\u00f8per Sivert Guttorm Bakken fikk sjansen i Vebj\u00f8rn S\u00f8rums frav\u00e6r.<\/p>\n<p class=\"_paragraph_o9xde_4 _paragraph_xtcu6_10 layout-component text-serif-m layout-normal text-serif-m layout-padded\">Den tok han virkelig vare p\u00e5, han hadde tre fulle hus f\u00f8r det ble \u00e9n bom p\u00e5 siste skyting. Dermed tok han fjerdeplass, i sitt f\u00f8rste verdenscuprenn p\u00e5 mer enn tre \u00e5r.<\/p>\n<p class=\"_paragraph_o9xde_4 _paragraph_xtcu6_10 layout-component text-serif-m layout-normal text-serif-m layout-padded\">Sturla Holm L\u00e6greid hadde \u00e9n bom og ender p\u00e5 femteplass, Vetle Sj\u00e5stad Christiansen fikk tre bom og ender p\u00e5 17. plass.<\/p>\n<p class=\"_paragraph_o9xde_4 _paragraph_xtcu6_10 layout-component text-serif-m layout-normal text-serif-m layout-padded\">Isak Leknes Frey ender p\u00e5 31. plass, mens for Endre Str\u00f8msheim var det helsvart: 57. plass.<\/p>\n","protected":false},"excerpt":{"rendered":"I helgen freste han mot treneren \u2013 n\u00e5 er alt s\u00e5 mye lysere for rekruttl\u00f8per Johan-Olav Sm\u00f8rdal Botn.&hellip;\n","protected":false},"author":2,"featured_media":103328,"comment_status":"","ping_status":"","sticky":false,"template":"","format":"standard","meta":{"footnotes":""},"categories":[59],"tags":[12901,11624,30,28,29,13042,769,83,82],"class_list":{"0":"post-103327","1":"post","2":"type-post","3":"status-publish","4":"format-standard","5":"has-post-thumbnail","7":"category-sport","8":"tag-johan-olav-smordal-botn","9":"tag-martin-uldal","10":"tag-no","11":"tag-norge","12":"tag-norway","13":"tag-sivert-guttorm-bakken","14":"tag-skiskyting","15":"tag-sport","16":"tag-sports"},"share_on_mastodon":{"url":"https:\/\/pubeurope.com\/@no\/115656524743661446","error":""},"_links":{"self":[{"href":"https:\/\/www.europesays.com\/no\/wp-json\/wp\/v2\/posts\/103327","targetHints":{"allow":["GET"]}}],"collection":[{"href":"https:\/\/www.europesays.com\/no\/wp-json\/wp\/v2\/posts"}],"about":[{"href":"https:\/\/www.europesays.com\/no\/wp-json\/wp\/v2\/types\/post"}],"author":[{"embeddable":true,"href":"https:\/\/www.europesays.com\/no\/wp-json\/wp\/v2\/users\/2"}],"replies":[{"embeddable":true,"href":"https:\/\/www.europesays.com\/no\/wp-json\/wp\/v2\/comments?post=103327"}],"version-history":[{"count":0,"href":"https:\/\/www.europesays.com\/no\/wp-json\/wp\/v2\/posts\/103327\/revisions"}],"wp:featuredmedia":[{"embeddable":true,"href":"https:\/\/www.europesays.com\/no\/wp-json\/wp\/v2\/media\/103328"}],"wp:attachment":[{"href":"https:\/\/www.europesays.com\/no\/wp-json\/wp\/v2\/media?parent=103327"}],"wp:term":[{"taxonomy":"category","embeddable":true,"href":"https:\/\/www.europesays.com\/no\/wp-json\/wp\/v2\/categories?post=103327"},{"taxonomy":"post_tag","embeddable":true,"href":"https:\/\/www.europesays.com\/no\/wp-json\/wp\/v2\/tags?post=103327"}],"curies":[{"name":"wp","href":"https:\/\/api.w.org\/{rel}","templated":true}]}}