{"id":103331,"date":"2025-12-03T16:23:09","date_gmt":"2025-12-03T16:23:09","guid":{"rendered":"https:\/\/www.europesays.com\/no\/103331\/"},"modified":"2025-12-03T16:23:09","modified_gmt":"2025-12-03T16:23:09","slug":"derfor-avsluttet-politiet-soket-varden-no","status":"publish","type":"post","link":"https:\/\/www.europesays.com\/no\/103331\/","title":{"rendered":"Derfor avsluttet politiet s\u00f8ket &#8211; varden.no"},"content":{"rendered":"<ol>\n<li><a href=\"https:\/\/news.google.com\/rss\/articles\/CBMiuwFBVV95cUxOLUF3V2RWei1IUkozMnZ4TXRLY21aVzRaTHZvaGNNajlHWm91d2JLd1hhQmFXMjZITXNFcTh1WmR5MGN2NzJUdTlYUU5XMVAxZzdkSzUwQ0t0LUY5VXJQT0NIQ2Rlb3hsdVQ0VEVZRkx1dFZ1dVRyNEV6TFkzc3E0T05lZmpCWlBqVXhxb2w3V3lzbUw1MTY1QmQxX0VkVXFjcktnVmZvMDBoUF9nYmN2UFVPVnNSbmpJT0Y4?oc=5\" target=\"_blank\" rel=\"nofollow noopener\">Derfor avsluttet politiet s\u00f8ket<\/a>&nbsp;&nbsp;varden.no<\/li>\n<li><a href=\"https:\/\/news.google.com\/rss\/articles\/CBMickFVX3lxTE9SU2NzZnY0MzR4c2xMYWtWQzh5Y3d2eXd0VHh4eHlIRmtHRE1lMXdXUmNUQ09SU191eWdSekp1YzBVREc3RWxxVjRZNXUzSEdfM05iaVRLUGNrT1RNRjRORXVuYVhwU2NueHFsaGRKQVlmdw?oc=5\" target=\"_blank\" rel=\"nofollow noopener\">Advarer folk mot \u00e5 lete selv<\/a>&nbsp;&nbsp;VG<\/li>\n<li><a href=\"https:\/\/news.google.com\/rss\/articles\/CBMivgFBVV95cUxNRU9KNUlCb2VyX09wdG1QaTVNbzJBYjM2N09tUnloT2E3LS11M1ZNMHdqdGdUdHNqU05aRDRjWVNfVlhqSS1TcUU0SjNBRW56VXRTVDF3S0drZjY2QmhPT2JyTDJVWkFiMklYUnF5Mml3UjJIcmJzd2JuYjItRXZwOG9lMWt3VFhrcV8zeF9Zdzl3TVE5c1BXOE4tU1lVOEdLOE80REdtSVFvVHBqQ3RNOXlvdDF1LV9tU0lURmdB?oc=5\" target=\"_blank\" rel=\"nofollow noopener\">Skien, Dalen | Tungt \u00e5 avslutte s\u00f8ket etter savnet: \u2013 En million sp\u00f8rsm\u00e5l om hva vi kunne gjort annerledes<\/a>&nbsp;&nbsp;Telemarksavisa<\/li>\n<li><a href=\"https:\/\/news.google.com\/rss\/articles\/CBMid0FVX3lxTE5icEplVDg3S1d6VTNFQThXZk56NzNQNC01VUNrSWkzSy0yNmh2Zm1PU09OVlVoWnZpbjlZV1dHV2VBR2pzUF9wZXJ5YlducmtoU0dpcjMteFU2ay1WelBzcGNGcEZTemp3bHBTNkFkTmJ4WlBGdnZv?oc=5\" target=\"_blank\" rel=\"nofollow noopener\">Avsluttet s\u00f8ket: &#8211; Preger oss<\/a>&nbsp;&nbsp;Dagbladet<\/li>\n<li><a href=\"https:\/\/news.google.com\/rss\/articles\/CBMiogFBVV95cUxQaXdwVmpDbXJRT2FTNmU2UHpnSEZHV1RqRXVqcWlqYmpaT0xOVEZDcFhpenFmYUFQdXY1Q0RzZGdEcHFlQ25jYk5raU1GOXZZU0p5T013dmktaE5kNTBmcTBJTXlsdklTOHZ4Smc1QnpNOHI4V2lNdU9tblpVUUs1VVhPRlFMUV9jRkthZlo2d21UUkFNam4zOWRqVjBoelNteWc?oc=5\" target=\"_blank\" rel=\"nofollow noopener\">Lokale nyheter, Leteaksjon | Savnet kvinne jobber i Porsgrunn kommune: \u2013 Blir ivaretatt av kriseteam<\/a>&nbsp;&nbsp;Porsgrunns Dagblad<\/li>\n<\/ol>\n","protected":false},"excerpt":{"rendered":"Derfor avsluttet politiet s\u00f8ket&nbsp;&nbsp;varden.no Advarer folk mot \u00e5 lete selv&nbsp;&nbsp;VG Skien, Dalen | Tungt \u00e5 avslutte s\u00f8ket etter&hellip;\n","protected":false},"author":2,"featured_media":103332,"comment_status":"","ping_status":"","sticky":false,"template":"","format":"standard","meta":{"footnotes":""},"categories":[5],"tags":[20,21,24,25,15,19,22,23,17,18,13,30,28,29,14,16,26,27],"class_list":{"0":"post-103331","1":"post","2":"type-post","3":"status-publish","4":"format-standard","5":"has-post-thumbnail","7":"category-overskrifter","8":"tag-breaking-news","9":"tag-breakingnews","10":"tag-featured-news","11":"tag-featurednews","12":"tag-headlines","13":"tag-hovedoppslag","14":"tag-latest-news","15":"tag-latestnews","16":"tag-main-news","17":"tag-mainnews","18":"tag-news","19":"tag-no","20":"tag-norge","21":"tag-norway","22":"tag-nyheter","23":"tag-overskrifter","24":"tag-top-stories","25":"tag-topstories"},"share_on_mastodon":{"url":"https:\/\/pubeurope.com\/@no\/115656563459496614","error":""},"_links":{"self":[{"href":"https:\/\/www.europesays.com\/no\/wp-json\/wp\/v2\/posts\/103331","targetHints":{"allow":["GET"]}}],"collection":[{"href":"https:\/\/www.europesays.com\/no\/wp-json\/wp\/v2\/posts"}],"about":[{"href":"https:\/\/www.europesays.com\/no\/wp-json\/wp\/v2\/types\/post"}],"author":[{"embeddable":true,"href":"https:\/\/www.europesays.com\/no\/wp-json\/wp\/v2\/users\/2"}],"replies":[{"embeddable":true,"href":"https:\/\/www.europesays.com\/no\/wp-json\/wp\/v2\/comments?post=103331"}],"version-history":[{"count":0,"href":"https:\/\/www.europesays.com\/no\/wp-json\/wp\/v2\/posts\/103331\/revisions"}],"wp:featuredmedia":[{"embeddable":true,"href":"https:\/\/www.europesays.com\/no\/wp-json\/wp\/v2\/media\/103332"}],"wp:attachment":[{"href":"https:\/\/www.europesays.com\/no\/wp-json\/wp\/v2\/media?parent=103331"}],"wp:term":[{"taxonomy":"category","embeddable":true,"href":"https:\/\/www.europesays.com\/no\/wp-json\/wp\/v2\/categories?post=103331"},{"taxonomy":"post_tag","embeddable":true,"href":"https:\/\/www.europesays.com\/no\/wp-json\/wp\/v2\/tags?post=103331"}],"curies":[{"name":"wp","href":"https:\/\/api.w.org\/{rel}","templated":true}]}}