{"id":103345,"date":"2025-12-03T16:37:08","date_gmt":"2025-12-03T16:37:08","guid":{"rendered":"https:\/\/www.europesays.com\/no\/103345\/"},"modified":"2025-12-03T16:37:08","modified_gmt":"2025-12-03T16:37:08","slug":"regjeringen-nekter-a-utlevere-telenor-dokumenter-nrk-dokumentar","status":"publish","type":"post","link":"https:\/\/www.europesays.com\/no\/103345\/","title":{"rendered":"Regjeringen nekter \u00e5 utlevere Telenor-dokumenter \u2013 NRK Dokumentar"},"content":{"rendered":"<p><strong>\u2013 Alt tyder p\u00e5 at det n\u00e5 g\u00e5r i retning av en egen kontrollsak p\u00e5 Stortinget. Og med den en \u00e5pen h\u00f8ring.<\/strong><\/p>\n<p>Det sier lederen for kontroll- og konstitusjonskomiteen p\u00e5 Stortinget, Per-Willy Amundsen (Frp) Dette skjer etter at regjeringen fortsetter \u00e5 sette seg p\u00e5 bakbeina i Telenor-saken.<\/p>\n<p>Brudd p\u00e5 menneskerettighetene<\/p>\n<p>Komiteen \u00f8nsket i utgangspunktet \u00e5 f\u00e5 svar p\u00e5 31 sp\u00f8rsm\u00e5l om Telenors virksomhet i Myanmar. Det sentrale temaet er hva de aktuelle statsr\u00e5dene faktisk visste om utleveringen av kundedata til det brutale milit\u00e6rregimet etter kuppet i 2021. Det statseide selskapet er fra flere hold beskyldt for alvorlige brudd p\u00e5 menneskerettighetene.<\/p>\n<p>NRK har publisert flere saker om Telenor i Myanmar. Der blir det dokumentert at det selskapet utleverte store mengder sensitiv kundeinformasjon til juntaen i Myanmar. Dette skjedde etter det brutale milit\u00e6rkuppet. Utleveringen rammet s\u00e6rlig motstandsbevegelsen i landet.<\/p>\n<p><strong>Staten eier nesten 60 prosent av Telenor. Mesteparten gjennom N\u00e6ringsdepartementet. Resten gjennom Statens Pensjonsfond Innland (SPI).<\/strong><\/p>\n<p>D\u00e5rlig lys<\/p>\n<p>De viktigste dokumentene som komiteen p\u00e5 Stortinget etterlyser, er den s\u00e5kalte \u00abeierskapsdialogen\u00bb. Dette handler om den fortrolige informasjonen som g\u00e5r mellom N\u00e6ringsdepartementet og Telenor. For \u00e9n uke siden ble det klart at regjeringen nektet \u00e5 utlevere dokumentene til komiteen p\u00e5 Stortinget. Noe som resulterte i et nytt brev. Med et nytt krav om utlevering. I dag kom svaret. Det var negativt.<\/p>\n<p>\u2013 Jeg er fryktelig overrasket, sier Amundsen til NRK.<\/p>\n<p>\u2013 Dette setter ikke regjeringen i et godt lys, sier han. \u2013 Den avskj\u00e6rer oss fra \u00e5 gj\u00f8re jobben v\u00e5r.<\/p>\n<p>\u2013 Dette er alvorlig, sier Lars Haltbrekken. Han sitter i komiteen for SV.<\/p>\n<p><img decoding=\"async\"   src=\"data:image\/gif;base64,R0lGODlhAQABAIAAAAAAAP\/\/\/yH5BAEAAAAALAAAAAABAAEAAAIBRAA7\" loading=\"eager\" alt=\"Lars Haltbrekken\" title=\"Foto: Dan Robert Larsen\"\/><\/p>\n<p class=\"\">Lars Haltbrekken (SV)<\/p>\n<p>Foto: Dan Robert Larsen<\/p>\n<p>\u2013 Hvis vi skal f\u00f8re en skikkelig kontroll med regjeringa, m\u00e5 vi f\u00e5 vite hvilke signaler statsr\u00e5den har gitt Telenor, sier han. Og legger til:<\/p>\n<p>\u2013 Jeg h\u00e5per virkelig ikke regjeringen har noen \u00e5 skjule. Den burde sett seg tjent med \u00e5penhet overfor komiteen.<\/p>\n<p>Mer tilbakeholden?<\/p>\n<p>N\u00e6ringsminister Cecilie Myrseth skriver f\u00f8lgende til komiteen:<\/p>\n<p>\u00abEn viktig del av eieroppf\u00f8lgingen er at eierdepartementet kan ha en fortrolig og tillitsfull dialog med selskapene, tilsvarende som dialogen selskapet har med andre store aksjeeiere. Eierdialogen m\u00e5 v\u00e6re fortrolig for at den skal kunne fungere.\u00bb<\/p>\n<p><img decoding=\"async\"   src=\"data:image\/gif;base64,R0lGODlhAQABAIAAAAAAAP\/\/\/yH5BAEAAAAALAAAAAABAAEAAAIBRAA7\" loading=\"eager\" alt=\"N\u00e6ringsminister Cecilie Myrseth i dagsrevyen om USAs tollsats mot EU p\u00e5 25 prosent.\" title=\"Foto: Aurora Ytreberg Mel\u00f8e \/ NRK\"\/><\/p>\n<p class=\"\">N\u00e6ringsminister Cecilie Myrseth (Ap)<\/p>\n<p>Foto: Aurora Ytreberg Mel\u00f8e \/ NRK<\/p>\n<p>\u2013 Regjeringen argumenterer her med at den m\u00e5 kunne ha en fortrolig dialog med et selskap som Telenor?<\/p>\n<p>\u2013 Det argumentet kj\u00f8per jeg ikke. Kontrollkomiteen best\u00e5r av et begrensa antall mennesker. At opplysninger er taushetsbelagte, gjelder selvsagt ogs\u00e5 for oss, sier Lars Haltbrekken.<\/p>\n<p>Ikke vanntett<\/p>\n<p>Per-Willy Amundsen er overrasket over at regjeringen fortsatt lener seg p\u00e5 eierskapslovgivningen.<\/p>\n<p>\u2013 Det holder ikke vann. Her er det anklager om grove brudd p\u00e5 menneskerettighetene. Da m\u00e5 eierskapslovgivningen vike. Vi skal selvf\u00f8lgelig ha innsyn, sier han.<\/p>\n<p>\u2013 Vi m\u00e5 jo f\u00e5 den informasjonen vi trenger. Dette gj\u00f8r jobben v\u00e5r vanskelig. Menneskerettighetene trumfer eierskap. Og Stortinget st\u00e5r over regjeringen, sier komitemedlem Hege Bae Nyholt fra R\u00f8dt.<\/p>\n<p>N\u00e6rings- og fiskeridepartementet har forel\u00f8pig ikke besvart NRKs henvendelse.<\/p>\n<p>Publisert<\/p>\n<p>03.12.2025, kl. 17.01<\/p>\n","protected":false},"excerpt":{"rendered":"\u2013 Alt tyder p\u00e5 at det n\u00e5 g\u00e5r i retning av en egen kontrollsak p\u00e5 Stortinget. Og med&hellip;\n","protected":false},"author":2,"featured_media":103346,"comment_status":"","ping_status":"","sticky":false,"template":"","format":"standard","meta":{"footnotes":""},"categories":[12],"tags":[20,21,24,25,15,22,23,13,30,28,29,14,16,26,27,42,43,44,45],"class_list":{"0":"post-103345","1":"post","2":"type-post","3":"status-publish","4":"format-standard","5":"has-post-thumbnail","7":"category-verden","8":"tag-breaking-news","9":"tag-breakingnews","10":"tag-featured-news","11":"tag-featurednews","12":"tag-headlines","13":"tag-latest-news","14":"tag-latestnews","15":"tag-news","16":"tag-no","17":"tag-norge","18":"tag-norway","19":"tag-nyheter","20":"tag-overskrifter","21":"tag-top-stories","22":"tag-topstories","23":"tag-verden","24":"tag-world","25":"tag-world-news","26":"tag-worldnews"},"share_on_mastodon":{"url":"https:\/\/pubeurope.com\/@no\/115656618347047914","error":""},"_links":{"self":[{"href":"https:\/\/www.europesays.com\/no\/wp-json\/wp\/v2\/posts\/103345","targetHints":{"allow":["GET"]}}],"collection":[{"href":"https:\/\/www.europesays.com\/no\/wp-json\/wp\/v2\/posts"}],"about":[{"href":"https:\/\/www.europesays.com\/no\/wp-json\/wp\/v2\/types\/post"}],"author":[{"embeddable":true,"href":"https:\/\/www.europesays.com\/no\/wp-json\/wp\/v2\/users\/2"}],"replies":[{"embeddable":true,"href":"https:\/\/www.europesays.com\/no\/wp-json\/wp\/v2\/comments?post=103345"}],"version-history":[{"count":0,"href":"https:\/\/www.europesays.com\/no\/wp-json\/wp\/v2\/posts\/103345\/revisions"}],"wp:featuredmedia":[{"embeddable":true,"href":"https:\/\/www.europesays.com\/no\/wp-json\/wp\/v2\/media\/103346"}],"wp:attachment":[{"href":"https:\/\/www.europesays.com\/no\/wp-json\/wp\/v2\/media?parent=103345"}],"wp:term":[{"taxonomy":"category","embeddable":true,"href":"https:\/\/www.europesays.com\/no\/wp-json\/wp\/v2\/categories?post=103345"},{"taxonomy":"post_tag","embeddable":true,"href":"https:\/\/www.europesays.com\/no\/wp-json\/wp\/v2\/tags?post=103345"}],"curies":[{"name":"wp","href":"https:\/\/api.w.org\/{rel}","templated":true}]}}