{"id":103351,"date":"2025-12-03T16:47:09","date_gmt":"2025-12-03T16:47:09","guid":{"rendered":"https:\/\/www.europesays.com\/no\/103351\/"},"modified":"2025-12-03T16:47:09","modified_gmt":"2025-12-03T16:47:09","slug":"statsbudsjettet-2026-olje-og-gass-mdgs-oljeseier-ble-vedtatt-i-fjor-verdt-a-sporre-om-hva-de-har-fatt-med-seg-bergensavisen","status":"publish","type":"post","link":"https:\/\/www.europesays.com\/no\/103351\/","title":{"rendered":"Statsbudsjettet 2026, Olje og gass | MDGs oljeseier ble vedtatt i fjor: \u2013 Verdt \u00e5 sp\u00f8rre om hva de har f\u00e5tt med seg &#8211; Bergensavisen"},"content":{"rendered":"<ol>\n<li><a href=\"https:\/\/news.google.com\/rss\/articles\/CBMiqwFBVV95cUxNR0RpSEpWX3kxTl95d005d0RGM1N6aW5LeU5Vbm5OTnh2ZDZTTi00aThwT3FPb2huQjdHdWpRWUEyeHJHQklqV0RockUxdVRLUzJlM2NyZkluWUozU1pVdzQyLWpmYU1aNEVwTXJPUWU4c2ZtTmQ4WnBZZFpmUWp6aXgzUjRNeGVhUDBXUUc3UVFxaWJaWE9JRnNNeUZDTWNmNDY3QUt4TGx1Wk0?oc=5\" target=\"_blank\" rel=\"nofollow noopener\">Statsbudsjettet 2026, Olje og gass | MDGs oljeseier ble vedtatt i fjor: \u2013 Verdt \u00e5 sp\u00f8rre om hva de har f\u00e5tt med seg<\/a>&nbsp;&nbsp;Bergensavisen<\/li>\n<li><a href=\"https:\/\/news.google.com\/rss\/articles\/CBMimwFBVV95cUxOczYtcXplY3VVcmlNb3RYNmpZYzZyal9kOHg3RWZmVWZUR3BmVkFKMkFuWk4xRmpPc2labGpxc1JLd1VfdURuR2psa1pwRmhlakJIdzVNYURETGhTVFc5LUFJRC1ncXNVdWxxLUxOUEVtbGJlRnJrejEyYldNQi1UOThCa2Q1RTdxQTBkS3FVRFJzWENvc3I4UHc5WQ?oc=5\" target=\"_blank\" rel=\"nofollow noopener\">Vedum mener MDG villeder om oljekommisjonen: \u2013\u2060 Det er jo feil<\/a>&nbsp;&nbsp;VG<\/li>\n<li><a href=\"https:\/\/news.google.com\/rss\/articles\/CBMifkFVX3lxTE1LeFY4LXJYSHBLZmNTVC00RHV2Q3RDOUtwVldJY05MRC1PcDhPakxQN0dRV003bWQtTzZVZ3dPY3BnN1RYNkwyUzZabnNKeThSWDVlc3VyOUt4Tnd0M2dQdm84OXRhQ0VYMzdoSjBhdDVwNEFqVDVENHJXaXVodw?oc=5\" target=\"_blank\" rel=\"nofollow noopener\">MDG har vitenskapen p\u00e5 sin side<\/a>&nbsp;&nbsp;Dagsavisen<\/li>\n<li><a href=\"https:\/\/news.google.com\/rss\/articles\/CBMihAFBVV95cUxPbGpGY2dQdGQwa2xOd3pMem5CemVoSXpVWmllNFhvai1XZ0hzakJsSnhyZTNQX0dpZ1pWa3p0N0oyUW91MGt6cEduMS1XV3Z5MTJBbnk2N083VDJXeGwxc1JTenUtT2dueUV6enpTR08yVGxPSE9LU0J3WnN6cXhRVE91UkE?oc=5\" target=\"_blank\" rel=\"nofollow noopener\">Meiner St\u00f8re ikkje veit kva han har avtalt<\/a>&nbsp;&nbsp;NRK<\/li>\n<li><a href=\"https:\/\/news.google.com\/rss\/articles\/CBMiggFBVV95cUxQb2NXWkNSQjU2VUdEQXpOa3hpYW0xdjVfTVdnbnBqam1TTnVGZVhvR0hwVW0tNlhoVWI3anZXV1h4YlVBWXI4RWNVNnpYbDRCR3dFb2lGZlF6VHdfTy1OdVRuS3B2QzVBVlJXSGZtZnloZ0JocDJMU2RzMXp0VDlTX0VR?oc=5\" target=\"_blank\" rel=\"nofollow noopener\">MGDs milj\u00f8seier: \u2013 Keiserens nye kl\u00e6r<\/a>&nbsp;&nbsp;E24<\/li>\n<\/ol>\n","protected":false},"excerpt":{"rendered":"Statsbudsjettet 2026, Olje og gass | MDGs oljeseier ble vedtatt i fjor: \u2013 Verdt \u00e5 sp\u00f8rre om hva&hellip;\n","protected":false},"author":2,"featured_media":103352,"comment_status":"","ping_status":"","sticky":false,"template":"","format":"standard","meta":{"footnotes":""},"categories":[10],"tags":[20,21,24,25,15,22,23,13,30,28,29,14,16,26,27],"class_list":{"0":"post-103351","1":"post","2":"type-post","3":"status-publish","4":"format-standard","5":"has-post-thumbnail","7":"category-norge","8":"tag-breaking-news","9":"tag-breakingnews","10":"tag-featured-news","11":"tag-featurednews","12":"tag-headlines","13":"tag-latest-news","14":"tag-latestnews","15":"tag-news","16":"tag-no","17":"tag-norge","18":"tag-norway","19":"tag-nyheter","20":"tag-overskrifter","21":"tag-top-stories","22":"tag-topstories"},"share_on_mastodon":{"url":"https:\/\/pubeurope.com\/@no\/115656657923607864","error":""},"_links":{"self":[{"href":"https:\/\/www.europesays.com\/no\/wp-json\/wp\/v2\/posts\/103351","targetHints":{"allow":["GET"]}}],"collection":[{"href":"https:\/\/www.europesays.com\/no\/wp-json\/wp\/v2\/posts"}],"about":[{"href":"https:\/\/www.europesays.com\/no\/wp-json\/wp\/v2\/types\/post"}],"author":[{"embeddable":true,"href":"https:\/\/www.europesays.com\/no\/wp-json\/wp\/v2\/users\/2"}],"replies":[{"embeddable":true,"href":"https:\/\/www.europesays.com\/no\/wp-json\/wp\/v2\/comments?post=103351"}],"version-history":[{"count":0,"href":"https:\/\/www.europesays.com\/no\/wp-json\/wp\/v2\/posts\/103351\/revisions"}],"wp:featuredmedia":[{"embeddable":true,"href":"https:\/\/www.europesays.com\/no\/wp-json\/wp\/v2\/media\/103352"}],"wp:attachment":[{"href":"https:\/\/www.europesays.com\/no\/wp-json\/wp\/v2\/media?parent=103351"}],"wp:term":[{"taxonomy":"category","embeddable":true,"href":"https:\/\/www.europesays.com\/no\/wp-json\/wp\/v2\/categories?post=103351"},{"taxonomy":"post_tag","embeddable":true,"href":"https:\/\/www.europesays.com\/no\/wp-json\/wp\/v2\/tags?post=103351"}],"curies":[{"name":"wp","href":"https:\/\/api.w.org\/{rel}","templated":true}]}}