{"id":103353,"date":"2025-12-03T16:48:45","date_gmt":"2025-12-03T16:48:45","guid":{"rendered":"https:\/\/www.europesays.com\/no\/103353\/"},"modified":"2025-12-03T16:48:45","modified_gmt":"2025-12-03T16:48:45","slug":"putin-har-aldri-vaert-villig","status":"publish","type":"post","link":"https:\/\/www.europesays.com\/no\/103353\/","title":{"rendered":"&#8211; Putin har aldri v\u00e6rt villig"},"content":{"rendered":"<p> Samtalene mellom\u00a0USAs utsendinger, Steve Witkoff og Jared Kushner (Trumps svigers\u00f8nn, journ.anm.), og Russlands president Vladimir Putin i Moskva, er over etter rundt fem timer.\u00a0<\/p>\n<p>Seint tirsdag kveld bekrefter Russlands utsending, Kirill Dmitriev, at samtalene har v\u00e6rt \u00abproduktive\u00bb, skriver nyhetsbyr\u00e5et Reuters. <\/p>\n<p> Kreml-r\u00e5dgiver Usjakov sier at Putin ba om at flere viktige politiske signaler skulle formidles til Trump.<\/p>\n<p>    <a itemprop=\"url\" href=\"https:\/\/www.dagbladet.no\/nyheter\/jeg-er-redd\/83929254\" rel=\"nofollow noopener\" target=\"_blank\"><\/p>\n<p>      <img loading=\"lazy\" decoding=\"async\" src=\"https:\/\/www.europesays.com\/no\/wp-content\/uploads\/2025\/12\/1764780521_122_83929223.webp\" width=\"980\" height=\"441\" title=\"- Jeg er redd\" alt=\"\" class=\"lazyload\" style=\"--aspect-ratio-image: 2.22; \"\/><\/p>\n<p>        &#8211; Jeg er redd<\/p>\n<p>    <\/a><\/p>\n<p>Men store deler av samtalene skal ikke ut til offentligheten med det f\u00f8rste.<\/p>\n<p class=\"font-weight-bold m-font-weight-bold\" data-lab-font_weight=\"font-weight-bold\">&#8211; Vi ble enige med v\u00e5re amerikanske kolleger om ikke \u00e5 offentliggj\u00f8re innholdet i forhandlingene som fant sted. Samtalen var konfidensiell, sier den russiske diplomaten Yuri Ushakov til det russiske nyhetsbyr\u00e5et Interfax.\u00a0<\/p>\n<p class=\"font-weight-normal m-font-weight-normal\" data-lab-font_weight=\"font-weight-normal\">Han sier videre at de \u00abikke er n\u00e6rmere noen l\u00f8sning\u00bb p\u00e5 krisen i Ukraina og at \u00abmye arbeid gjenst\u00e5r\u00bb.\u00a0<\/p>\n<p>&#8211; Han er rasende\t<\/p>\n<p>Tirsdag kveld beskyldte Russlands president Vladimir Putin europeiske ledere for \u00e5 <a href=\"https:\/\/www.dagbladet.no\/nyheter\/putin-raser-mot-europa\/83928690\" target=\"_blank\" rel=\"nofollow noopener\">undergrave<\/a> fredsforhandlingene om Ukraina. Han omtaler kravene deres som uakseptable og advarte med at Russland er klar til kamp mot Europa dersom st\u00f8tten til Ukraina fortsetter.<\/p>\n<p>Ukraina og USA ble enige forrige uke om en ny <a href=\"https:\/\/www.dagbladet.no\/nyheter\/eksisterer-ikke-lenger\/83895838\" target=\"_blank\" rel=\"nofollow noopener\">fredsavtale med 19 punkter.<\/a><\/p>\n<p>Arne B\u00e5rd Dalhaug, pensjonert generall\u00f8ytnant, mener planen hadde v\u00e6rt mindre gunstig for Ukraina om den europeiske innflytelsen hadde manglet.<\/p>\n<p class=\"font-weight-bold m-font-weight-bold\" data-lab-font_weight=\"font-weight-bold\">&#8211; Putin er rasende p\u00e5 Europa, og det er ikke uten grunn, sier han til Dagbladet.<\/p>\n<p>          <img loading=\"lazy\" decoding=\"async\" src=\"https:\/\/www.europesays.com\/no\/wp-content\/uploads\/2025\/12\/1764780522_906_83914654.webp\" width=\"980\" height=\"559\" title=\"ALVORLIG: Generall\u00f8ytnant Arne B\u00e5rd Dalhaug mener Putins uttalelser mot Europa er alvorlige. Foto: Lars Eivind Bones \/ Dagbladet\" alt=\"\" class=\"\" style=\"--aspect-ratio-image: 1.75; \"\/><\/p>\n<p>\n          ALVORLIG: Generall\u00f8ytnant Arne B\u00e5rd Dalhaug mener Putins uttalelser mot Europa er alvorlige. Foto: Lars Eivind Bones \/ Dagbladet\n      <\/p>\n<p>Dalhaug mener at den reviderte fredsplanen, er langt mindre gunstig for Russland enn den tidligere 28-punktsversjonen USA og Russland diskuterte. Trumps originale fredsplan fikk\u00a0<a href=\"https:\/\/www.dagbladet.no\/nyheter\/en-shoppingliste-fra-russland\/83885903\" target=\"_blank\" rel=\"nofollow noopener\">kritikk for \u00e5 ligne en russisk \u00f8nskeliste.<\/a> <\/p>\n<p>&#8211; Den nye 19.punktsplanen er betydelig mindre positiv for Russlands maksimalistiske krav. Europa har st\u00e5tt p\u00e5 for \u00e5 sikre at resultatet blir noe b\u00e5de de og Ukraina faktisk kan leve med. Det gj\u00f8r Putin rasende, sier han.<\/p>\n<p>    <a itemprop=\"url\" href=\"https:\/\/www.dagbladet.no\/nyheter\/putin-raser-mot-europa\/83928690\" rel=\"nofollow noopener\" target=\"_blank\"><\/p>\n<p>      <img loading=\"lazy\" decoding=\"async\" src=\"https:\/\/www.europesays.com\/no\/wp-content\/uploads\/2025\/12\/1764780523_745_83924601.webp\" width=\"980\" height=\"441\" title=\"Putin raser mot Europa\" alt=\"\" class=\"lazyload\" style=\"--aspect-ratio-image: 2.22; \"\/><\/p>\n<p>        Putin raser mot Europa<\/p>\n<p>    <\/a><\/p>\n<p>Han hevder at USA i den f\u00f8rste planen i praksis var villige til \u00e5 selge ut b\u00e5de Ukraina og europeiske interesser.<\/p>\n<p>&#8211; Hadde ikke Europa reagert kraftig, ville Russland og USA st\u00e5tt igjen med en uakseptabel avtale som i realiteten tillot Russland \u00e5 utslette Ukraina som stat, mener Dalhaug.<\/p>\n<p>          <img loading=\"lazy\" decoding=\"async\" src=\"https:\/\/www.europesays.com\/no\/wp-content\/uploads\/2025\/12\/1764780524_845_83929487.webp\" width=\"980\" height=\"559\" title=\"FORHANDLINGER: USAs utsendinger Steve Witkoff og Jared Kushner er i m\u00f8te med Russlands president Vladimir Putin: Foto Reuters \/ NTB\" alt=\"\" class=\"\" style=\"--aspect-ratio-image: 1.75; \"\/><\/p>\n<p>\n          FORHANDLINGER: USAs utsendinger Steve Witkoff og Jared Kushner er i m\u00f8te med Russlands president Vladimir Putin: Foto Reuters \/ NTB\n      <\/p>\n<p>Zelenskyj: &#8211; Jeg er redd\t<\/p>\n<p>Samtidig som USAs utsendinger, Steve Witkoff og Jared Kushner (Trumps svigers\u00f8nn, journ.anm.), er i m\u00f8te med Russlands president Vladimir Putin i Moskva, er Ukrainas president p\u00e5 bes\u00f8k i Dublin i Irland.<\/p>\n<p>Her f\u00e5r Volodymyr Zelenskyj\u00a0sp\u00f8rsm\u00e5l om han er redd USA kan miste interessen i <a href=\"https:\/\/www.dagbladet.no\/nyheter\/jeg-er-redd\/83929254\" target=\"_blank\" rel=\"nofollow noopener\">prosessen<\/a>.<\/p>\n<p class=\"font-weight-bold m-font-weight-bold\" data-lab-font_weight=\"font-weight-bold\">&#8211; Ja, jeg er redd. Hvis noen av v\u00e5re allierte har g\u00e5tt lei, er jeg redd, svarer Zelenskyj.\u00a0<\/p>\n<p>\u00a0&#8211; Det er Russlands m\u00e5l at USA trekker seg fra samarbeid med Ukraina, sier presidenten videre, if\u00f8lge Reuters. <\/p>\n<p>        REAGERER: En merkbar endring i Putins stemme har vakt oppsikt den siste tiden, Kreml kommenterer saken. Reporter: Vegard Kr\u00fcger. I studio: Arne B\u00e5rd Dalhaug. Video: X. <\/p>\n<p>Karsten Friis, som forsker p\u00e5 sikkerhets- og forsvarspolitikk ved NUPI, mener Zelensky har god grunn til \u00e5 v\u00e6re redd.<\/p>\n<p>&#8211; N\u00e5r andre snakker om din framtid uten at du selv er til stede, har man god grunn til \u00e5 v\u00e6re bekymret. Og n\u00e5r du i tillegg har en forhandler som Witkoff, som har fremst\u00e5tt ganske prorussisk, blir det desto mer alvorlig, sier han til Dagbladet.<\/p>\n<p>Friis mener Ukraina n\u00e5 st\u00e5r i fare for \u00e5 bli presset inn i en l\u00f8sning de ikke kan akseptere.<\/p>\n<p>    <a itemprop=\"url\" href=\"https:\/\/www.dagbladet.no\/nyheter\/plattformen-kritisk-odelagt-dypt-forfall\/83919673\" rel=\"nofollow noopener\" target=\"_blank\"><\/p>\n<p>      <img loading=\"lazy\" decoding=\"async\" src=\"https:\/\/www.europesays.com\/no\/wp-content\/uploads\/2025\/12\/1764780525_936_83919837.webp\" width=\"980\" height=\"441\" title=\"Plattformen kritisk \u00f8delagt: - Dypt forfall\" alt=\"\" class=\"lazyload\" style=\"--aspect-ratio-image: 2.22; \"\/><\/p>\n<p>        Plattformen kritisk \u00f8delagt: &#8211; Dypt forfall<\/p>\n<p>    <\/a><\/p>\n<p>&#8211; Det er Russland som m\u00e5 presses til \u00e5 stoppe krigen. Putin har aldri v\u00e6rt villig til \u00e5 f\u00e5 fred &#8211; bare til \u00e5 f\u00e5 viljen sin, sier Friis.<\/p>\n<p>Hvorfor pr\u00f8ver USA likevel?\t<\/p>\n<p>If\u00f8lge Friis handler det om prestisje, feilvurderinger og politikk.<\/p>\n<p>&#8211; Trump har lovet at han kan \u00abfikse\u00bb dette, men han har feilberegnet hva som faktisk skal til. N\u00e5r man i tillegg har investert tungt i Ukraina, vil USA vise at de fortsatt pr\u00f8ver, sier han.<\/p>\n<p>        AVSL\u00d8RT: Bloomberg News har lekket en telefonsamtale hvor USAs spesialutsending til Russland gir Putin r\u00e5d om hvordan han skal h\u00e5ndtere Trump. Video: AP \/ Telegram \/ NTB. Reporter: Vegard Kr\u00fcger<\/p>\n<p> Arne B\u00e5rd Dalhaug peker ogs\u00e5 p\u00e5 de \u00f8knomiske sidene ved krigen.<\/p>\n<p data-lab-font_weight=\"\">&#8211; USA \u00f8nsket tidlig \u00e5 f\u00e5 til en avtale med \u00f8konomiske fordeler for seg selv. Det er Europa som har gjort den st\u00f8rste jobben med \u00e5 holde planen fra \u00e5 bli en ren russisk seier.<\/p>\n<p class=\"font-weight-bold m-font-weight-bold\" data-lab-font_weight=\"font-weight-bold\">USAs president Donald Trump sier tirsdag at Ukraina-krigen er vanskelig \u00e5 f\u00e5 slutt p\u00e5.<\/p>\n<p>&#8211; Krigen i Ukraina er et rot og ikke en enkel situasjon \u00e5 l\u00f8se, sier Donald Trump, if\u00f8lge Reuters.<\/p>\n<p>Uttalelsene kom p\u00e5 starten av hans siste kabinettsm\u00f8te i 2025.<\/p>\n","protected":false},"excerpt":{"rendered":"Samtalene mellom\u00a0USAs utsendinger, Steve Witkoff og Jared Kushner (Trumps svigers\u00f8nn, journ.anm.), og Russlands president Vladimir Putin i Moskva,&hellip;\n","protected":false},"author":2,"featured_media":102368,"comment_status":"","ping_status":"","sticky":false,"template":"","format":"standard","meta":{"footnotes":""},"categories":[5],"tags":[20,21,24,25,15,19,22,23,17,18,13,30,28,29,14,16,2309,188,26,27,489,412],"class_list":{"0":"post-103353","1":"post","2":"type-post","3":"status-publish","4":"format-standard","5":"has-post-thumbnail","7":"category-overskrifter","8":"tag-breaking-news","9":"tag-breakingnews","10":"tag-featured-news","11":"tag-featurednews","12":"tag-headlines","13":"tag-hovedoppslag","14":"tag-latest-news","15":"tag-latestnews","16":"tag-main-news","17":"tag-mainnews","18":"tag-news","19":"tag-no","20":"tag-norge","21":"tag-norway","22":"tag-nyheter","23":"tag-overskrifter","24":"tag-putin","25":"tag-russland","26":"tag-top-stories","27":"tag-topstories","28":"tag-ukraina","29":"tag-utenriks"},"share_on_mastodon":{"url":"https:\/\/pubeurope.com\/@no\/115656661849890209","error":""},"_links":{"self":[{"href":"https:\/\/www.europesays.com\/no\/wp-json\/wp\/v2\/posts\/103353","targetHints":{"allow":["GET"]}}],"collection":[{"href":"https:\/\/www.europesays.com\/no\/wp-json\/wp\/v2\/posts"}],"about":[{"href":"https:\/\/www.europesays.com\/no\/wp-json\/wp\/v2\/types\/post"}],"author":[{"embeddable":true,"href":"https:\/\/www.europesays.com\/no\/wp-json\/wp\/v2\/users\/2"}],"replies":[{"embeddable":true,"href":"https:\/\/www.europesays.com\/no\/wp-json\/wp\/v2\/comments?post=103353"}],"version-history":[{"count":0,"href":"https:\/\/www.europesays.com\/no\/wp-json\/wp\/v2\/posts\/103353\/revisions"}],"wp:featuredmedia":[{"embeddable":true,"href":"https:\/\/www.europesays.com\/no\/wp-json\/wp\/v2\/media\/102368"}],"wp:attachment":[{"href":"https:\/\/www.europesays.com\/no\/wp-json\/wp\/v2\/media?parent=103353"}],"wp:term":[{"taxonomy":"category","embeddable":true,"href":"https:\/\/www.europesays.com\/no\/wp-json\/wp\/v2\/categories?post=103353"},{"taxonomy":"post_tag","embeddable":true,"href":"https:\/\/www.europesays.com\/no\/wp-json\/wp\/v2\/tags?post=103353"}],"curies":[{"name":"wp","href":"https:\/\/api.w.org\/{rel}","templated":true}]}}