{"id":103354,"date":"2025-12-03T16:55:16","date_gmt":"2025-12-03T16:55:16","guid":{"rendered":"https:\/\/www.europesays.com\/no\/103354\/"},"modified":"2025-12-03T16:55:16","modified_gmt":"2025-12-03T16:55:16","slug":"hatt-veldig-mye-fritid","status":"publish","type":"post","link":"https:\/\/www.europesays.com\/no\/103354\/","title":{"rendered":"\u2013 Hatt veldig mye fritid"},"content":{"rendered":"<p>    H\u00f8yre, KrF og Venstre har snudd i sp\u00f8rsm\u00e5let om en skattekommisjon. M\u00edmir Kristj\u00e1nsson sier R\u00f8dt er med, men er skeptisk til resultatet.<\/p>\n<p>\n        H\u00f8yre-leder Erna Solberg, KrF-leder Dag-Inge Ulstein og Venstre-leder Guri Melby.<br \/>\n        FOTO: Paul S. Amundsen \/ NTB\n    <\/p>\n<p class=\"kicker t30 tertiary color_mobile_tertiary\" style=\"\">Innenriks<\/p>\n<p>\u00a0\u2013 Dette har v\u00e6rt en kaotisk uke i norsk politikk. De fire<br \/>\npartiene som ikke deltar i styringen av landet har hatt veldig mye fritid den<br \/>\nsiste tiden, s\u00e5 jeg tror det er det som har skjedd her.<\/p>\n<p>Det sier M\u00edmir Kristj\u00e1nsson, stortingsrepresentant og<br \/>\nfinanspolitisk talsperson til R\u00f8dt, til Dagsavisen.<\/p>\n<p>Finansminister Jens Stoltenberg (Ap) foreslo \u00e5 opprette en<br \/>\nskattekommisjon allerede i v\u00e5r, men fikk da nei fra nesten alle partiene.\u00a0<\/p>\n<p>M\u00e5let med kommisjonen er \u00e5 komme til enighet om et bredt<br \/>\nskatteforlik i Stortinget.<\/p>\n<p>Tidligere har de borgerlige partiene sagt at de helst vil<br \/>\ndroppe en skattekommisjon og heller g\u00e5 rett til forhandlinger om et<br \/>\nskatteforlik i Stortinget, men det har regjeringen sagt nei til, skriver NTB.<\/p>\n<p>\u2013 Det har v\u00e6rt helt n\u00f8dvendig for H\u00f8yre at kommisjonen skal<br \/>\ngi anbefalinger som bidrar til at norsk n\u00e6ringsliv f\u00e5r et konkurransedyktige<br \/>\nskatteniv\u00e5. N\u00e5r vi har f\u00e5tt inn dette, kan vi st\u00f8tte en kommisjon. Mandatet er<br \/>\nen innr\u00f8mmelse av at dagens skatteniv\u00e5 ikke er konkurransedyktig for norsk<br \/>\nn\u00e6ringsliv, sier finanspolitisk talsperson i H\u00f8yre, Nikolai Astrup i en pressemelding.<\/p>\n<p>        <a itemprop=\"url\" class=\"\" href=\"https:\/\/www.dagsavisen.no\/nyheter\/krf-vil-palegge-skolene-a-tilby-skolegudstjeneste\/10088566\" data-k5a-url=\"https:\/\/www.dagsavisen.no\/a\/10088566\" rel=\"nofollow noopener\" target=\"_blank\"><\/p>\n<p>            KrF vil p\u00e5legge skolene \u00e5 tilby skolegudstjeneste<\/p>\n<p>        <\/a><\/p>\n<p>KrF og Venstre har h\u00e5p<\/p>\n<p>Finanspolitisk talsperson J\u00f8rgen H. Kristiansen i KrF sier<br \/>\nat deres m\u00e5l er at familiene og bedriftene skal sitte igjen med mer etter et<br \/>\nskatteforlik.<\/p>\n<p>\u2013 H\u00e5pet v\u00e5rt er at et skatteforlik kan st\u00e5 seg over tid og<br \/>\ndermed gi stabile og forutsigbare rammevilk\u00e5r, sier han.<\/p>\n<p>Finanspolitisk talsperson Abid Raja i Venstre sier at de<br \/>\nh\u00e5per at det blir mulig \u00e5 bli enige p\u00e5 tvers av partigrensene om et fornuftig<br \/>\nskattesystem.<\/p>\n<p>\u2013 Et bredt forlik er den eneste m\u00e5ten \u00e5 f\u00e5 et skattesystem<br \/>\nsom kan gi bedriftene tryggheten de trenger for \u00e5 investere i \u00e5 skape vekst og<br \/>\nverdier for fremtiden, sier han.<\/p>\n<p>        <a itemprop=\"url\" class=\"\" href=\"https:\/\/www.dagsavisen.no\/nyheter\/ap-hap-om-budsjettenighet-samtalene-fortsetter\/10088417\" data-k5a-url=\"https:\/\/www.dagsavisen.no\/a\/10088417\" rel=\"nofollow noopener\" target=\"_blank\"><\/p>\n<p>            Ap: H\u00e5p om budsjettenighet \u2013 samtalene fortsetter<\/p>\n<p>        <\/a><\/p>\n<p>Skeptisk til resultatet<\/p>\n<p>Kristj\u00e1nsson sier at R\u00f8dt gjerne er med i en skattekommisjon,<br \/>\nmen sliter med \u00e5 se for seg store skatteomveltninger.\u00a0<\/p>\n<p>\u2013 Det blir ikke noe bedre for Norge av at venstresiden ikke<br \/>\ndeltar i noe slikt, men vi har vanskelig for \u00e5 se for oss et skatteforlik<br \/>\nmellom h\u00f8yre- og venstresiden. Dette er f\u00f8rst og fremst regjeringen og Jens<br \/>\nStoltenbergs p\u00e5funn. Men vi er gjerne med for \u00e5 si hva vi mener, sier han.<\/p>\n<p>                <img decoding=\"async\" src=\"https:\/\/www.europesays.com\/no\/wp-content\/uploads\/2025\/12\/10088745.webp\" width=\"480\" height=\"274\" title=\"Mimir Kristjansson (R\u00f8dt) under en pressekonferanse p\u00e5 Stortinget l\u00f8rdag, i forbindelse med ferdigstillelse av statsbudsjettet for 2026.\" alt=\"Mimir Kristjansson (R\u00f8dt) under en pressekonferanse p\u00e5 Stortinget l\u00f8rdag, i forbindelse med ferdigstillelse av statsbudsjettet for 2026.\" loading=\"lazy\" style=\"\"\/><\/p>\n<p>\n            Mimir Kristjansson (R\u00f8dt) under en pressekonferanse p\u00e5 Stortinget l\u00f8rdag, i forbindelse med ferdigstillelse av statsbudsjettet for 2026.<br \/>\n            FOTO: Thomas Fure \/ NTB\n        <\/p>\n<p>Hans Andreas Limi, nestleder og finanspolitisk talsperson i<br \/>\nFremskrittspartiet, har sagt at Frp ikke vil bidra i en skattekommisjon.<\/p>\n<p class=\"no_italic m-no_italic\" data-lab-italic=\"\">\u2013 Vi vil ikke v\u00e6re med p\u00e5 \u00e5 kaste bl\u00e5r i \u00f8ynene til<br \/>\nvelgerne. Det er ikke mulig \u00e5 f\u00e5 til et forlik der alle partier inng\u00e5r, derfor<br \/>\nm\u00e5 Stoltenberg og St\u00f8re velge mellom skatte\u00f8kninger med ytre venstre-partiene<br \/>\neller skattelettelser med Frp, sa Limi if\u00f8lge E24.<\/p>\n<p class=\"italic m-italic\" data-lab-italic=\"italic\">\u2013 Er dere enige med Hans Andreas Limi om at dette ikke<br \/>\nkan b\u00e6re frukt?<\/p>\n<p>\u2013 All skattepolitikk er ikke hyperideologisk. Jeg h\u00e5per jo<br \/>\nat ogs\u00e5 h\u00f8yresiden er for kampen mot skatteparadis, tette skattehull og \u00e5<br \/>\nhindre skattekriminalitet og skattesvindel. Man kan se for seg en rekke ting<br \/>\ndet er mulig \u00e5 finne enighet om, sier Kristj\u00e1nsson, og fortsetter:<\/p>\n<p>\u2013 Men et stort forlik om de store ideologiske stridssp\u00f8rsm\u00e5lene<br \/>\nmellom h\u00f8yre- og venstresiden, det er jeg enig med Limi at det er vanskelig \u00e5<br \/>\nse for seg.<\/p>\n<p>Han sier at uenigheter ikke er til hinder for \u00e5 ha en<br \/>\nkommisjon.\u00a0<\/p>\n<p>\u2013 Det er ikke noe problem \u00e5 sette seg ned i en kommisjon for<br \/>\n\u00e5 se p\u00e5 ulike sider av skattesystemet, og enten bli enige eller uenige, alt ettersom.<br \/>\nJeg oppfatter det mer som et politisk spill fra FRP, det at de sier at de ikke<br \/>\nvil delta.<\/p>\n<p class=\"italic m-italic\" data-lab-italic=\"italic\">F\u00e5 nyhetsbrev fra Dagsavisen. Meld deg p\u00e5\u00a0<a href=\"https:\/\/www.dagsavisen.no\/om-dagsavisen\/2023\/12\/20\/fa-daglig-nyhetsbrev\/\" rel=\"nofollow noopener\" target=\"_blank\">her<\/a>!<\/p>\n","protected":false},"excerpt":{"rendered":"H\u00f8yre, KrF og Venstre har snudd i sp\u00f8rsm\u00e5let om en skattekommisjon. M\u00edmir Kristj\u00e1nsson sier R\u00f8dt er med, men&hellip;\n","protected":false},"author":2,"featured_media":103355,"comment_status":"","ping_status":"","sticky":false,"template":"","format":"standard","meta":{"footnotes":""},"categories":[5],"tags":[20,21,24,25,15,19,22,23,17,18,13,30,28,29,14,16,26,27],"class_list":{"0":"post-103354","1":"post","2":"type-post","3":"status-publish","4":"format-standard","5":"has-post-thumbnail","7":"category-overskrifter","8":"tag-breaking-news","9":"tag-breakingnews","10":"tag-featured-news","11":"tag-featurednews","12":"tag-headlines","13":"tag-hovedoppslag","14":"tag-latest-news","15":"tag-latestnews","16":"tag-main-news","17":"tag-mainnews","18":"tag-news","19":"tag-no","20":"tag-norge","21":"tag-norway","22":"tag-nyheter","23":"tag-overskrifter","24":"tag-top-stories","25":"tag-topstories"},"share_on_mastodon":{"url":"https:\/\/pubeurope.com\/@no\/115656689357849110","error":""},"_links":{"self":[{"href":"https:\/\/www.europesays.com\/no\/wp-json\/wp\/v2\/posts\/103354","targetHints":{"allow":["GET"]}}],"collection":[{"href":"https:\/\/www.europesays.com\/no\/wp-json\/wp\/v2\/posts"}],"about":[{"href":"https:\/\/www.europesays.com\/no\/wp-json\/wp\/v2\/types\/post"}],"author":[{"embeddable":true,"href":"https:\/\/www.europesays.com\/no\/wp-json\/wp\/v2\/users\/2"}],"replies":[{"embeddable":true,"href":"https:\/\/www.europesays.com\/no\/wp-json\/wp\/v2\/comments?post=103354"}],"version-history":[{"count":0,"href":"https:\/\/www.europesays.com\/no\/wp-json\/wp\/v2\/posts\/103354\/revisions"}],"wp:featuredmedia":[{"embeddable":true,"href":"https:\/\/www.europesays.com\/no\/wp-json\/wp\/v2\/media\/103355"}],"wp:attachment":[{"href":"https:\/\/www.europesays.com\/no\/wp-json\/wp\/v2\/media?parent=103354"}],"wp:term":[{"taxonomy":"category","embeddable":true,"href":"https:\/\/www.europesays.com\/no\/wp-json\/wp\/v2\/categories?post=103354"},{"taxonomy":"post_tag","embeddable":true,"href":"https:\/\/www.europesays.com\/no\/wp-json\/wp\/v2\/tags?post=103354"}],"curies":[{"name":"wp","href":"https:\/\/api.w.org\/{rel}","templated":true}]}}