{"id":103356,"date":"2025-12-03T17:01:10","date_gmt":"2025-12-03T17:01:10","guid":{"rendered":"https:\/\/www.europesays.com\/no\/103356\/"},"modified":"2025-12-03T17:01:10","modified_gmt":"2025-12-03T17:01:10","slug":"flere-kollisjoner-nrk-troms-og-finnmark","status":"publish","type":"post","link":"https:\/\/www.europesays.com\/no\/103356\/","title":{"rendered":"Flere kollisjoner \u2013 NRK Troms og Finnmark"},"content":{"rendered":"<p>Rushtrafikken er godt i gang, med m\u00f8rketid og dalende sn\u00f8 &#8211; og isete veier.<\/p>\n<p>Yr har sendt ut gult farevarsel for <a href=\"https:\/\/www.yr.no\/nb\/v%C3%A6rvarsel\/timetabell\/1-305409\/Norge\/Troms\/Troms%C3%B8\/Troms%C3%B8?i=0\" ec-id=\"https:\/\/www.yr.no\/nb\/v%C3%A6rvarsel\/timetabell\/1-305409\/Norge\/Troms\/Troms%C3%B8\/Troms%C3%B8\" ec-name=\"isete veier i Troms\" rel=\"nofollow noopener\" target=\"_blank\">isete veier i Troms<\/a> i dag.<\/p>\n<p>Gult fareniv\u00e5<\/p>\n<p>Gult brukes om en moderat farlig situasjon, som kan for\u00e5rsake skader lokalt.<\/p>\n<p>Gule farevarsler sendes ut n\u00e5r det forventes mindre konsekvenser. De fleste vil kunne fortsette sine daglige gj\u00f8rem\u00e5l, men de som f.eks. planlegger utend\u00f8rsaktiviteter, b\u00f8r v\u00e6re oppmerksomme eller eventuelt holde seg inne.<\/p>\n<ul>\n<li>Det kan bli skader lokalt<\/li>\n<li>Str\u00f8mbrudd kan forekomme<\/li>\n<li>Det er sannsynlig med forsinkelser i trafikken<\/li>\n<li>Vind kan gj\u00f8re det farlig \u00e5 v\u00e6re i fjellet<\/li>\n<\/ul>\n<p><a href=\"https:\/\/hjelp.yr.no\/hc\/no\/articles\/360008876673\" ec-id=\"https:\/\/hjelp.yr.no\/hc\/no\/articles\/360008876673\" ec-name=\"Les mer om ulike fareniv\u00e5\" rel=\"nofollow noopener\" target=\"_blank\">Les mer om ulike fareniv\u00e5<\/a>.<\/p>\n<p>\u2013 Vurder bruk av brodder eller piggsko, skriver de p\u00e5 sine nettsider.<\/p>\n<p>Kanskje m\u00e5 ogs\u00e5 piggdekk til, hvis man skal ta bilen hjem fra jobb &#8211; eller til kveldsvakt.<\/p>\n<p>Flere kollisjoner<\/p>\n<p>\u2013 Det har v\u00e6rt litt av hvert, for \u00e5 si det s\u00e5nn.<\/p>\n<p>Det sier operasjonsleder i Troms politidistrikt, Per Arve Aas.<\/p>\n<p><img decoding=\"async\"   src=\"data:image\/gif;base64,R0lGODlhAQABAIAAAAAAAP\/\/\/yH5BAEAAAAALAAAAAABAAEAAAIBRAA7\" loading=\"eager\" alt=\"Per Arve Aas, operasjonsleder\" title=\"Foto: Gunnar Grindstein \/ NRK\"\/><\/p>\n<p class=\"\">Operasjonsleder Per Arve Aas har tastet mye p\u00e5 politilogg-tastaturet i ettermiddag.<\/p>\n<p>Foto: Gunnar Grindstein \/ NRK<\/p>\n<p>B\u00e5de politiet og bergingsbilene blir opptatt med trafikken n\u00e5r det oppst\u00e5r \u00abutfordrende kj\u00f8reforhold\u00bb, som Aas vedkjenner at Troms har i dag.<\/p>\n<p>I skrivende stund har fire biler sklidd inn i hverandre i Gr\u00f8holtvegen p\u00e5 Troms\u00f8ya.<\/p>\n<p>Veien er bratt, og det er <a href=\"https:\/\/www.nrk.no\/tromsogfinnmark\/sapeglatt-i-tromso_-politiet-anbefaler-a-la-bilen-sta-1.17654279\" ec-id=\"pp:article:1.17654279\" ec-name=\"ikke f\u00f8rste gangen\" rel=\"nofollow noopener\" target=\"_blank\">ikke f\u00f8rste gangen<\/a> fire biler sklir inn i hverandre der.<\/p>\n<p>\u2013 Er veien beryktet?<\/p>\n<p>\u2013 Bratt og glatt er i hvert fall en d\u00e5rlig kombinasjon du finner der, forklarer Aas.<\/p>\n<p><strong>Bilene der venter p\u00e5 berging, og veien er inntil videre stengt.<\/strong><\/p>\n<p><img decoding=\"async\"   src=\"data:image\/gif;base64,R0lGODlhAQABAIAAAAAAAP\/\/\/yH5BAEAAAAALAAAAAABAAEAAAIBRAA7\" loading=\"eager\" alt=\"Bilde av gult farevarsel fra yr i Troms\" title=\"Foto: Yr\"\/><\/p>\n<p class=\"\">Farevarselet i Troms gjelder for isete veier.<\/p>\n<p>Foto: Yr<\/p>\n<p>\u2013 Hva m\u00e5 folk tenke p\u00e5 i dag?<\/p>\n<p>\u2013 Ta det rolig, sier Aas.<\/p>\n<p>Og:<\/p>\n<p>\u2013 Vurder egne ferdigheter. Tviler du p\u00e5 om du f\u00e5r bilen opp en bakke, ta en annen vei.<\/p>\n<p>To uhell p\u00e5 samme sted<\/p>\n<p>Mellom klokka 15 og 16 i dag har politiet i Troms\u00f8 ogs\u00e5 rykket ut til en <a href=\"https:\/\/www.nrk.no\/tromsogfinnmark\/trafikkulykke-i-tromso-1.17678164\" ec-id=\"pp:article:1.17678164\" ec-name=\"kollisjon mellom en varebil og en personbil\" rel=\"nofollow noopener\" target=\"_blank\">kollisjon mellom en varebil og en personbil<\/a>.<\/p>\n<p>Da ble de tilfeldigvis vitne til en <a href=\"https:\/\/www.nrk.no\/tromsogfinnmark\/trafikkulykke-pa-tromsoya-1.17678166\" ec-id=\"pp:article:1.17678166\" ec-name=\"annen kollisjon\" rel=\"nofollow noopener\" target=\"_blank\">annen kollisjon<\/a> &#8211; p\u00e5 samme sted. Ved Mellomvegen og Henrik Wergelands veg i Troms\u00f8.<\/p>\n<p><strong>Sistnevnte vei er fortsatt stengt, der bilene ogs\u00e5 venter p\u00e5 \u00e5 berges.<\/strong><\/p>\n<p>\u2013 Never ending story, skrev operasjonslederen i sin fjerde melding til publikum.<\/p>\n<p>I 16-tida var politiet p\u00e5 vei til Tomasjordnes i fastlands-Troms\u00f8, etter melding om en buss som <a href=\"https:\/\/www.nrk.no\/tromsogfinnmark\/rutebuss-pa-tvers-av-veien-ved-tomasjordnes-1.17678218\" ec-id=\"pp:article:1.17678218\" ec-name=\"stod p\u00e5 tvers av veien\" rel=\"nofollow noopener\" target=\"_blank\">stod p\u00e5 tvers av veien<\/a> og sperret for trafikken.<\/p>\n<p>Da de kom frem s\u00e5 det ut til \u00e5 ha l\u00f8st seg p\u00e5 egen h\u00e5nd.<\/p>\n<p>I de nevnte uhellene har de ikke v\u00e6rt meldt om st\u00f8rre personskader.<\/p>\n<p>Publisert<\/p>\n<p>03.12.2025, kl. 16.31<\/p>\n<p>Oppdatert<\/p>\n<p>03.12.2025, kl. 17.40<\/p>\n","protected":false},"excerpt":{"rendered":"Rushtrafikken er godt i gang, med m\u00f8rketid og dalende sn\u00f8 &#8211; og isete veier. Yr har sendt ut&hellip;\n","protected":false},"author":2,"featured_media":103357,"comment_status":"","ping_status":"","sticky":false,"template":"","format":"standard","meta":{"footnotes":""},"categories":[10],"tags":[20,21,24,25,15,22,23,13,30,28,29,14,16,26,27],"class_list":{"0":"post-103356","1":"post","2":"type-post","3":"status-publish","4":"format-standard","5":"has-post-thumbnail","7":"category-norge","8":"tag-breaking-news","9":"tag-breakingnews","10":"tag-featured-news","11":"tag-featurednews","12":"tag-headlines","13":"tag-latest-news","14":"tag-latestnews","15":"tag-news","16":"tag-no","17":"tag-norge","18":"tag-norway","19":"tag-nyheter","20":"tag-overskrifter","21":"tag-top-stories","22":"tag-topstories"},"share_on_mastodon":{"url":"https:\/\/pubeurope.com\/@no\/115656712897577298","error":""},"_links":{"self":[{"href":"https:\/\/www.europesays.com\/no\/wp-json\/wp\/v2\/posts\/103356","targetHints":{"allow":["GET"]}}],"collection":[{"href":"https:\/\/www.europesays.com\/no\/wp-json\/wp\/v2\/posts"}],"about":[{"href":"https:\/\/www.europesays.com\/no\/wp-json\/wp\/v2\/types\/post"}],"author":[{"embeddable":true,"href":"https:\/\/www.europesays.com\/no\/wp-json\/wp\/v2\/users\/2"}],"replies":[{"embeddable":true,"href":"https:\/\/www.europesays.com\/no\/wp-json\/wp\/v2\/comments?post=103356"}],"version-history":[{"count":0,"href":"https:\/\/www.europesays.com\/no\/wp-json\/wp\/v2\/posts\/103356\/revisions"}],"wp:featuredmedia":[{"embeddable":true,"href":"https:\/\/www.europesays.com\/no\/wp-json\/wp\/v2\/media\/103357"}],"wp:attachment":[{"href":"https:\/\/www.europesays.com\/no\/wp-json\/wp\/v2\/media?parent=103356"}],"wp:term":[{"taxonomy":"category","embeddable":true,"href":"https:\/\/www.europesays.com\/no\/wp-json\/wp\/v2\/categories?post=103356"},{"taxonomy":"post_tag","embeddable":true,"href":"https:\/\/www.europesays.com\/no\/wp-json\/wp\/v2\/tags?post=103356"}],"curies":[{"name":"wp","href":"https:\/\/api.w.org\/{rel}","templated":true}]}}