{"id":103360,"date":"2025-12-03T17:08:10","date_gmt":"2025-12-03T17:08:10","guid":{"rendered":"https:\/\/www.europesays.com\/no\/103360\/"},"modified":"2025-12-03T17:08:10","modified_gmt":"2025-12-03T17:08:10","slug":"over-50-drosjesjaforer-streiket-pa-vaernes-det-er-forskjellsbehandling-mn24-no","status":"publish","type":"post","link":"https:\/\/www.europesays.com\/no\/103360\/","title":{"rendered":"Over 50 drosjesj\u00e5f\u00f8rer streiket p\u00e5 V\u00e6rnes: \u2013 Det er forskjellsbehandling &#8211; mn24.no"},"content":{"rendered":"<ol>\n<li><a href=\"https:\/\/news.google.com\/rss\/articles\/CBMiuAFBVV95cUxONUFObG1pdU1FUXJVZGlRT0loVkFrVU51Q2dWUEhMM2lObkVTZzlYLVhJTkpCaGd1VmJtdmJWN19GdTJsWDlITnBwdDRubl9ib1NsMXc5ZjROY3ZYUERNeGZoekZKdTF0cnNnQmcwR2Z5eTktQS1oSFJFWldwY0EydTRYc1E0OGFhWmcxX2dRTVFTenBYZzJodkNpS016Z2pfdTBMT3lhck9SZ0hDMjhTcFlWYnIzMzly?oc=5\" target=\"_blank\" rel=\"nofollow noopener\">Over 50 drosjesj\u00e5f\u00f8rer streiket p\u00e5 V\u00e6rnes: \u2013 Det er forskjellsbehandling<\/a>&nbsp;&nbsp;mn24.no<\/li>\n<li><a href=\"https:\/\/news.google.com\/rss\/articles\/CBMizgFBVV95cUxOc0dCQ2pJMWVnVXhqNDBIdDNHWi1qTVNqQ3hxYkM0NmRnMEpMa3I1NGFPMjdXUXF1T1NCckdtZTFCb29rR0xSNEJiT2QwNnV4aFBGWGJRdk1DSUU5YW00N2VHb1l0YnE3Tmp2dUo0Z08xYk5VWTJfNXpja1hFRTBkaGwtQUVLaVNOU1NoYU9haklVaXBpNXdkMjlVS3pZbTZQOGw3NU5CNXdjT0lUN1FaVTl0S2t1NGZaZ2VkVXlOdlcyczlyaEp0dXFCaW9NUQ?oc=5\" target=\"_blank\" rel=\"nofollow noopener\">Raser mot det nye systemet p\u00e5 V\u00e6rnes: &#8211; Forskjells\u00adbehandling<\/a>&nbsp;&nbsp;adressa.no<\/li>\n<li><a href=\"https:\/\/news.google.com\/rss\/articles\/CBMikwFBVV95cUxPNkFTd1IwelJSaFY2cEtyei0xLXlOeHNqUmNRVTlmMGt1RWtVcmpBMGdRcmJxZmN0WGp1YTFZMmJaS3I1X0piSk5NbkNiUzAzcWFKNktuQVM5UDVET2hHcDZpTGFzc0F0LWxUVDFCdTUxRnpvWlhhNVV5RFpRTlVZeEpyWkdXUzRaWXh3NUZoRHhtMUk?oc=5\" target=\"_blank\" rel=\"nofollow noopener\">Sinte drosjesj\u00e5f\u00f8rer demonstrerte p\u00e5 flyplassen<\/a>&nbsp;&nbsp;bladet.no<\/li>\n<li><a href=\"https:\/\/news.google.com\/rss\/articles\/CBMimAFBVV95cUxOOHJrbVdHQVlTR3ZWYzlnUjRUU1p3S054bGdTSHRoYldsMFMwT1RIaDBxZlNLNzlZZDUtcGk3MFpSOWtQd1lKQVV2Q2JwZlpGSEdGa2JyLVhTV1I4ZXZuWUJuNEh5YzFDRnFGblFROVlVLThvZFpqUHdTZTU4cmx4R2pUX2ZubzlkSFBlWGxiTHhTSG95OG0wUQ?oc=5\" target=\"_blank\" rel=\"nofollow noopener\">\u2013 Vi har ikke lyst til \u00e5 hente kunder med rester av urin p\u00e5 fingrene<\/a>&nbsp;&nbsp;s-n.no<\/li>\n<li><a href=\"https:\/\/news.google.com\/rss\/articles\/CBMiigFBVV95cUxNQVZFUWZ2aUV5bHJUb1MxeWtudU5OOFN6RmZtX0o0LUZXUGhaVUppUWJydnBjR19wdDdjSDRHQXp4Tlo0QTdKSURqTHVwQ3JOdXVscUlaTkFJaS1jQ0lLWUFyZFhxd05QM2VVbWNSMjFjRUZ1UXlPT09YSnVfTjdKOWVWVG1aLVczRHc?oc=5\" target=\"_blank\" rel=\"nofollow noopener\">Bergen Lufthavn, Taxi | Her testes de nye automatene: \u2013 Dummeste jeg har sett<\/a>&nbsp;&nbsp;Bergensavisen<\/li>\n<\/ol>\n","protected":false},"excerpt":{"rendered":"Over 50 drosjesj\u00e5f\u00f8rer streiket p\u00e5 V\u00e6rnes: \u2013 Det er forskjellsbehandling&nbsp;&nbsp;mn24.no Raser mot det nye systemet p\u00e5 V\u00e6rnes: &#8211;&hellip;\n","protected":false},"author":2,"featured_media":103361,"comment_status":"","ping_status":"","sticky":false,"template":"","format":"standard","meta":{"footnotes":""},"categories":[10],"tags":[2408,20,21,24,25,15,22,23,13,30,28,29,14,16,9846,26,27,3761,3478],"class_list":{"0":"post-103360","1":"post","2":"type-post","3":"status-publish","4":"format-standard","5":"has-post-thumbnail","7":"category-norge","8":"tag-avinor","9":"tag-breaking-news","10":"tag-breakingnews","11":"tag-featured-news","12":"tag-featurednews","13":"tag-headlines","14":"tag-latest-news","15":"tag-latestnews","16":"tag-news","17":"tag-no","18":"tag-norge","19":"tag-norway","20":"tag-nyheter","21":"tag-overskrifter","22":"tag-taxi","23":"tag-top-stories","24":"tag-topstories","25":"tag-trondheim-lufthavn","26":"tag-vaernes"},"share_on_mastodon":{"url":"https:\/\/pubeurope.com\/@no\/115656740243575016","error":""},"_links":{"self":[{"href":"https:\/\/www.europesays.com\/no\/wp-json\/wp\/v2\/posts\/103360","targetHints":{"allow":["GET"]}}],"collection":[{"href":"https:\/\/www.europesays.com\/no\/wp-json\/wp\/v2\/posts"}],"about":[{"href":"https:\/\/www.europesays.com\/no\/wp-json\/wp\/v2\/types\/post"}],"author":[{"embeddable":true,"href":"https:\/\/www.europesays.com\/no\/wp-json\/wp\/v2\/users\/2"}],"replies":[{"embeddable":true,"href":"https:\/\/www.europesays.com\/no\/wp-json\/wp\/v2\/comments?post=103360"}],"version-history":[{"count":0,"href":"https:\/\/www.europesays.com\/no\/wp-json\/wp\/v2\/posts\/103360\/revisions"}],"wp:featuredmedia":[{"embeddable":true,"href":"https:\/\/www.europesays.com\/no\/wp-json\/wp\/v2\/media\/103361"}],"wp:attachment":[{"href":"https:\/\/www.europesays.com\/no\/wp-json\/wp\/v2\/media?parent=103360"}],"wp:term":[{"taxonomy":"category","embeddable":true,"href":"https:\/\/www.europesays.com\/no\/wp-json\/wp\/v2\/categories?post=103360"},{"taxonomy":"post_tag","embeddable":true,"href":"https:\/\/www.europesays.com\/no\/wp-json\/wp\/v2\/tags?post=103360"}],"curies":[{"name":"wp","href":"https:\/\/api.w.org\/{rel}","templated":true}]}}