{"id":103364,"date":"2025-12-03T17:21:10","date_gmt":"2025-12-03T17:21:10","guid":{"rendered":"https:\/\/www.europesays.com\/no\/103364\/"},"modified":"2025-12-03T17:21:10","modified_gmt":"2025-12-03T17:21:10","slug":"apner-opp-om-sin-finske-familie","status":"publish","type":"post","link":"https:\/\/www.europesays.com\/no\/103364\/","title":{"rendered":"\u00c5pner opp om sin finske familie"},"content":{"rendered":"\n<p class=\"_lead_o9xde_2 _lead_xtcu6_50 layout-component text-serif-m layout-normal text-serif-l layout-component layout-wide layout-padded _wide_17hqh_1 layout-padded\">Pamela Anderson (58) snakker ut om sine r\u00f8tter i et intervju med <a href=\"https:\/\/www.voguescandinavia.com\/articles\/pamela-anderson-vogue-cover-story\" class=\"_link_o9xde_39\" rel=\"nofollow noopener\" target=\"_blank\">Vogue Scandinavia<\/a>. <\/p>\n<p><img alt=\"Her fra den r\u00f8de l\u00f8peren under Deauville American film festival i Frankrike i september.  Foto: LOIC VENANCE \/ AFP \/ NTB\" class=\"_image_qp4xg_65 layout-component layout-wide\" data-fullscreen- data-track-element-type=\"Article image fullscreen\" data-track-name=\"ImageFullscreen\" fetchpriority=\"high\" decoding=\"sync\" loading=\"eager\" height=\"4198\" itemprop=\"image\"  src=\"https:\/\/www.europesays.com\/no\/wp-content\/uploads\/2025\/12\/803c8cf7-048f-4049-9c3e-d388c706cd7c\"  style=\"object-position:0% 0%\" width=\"6297\"\/>Her fra den r\u00f8de l\u00f8peren under Deauville American film festival i Frankrike i september.  Foto: LOIC VENANCE \/ AFP \/ NTB<\/p>\n<ul aria-hidden=\"true\" class=\"_images_1uft6_111\">\n<li><a class=\"_link_1uft6_116\" href=\"https:\/\/www.vg.no\/forfatter\/signe-rosenlund-hauglid\" style=\"z-index:1\" title=\"Signe Rosenlund-Hauglid\" rel=\"nofollow noopener\" target=\"_blank\"><img alt=\"Bilde av Signe Rosenlund-Hauglid\" class=\"_image_1uft6_93\" fetchpriority=\"low\" loading=\"lazy\" decoding=\"async\" itemprop=\"image\"  src=\"https:\/\/www.europesays.com\/no\/wp-content\/uploads\/2025\/12\/65e9df60-b046-4add-b7dd-10f1cf4fbd21\"  width=\"480\"\/><\/a><\/li>\n<\/ul>\n<p> Oppdatert onsdag 3. desember kl. 18:10     <\/p>\n<p class=\"_paragraph_o9xde_4 _paragraph_xtcu6_10 layout-component text-serif-m layout-normal text-serif-m layout-padded\">Der fremhever den canadisk-amerikanske skuespilleren sin finske bestefar, Herman Hyyti\u00e4inen. Han var en mann som trodde p\u00e5 folkeeventyr, alver og tr\u00e6r som hvisket hemmeligheter til hverandre, forteller hun. <\/p>\n<p class=\"_paragraph_o9xde_4 _paragraph_xtcu6_10 layout-component text-serif-m layout-normal text-serif-m layout-padded\">\u2013 Han var det mennesket som var n\u00e6rmest meg i livet, sier hun om forholdet til bestefaren i barndommen. <\/p>\n<p class=\"_paragraph_o9xde_4 _paragraph_xtcu6_10 layout-component text-serif-m layout-normal text-serif-m layout-padded\">Hyyti\u00e4inen var bestefarens etternavn, f\u00f8r hele familien byttet navn til Anderson da de flyttet til Canada. Bestefaren l\u00e6rte henne ogs\u00e5 finsk, men spr\u00e5ket glapp med tiden. Bestefaren d\u00f8de da Pamela var i 11-\u00e5rsalderen. <\/p>\n<p class=\"_paragraph_o9xde_4 _paragraph_xtcu6_10 layout-component text-serif-m layout-normal text-serif-m layout-padded\"><strong class=\"_strong_o9xde_25\">\u2013 Noen ganger vil jeg ikke v\u00e6re <a href=\"https:\/\/www.vg.no\/tag\/pamela-anderson?utm_source=vg-article&amp;utm_medium=auto-tagger&amp;utm_campaign=d45geq\" class=\"_link_o9xde_39\" rel=\"nofollow noopener\" target=\"_blank\">Pamela Anderson<\/a>, men Pamela Hyyti\u00e4inen, forteller hun fra sitt hotellrom i Paris. <\/strong><\/p>\n<p class=\"_paragraph_o9xde_4 _paragraph_xtcu6_10 layout-component text-serif-m layout-normal text-serif-m layout-padded\">\u2013 Jeg vil gjerne bytte navn, men de vil ikke la meg gj\u00f8re det, legger hun til, uten \u00e5 utdype hvem \u00abde\u00bb er. <\/p>\n<p class=\"_paragraph_o9xde_4 _paragraph_xtcu6_10 layout-component text-serif-m layout-normal text-serif-m layout-padded\"><strong class=\"_strong_o9xde_25\">Les ogs\u00e5<\/strong>: <a href=\"https:\/\/www.vg.no\/rampelys\/i\/0Vz26J\/pamela-anderson-jeg-er-blitt-avskrevet\" data-track-element-type=\"Link\" data-track-id=\"link:0Vz26J\" class=\"_link_o9xde_39\" rel=\"nofollow noopener\" target=\"_blank\">\u2013 Jeg har blitt avskrevet<\/a> <\/p>\n<p><img alt=\"Her fra filmpremieren til \u00abThe Naked Gun\u00bb i London i sommer.   Foto: Kirsty Wigglesworth \/ AP \/ NTB\" class=\"_image_qp4xg_65 layout-component layout-normal\" data-fullscreen- data-track-element-type=\"Article image fullscreen\" data-track-name=\"ImageFullscreen\" decoding=\"async\" loading=\"lazy\" height=\"2237\" itemprop=\"image\"  src=\"https:\/\/www.europesays.com\/no\/wp-content\/uploads\/2025\/12\/815cb3d2-d664-49d2-9ccd-f6f7152339c8\"  style=\"object-position:0% 0%\" width=\"3355\"\/>Her fra filmpremieren til \u00abThe Naked Gun\u00bb i London i sommer.   Foto: Kirsty Wigglesworth \/ AP \/ NTB<\/p>\n<p class=\"_paragraph_o9xde_4 _paragraph_xtcu6_10 layout-component text-serif-m layout-normal text-serif-m layout-padded\">Det er mange \u00e5r siden\u00a0Pamela Anderson\u00a0n\u00e6rmest var fast gjest p\u00e5 r\u00f8de l\u00f8pere. Forfatteren, skuespilleren og modellen er kanskje mest kjent for sin rolle i \u00abBaywatch\u00bb p\u00e5 90-tallet, og sine modelljobber for magasinet Playboy. <\/p>\n<p class=\"_paragraph_o9xde_4 _paragraph_xtcu6_10 layout-component text-serif-m layout-normal text-serif-m layout-padded\">Dessuten har hun f\u00e5tt et helt nytt image. De siste par \u00e5rene har Anderson droppet sin tidligere s\u00e5 velpolerte og stivpyntede fasade til fordel <a href=\"https:\/\/www.vg.no\/rampelys\/i\/kwQ5xX\/sminkefri-pamela-anderson-paa-festival-fikk-hederspris\" data-track-element-type=\"Link\" data-track-id=\"link:kwQ5xX\" class=\"_link_o9xde_39\" rel=\"nofollow noopener\" target=\"_blank\">for en helt naturlig look<\/a>. <\/p>\n<p class=\"_paragraph_o9xde_4 _paragraph_xtcu6_10 layout-component text-serif-m layout-normal text-serif-m layout-padded\">I Vogue-intervjuet roser hun blant annet den svenske filmregiss\u00f8ren Ingmar Bergman, og omtaler \u00abScener fra et ekteskap\u00bb (1974) som en av sine favoritter. <\/p>\n<p class=\"_paragraph_o9xde_4 _paragraph_xtcu6_10 layout-component text-serif-m layout-normal text-serif-m layout-padded\">Se ogs\u00e5 hvordan Anderson ble portrettert i TV-serien \u00abPam &amp; Tommy\u00bb:<\/p>\n<p class=\"_paragraph_o9xde_4 _paragraph_xtcu6_10 layout-component text-serif-m layout-normal text-serif-m layout-padded\">Anderson forteller at hun har kj\u00f8pt besteforeldrenes gamle hus p\u00e5 Vancouver\u00f8ya, og at hun tilbringer mesteparten av tiden ute i hagen sin. <\/p>\n<p class=\"_paragraph_o9xde_4 _paragraph_xtcu6_10 layout-component text-serif-m layout-normal text-serif-m layout-padded\">Hun sier hun dr\u00f8mmer om \u00e5 reise tilbake til Finland \u2013 slik hun gjorde en gang i 2007. <\/p>\n<p class=\"_paragraph_o9xde_4 _paragraph_xtcu6_10 layout-component text-serif-m layout-normal text-serif-m layout-padded\">\u2013 Jeg skulle gjerne dratt tilbake til Finland, kanskje med s\u00f8nnene mine, for \u00e5 finne ut mer om meg selv og for \u00e5 utforske den siden av meg. Kanskje jeg bytter navn og drar tilbake, for \u00e5 svare til r\u00f8ttene mine. Det f\u00f8les distansert, men det er en del av meg: <\/p>\n<p class=\"_paragraph_o9xde_4 _paragraph_xtcu6_10 layout-component text-serif-m layout-normal text-serif-m layout-padded\">\u2013 Jeg har alltid v\u00e6rt stolt over \u00e5 fortelle folk at jeg er finsk, selv f\u00f8r jeg virkelig visst hva det betydde, sier Anderson i Vogue-intervjuet. <\/p>\n<p class=\"_paragraph_o9xde_4 _paragraph_xtcu6_10 layout-component text-serif-m layout-normal text-serif-m layout-padded\">De siste \u00e5rene har hun v\u00e6rt \u00e5 se i filmer som \u00abThe Naked Gun\u00bb (2025) sammen med Liam Neeson \u2013 <a href=\"https:\/\/www.vg.no\/rampelys\/i\/dRVK8w\/romanserykter-mellom-pamela-anderson-og-liam-nesson\" data-track-element-type=\"Link\" data-track-id=\"link:dRVK8w\" class=\"_link_o9xde_39\" rel=\"nofollow noopener\" target=\"_blank\">der romanseryktene har svirret <\/a>\u2013 samt \u00abThe Last Showgirl\u00bb (2024), regissert av Gia Coppola. I tillegg <a href=\"https:\/\/www.vg.no\/rampelys\/i\/v51R7w\/pamela-anderson-debuterer-paa-broadway\" data-track-element-type=\"Link\" data-track-id=\"link:v51R7w\" class=\"_link_o9xde_39\" rel=\"nofollow noopener\" target=\"_blank\">har hun v\u00e6rt \u00e5 se p\u00e5 Broadway<\/a> i New York, i rollen som Roxie Hart i musikalen \u00abChicago\u00bb. <\/p>\n","protected":false},"excerpt":{"rendered":"Pamela Anderson (58) snakker ut om sine r\u00f8tter i et intervju med Vogue Scandinavia. Her fra den r\u00f8de&hellip;\n","protected":false},"author":2,"featured_media":103365,"comment_status":"","ping_status":"","sticky":false,"template":"","format":"standard","meta":{"footnotes":""},"categories":[12],"tags":[20,21,24,25,1255,15,22,23,13,30,28,29,14,16,4635,26,27,42,3965,43,44,45],"class_list":{"0":"post-103364","1":"post","2":"type-post","3":"status-publish","4":"format-standard","5":"has-post-thumbnail","7":"category-verden","8":"tag-breaking-news","9":"tag-breakingnews","10":"tag-featured-news","11":"tag-featurednews","12":"tag-finland","13":"tag-headlines","14":"tag-latest-news","15":"tag-latestnews","16":"tag-news","17":"tag-no","18":"tag-norge","19":"tag-norway","20":"tag-nyheter","21":"tag-overskrifter","22":"tag-pamela-anderson","23":"tag-top-stories","24":"tag-topstories","25":"tag-verden","26":"tag-vogue","27":"tag-world","28":"tag-world-news","29":"tag-worldnews"},"share_on_mastodon":{"url":"https:\/\/pubeurope.com\/@no\/115656791645328361","error":""},"_links":{"self":[{"href":"https:\/\/www.europesays.com\/no\/wp-json\/wp\/v2\/posts\/103364","targetHints":{"allow":["GET"]}}],"collection":[{"href":"https:\/\/www.europesays.com\/no\/wp-json\/wp\/v2\/posts"}],"about":[{"href":"https:\/\/www.europesays.com\/no\/wp-json\/wp\/v2\/types\/post"}],"author":[{"embeddable":true,"href":"https:\/\/www.europesays.com\/no\/wp-json\/wp\/v2\/users\/2"}],"replies":[{"embeddable":true,"href":"https:\/\/www.europesays.com\/no\/wp-json\/wp\/v2\/comments?post=103364"}],"version-history":[{"count":0,"href":"https:\/\/www.europesays.com\/no\/wp-json\/wp\/v2\/posts\/103364\/revisions"}],"wp:featuredmedia":[{"embeddable":true,"href":"https:\/\/www.europesays.com\/no\/wp-json\/wp\/v2\/media\/103365"}],"wp:attachment":[{"href":"https:\/\/www.europesays.com\/no\/wp-json\/wp\/v2\/media?parent=103364"}],"wp:term":[{"taxonomy":"category","embeddable":true,"href":"https:\/\/www.europesays.com\/no\/wp-json\/wp\/v2\/categories?post=103364"},{"taxonomy":"post_tag","embeddable":true,"href":"https:\/\/www.europesays.com\/no\/wp-json\/wp\/v2\/tags?post=103364"}],"curies":[{"name":"wp","href":"https:\/\/api.w.org\/{rel}","templated":true}]}}