{"id":103366,"date":"2025-12-03T17:24:20","date_gmt":"2025-12-03T17:24:20","guid":{"rendered":"https:\/\/www.europesays.com\/no\/103366\/"},"modified":"2025-12-03T17:24:20","modified_gmt":"2025-12-03T17:24:20","slug":"ikke-et-sjokk","status":"publish","type":"post","link":"https:\/\/www.europesays.com\/no\/103366\/","title":{"rendered":"&#8211; Ikke et sjokk"},"content":{"rendered":"<p class=\"kicker \" style=\"\">H\u00e5ndball-VM:<\/p>\n<p>  Er det en svensk fiasko? N\u00e5 flyr debatten om hva det skal kalles f\u00f8r Norge-kampen i kveld.<\/p>\n<p>\n    SVENSK KRISE: Sveriges Filippa Id\u00e9hn og Nathalie Hagman ut av spillerhotellet i Dortmund. Foto: Beate Oma Dahle \/ NTB\n  <\/p>\n<p class=\"bg-red color_mobile_bg-red align-center mobile_text_align_align-center font-weight-bold m-font-weight-bold\" data-lab-text_background_color=\"bg-red\" data-lab-text_align=\"center\" data-lab-font_weight=\"font-weight-bold\">Norge &#8211; Sverige onsdag kl. 20.30<\/p>\n<p>    Kort fortalt<\/p>\n<ul lang=\"nb-NO\">\n<li>Sverige tapte mot Brasil i gruppespillet, noe som ble omtalt som en bombe i media.<\/li>\n<li>Gy\u00f6r-trener Per Johansson mener det ikke var et sjokktap, men at Brasil fortjent vant ved \u00e5 diktere kampen.<\/li>\n<li>Sveriges trener Axn\u00e9r sier at mediafokus ikke hjelper laget, og at de m\u00e5 evaluere etter mesterskapet.<\/li>\n<li>Nora M\u00f8rk mener Sverige har h\u00f8ye forventninger, men mangler seire i avgj\u00f8rende kamper.<\/li>\n<\/ul>\n<p class=\"italic ai-disclaimer\" data-lab-italic=\"italic\">Sammendraget er laget av ChatGPT og godkjent av Dagbladet.<\/p>\n<p>      Vis mer<br \/>\n      Vis mindre<\/p>\n<p>Sverige tapte mot Brasil i gruppespillet mandag kveld. Sjokk og bombe var ordene som ble brukt i svenske og norske medier om tapet som gj\u00f8r at Sveriges sjanser for en kvartfinale har minsket betraktelig.\u00a0<\/p>\n<p>&#8211; En liten bombe, sa ogs\u00e5 Norge-spiller Maren Aardahl til Dagbladet.\u00a0<\/p>\n<p>    <a itemprop=\"url\" href=\"https:\/\/www.dagbladet.no\/sport\/tv-slakt-kan-ikke-sammenliknes\/83928712\" rel=\"nofollow noopener\" target=\"_blank\"><\/p>\n<p>      <img loading=\"lazy\" decoding=\"async\" src=\"https:\/\/www.europesays.com\/no\/wp-content\/uploads\/2025\/12\/83929372.webp\" width=\"980\" height=\"441\" title=\"TV-slakt: - Kan ikke sammenliknes\" alt=\"\" class=\"lazyload\" style=\"--aspect-ratio-image: 2.22; \"\/><\/p>\n<p>        TV-slakt: &#8211; Kan ikke sammenliknes<\/p>\n<p>    <\/a><\/p>\n<p>I Aftonbladets h\u00e5ndballpodkast gir Gy\u00f6r-trener Per Johansson et annet perspektiv.<\/p>\n<p>&#8211; Jeg skj\u00f8nner at du bruker det fra utgangspunktet som journalist, men jeg synes det er ganske langt unna et sjokktap. Det er ikke et sjokk at Brasil kan sl\u00e5 Sverige, sier den profilerte treneren til Sportbladets programleder.<\/p>\n<p>          <img loading=\"lazy\" decoding=\"async\" src=\"https:\/\/www.europesays.com\/no\/wp-content\/uploads\/2025\/12\/83932519.webp\" width=\"686\" height=\"460\" title=\"- IKKE NOE SJOKK: Per Johansson trener den ungarske storklubben Gy\u00f6r. Med flere norske landslagsspillere og utenlandske stjerner. Foto: NTB\" alt=\"\" class=\"\" style=\"--aspect-ratio-image: 1.49; \"\/><\/p>\n<p>\n          &#8211; IKKE NOE SJOKK: Per Johansson trener den ungarske storklubben Gy\u00f6r. Med flere norske landslagsspillere og utenlandske stjerner. Foto: NTB\n      <\/p>\n<p>Han sier videre at det overraskende var hvordan Brasil kunne diktere premissene i kampen, og dermed ogs\u00e5 vant helt fortjent.\u00a0<\/p>\n<p>          <img loading=\"lazy\" decoding=\"async\" src=\"https:\/\/www.europesays.com\/no\/wp-content\/uploads\/2025\/12\/83932295.webp\" width=\"980\" height=\"559\" title=\"NEDTUR_ Sveriges Clara Lerby og Nathalie Hagman under tapet mot Brasil. Foto: Emma Wallskog \/ BILDBYR\u00c5N\" alt=\"\" class=\"\" style=\"--aspect-ratio-image: 1.75; \"\/><\/p>\n<p>\n          NEDTUR_ Sveriges Clara Lerby og Nathalie Hagman under tapet mot Brasil. Foto: Emma Wallskog \/ BILDBYR\u00c5N\n      <\/p>\n<p>I Dortmund tirsdag ble Axn\u00e9r konfrontert av norske medier om det vi kaller den svenske krisen. TV 2s reporter spurte hva han synes om ordene som brukes i media.\u00a0<\/p>\n<p>&#8211; Jeg er h\u00e5ndballtrener, ikke journalist, jeg forst\u00e5r mekanismene annerledes enn dere utenfor. Jeg leser ikke alle aviser eller legger s\u00e5 mye verdi i hva alle andre mener. Etter mesterskapet kan man oppsummere om det var en fiasko. Det gj\u00f8r oss ikke bedre \u00e5 tenke i de banene, svarte Axn\u00e9r.<\/p>\n<p>        H\u00c5NDBALL-VM: Norge har valset gjennom sine f\u00f8rste kamper i h\u00e5ndball-VM, da m\u00e5 det v\u00e6re lov med litt tull etter kamp. Video: Myhrvold Simensen\/Skingen(Dagbladet<\/p>\n<p>I mange \u00e5r p\u00e5 rad var Sverige et fast innslag i semifinaler, men uten \u00e5 greie \u00e5 ta medaljen. I fjor r\u00f8k de ut tidligere. N\u00e5 kan det samme skje.\u00a0<\/p>\n<p> &#8211; Det er ikke h\u00e6lene i taket. Det var en t\u00f8ff kveld og tap som gj\u00f8r at det f\u00e5r konsekvenser i at vi f\u00e5r en vanskelig vei framover, fortsetter Axn\u00e9r.<\/p>\n<p>          <img loading=\"lazy\" decoding=\"async\" src=\"https:\/\/www.europesays.com\/no\/wp-content\/uploads\/2025\/12\/83932651.webp\" width=\"980\" height=\"559\" title=\"P\u00c5 DEN NORSKE GRILLEN: Sveriges landslagssjef i intervju med norske medier onsdag i Dortmund. Til h\u00f8yre har Viaplays programleder Gunhild Toldnes trukket fram revolveren. Foto: Emma Wallskog \/ BILDBYR\u00c5N\" alt=\"\" class=\"\" style=\"--aspect-ratio-image: 1.75; \"\/><\/p>\n<p>\n          P\u00c5 DEN NORSKE GRILLEN: Sveriges landslagssjef i intervju med norske medier onsdag i Dortmund. Til h\u00f8yre har Viaplays programleder Gunhild Toldnes trukket fram revolveren. Foto: Emma Wallskog \/ BILDBYR\u00c5N\n      <\/p>\n<p>Tapet gj\u00f8r at Sverige bare har med seg to poeng til de tre kampene i mellomrunden. Norge har fire.<\/p>\n<p>Dagbladet ber Nora M\u00f8rk analysere den svenske situasjonen:<\/p>\n<p>&#8211;\u00a0Sverige er i en situasjon hvor mange forventer mye av dem. Havnet under pallen mange ganger, har h\u00f8ye krav, men de toppnasjonene de har sl\u00e5ss med har de blitt vippet av pinnen. De har en bra tropp, men det svinger en del. P\u00e5 en god dag kan de sl\u00e5 alle, det er vi klar over, oppsummerer M\u00f8rk.\u00a0<\/p>\n<p>    <a itemprop=\"url\" href=\"https:\/\/www.dagbladet.no\/sport\/toft-i-dag-tidlig\/83928831\" rel=\"nofollow noopener\" target=\"_blank\"><\/p>\n<p>      <img loading=\"lazy\" decoding=\"async\" src=\"https:\/\/www.europesays.com\/no\/wp-content\/uploads\/2025\/12\/1764782660_273_83928883.webp\" width=\"980\" height=\"441\" title=\"- T\u00f8ft i dag tidlig\" alt=\"\" class=\"lazyload\" style=\"--aspect-ratio-image: 2.22; \"\/><\/p>\n<p>        &#8211; T\u00f8ft i dag tidlig<\/p>\n<p>    <\/a><\/p>\n<p class=\"italic m-italic\" data-lab-italic=\"italic\">&#8211; Har de h\u00f8ye kravene v\u00e6rt for h\u00f8ye?<\/p>\n<p>&#8211;\u00a0 Egentlig ikke. De har masse gode spillere. Det har handlet mer om at de ikke har vunnet de riktige kampene, svarer M\u00f8rk.<\/p>\n","protected":false},"excerpt":{"rendered":"H\u00e5ndball-VM: Er det en svensk fiasko? N\u00e5 flyr debatten om hva det skal kalles f\u00f8r Norge-kampen i kveld.&hellip;\n","protected":false},"author":2,"featured_media":103367,"comment_status":"","ping_status":"","sticky":false,"template":"","format":"standard","meta":{"footnotes":""},"categories":[59],"tags":[105,9443,30,28,29,83,82,1359],"class_list":{"0":"post-103366","1":"post","2":"type-post","3":"status-publish","4":"format-standard","5":"has-post-thumbnail","7":"category-sport","8":"tag-handball","9":"tag-handball-vm","10":"tag-no","11":"tag-norge","12":"tag-norway","13":"tag-sport","14":"tag-sports","15":"tag-sverige"},"share_on_mastodon":{"url":"https:\/\/pubeurope.com\/@no\/115656803599729666","error":""},"_links":{"self":[{"href":"https:\/\/www.europesays.com\/no\/wp-json\/wp\/v2\/posts\/103366","targetHints":{"allow":["GET"]}}],"collection":[{"href":"https:\/\/www.europesays.com\/no\/wp-json\/wp\/v2\/posts"}],"about":[{"href":"https:\/\/www.europesays.com\/no\/wp-json\/wp\/v2\/types\/post"}],"author":[{"embeddable":true,"href":"https:\/\/www.europesays.com\/no\/wp-json\/wp\/v2\/users\/2"}],"replies":[{"embeddable":true,"href":"https:\/\/www.europesays.com\/no\/wp-json\/wp\/v2\/comments?post=103366"}],"version-history":[{"count":0,"href":"https:\/\/www.europesays.com\/no\/wp-json\/wp\/v2\/posts\/103366\/revisions"}],"wp:featuredmedia":[{"embeddable":true,"href":"https:\/\/www.europesays.com\/no\/wp-json\/wp\/v2\/media\/103367"}],"wp:attachment":[{"href":"https:\/\/www.europesays.com\/no\/wp-json\/wp\/v2\/media?parent=103366"}],"wp:term":[{"taxonomy":"category","embeddable":true,"href":"https:\/\/www.europesays.com\/no\/wp-json\/wp\/v2\/categories?post=103366"},{"taxonomy":"post_tag","embeddable":true,"href":"https:\/\/www.europesays.com\/no\/wp-json\/wp\/v2\/tags?post=103366"}],"curies":[{"name":"wp","href":"https:\/\/api.w.org\/{rel}","templated":true}]}}