{"id":103368,"date":"2025-12-03T17:26:09","date_gmt":"2025-12-03T17:26:09","guid":{"rendered":"https:\/\/www.europesays.com\/no\/103368\/"},"modified":"2025-12-03T17:26:09","modified_gmt":"2025-12-03T17:26:09","slug":"trumps-nasa-kandidat-vender-tilbake-til-senatet-med-en-advarsel-om-manekapplopet","status":"publish","type":"post","link":"https:\/\/www.europesays.com\/no\/103368\/","title":{"rendered":"Trumps NASA-kandidat vender tilbake til Senatet med en advarsel om m\u00e5nekappl\u00f8pet &#8211;"},"content":{"rendered":"<p>Jared Isaacman, milliard\u00e6ren og den private astronauten som president Donald Trump har nominert til \u00e5 lede NASA, st\u00e5r overfor sin andre bekreftelsesh\u00f8ring p\u00e5 onsdag, da senatorene skal vurdere om hans bakgrunn fra det kommersielle romfartsmarkedet kan fremskynde Amerikas retur til m\u00e5nen.<\/p>\n<p>Isaacman (som har fl\u00f8yet to ganger til bane rundt m\u00e5nen p\u00e5 private SpaceX-oppdrag) planlegger \u00e5 fortelle lovgiverne at det \u00e5 &laquo;tape terreng til Kina i m\u00e5nekappl\u00f8pet&raquo; &laquo;kan forrykke maktbalansen her p\u00e5 jorden&raquo;. Han vil fremstille sin opptreden som et budskap om at det haster etter den f\u00f8rste nominasjonen.<\/p>\n<p>Donald Trump renominerte Jared Isaacman i november, kort tid etter at den midlertidige NASA-sjefen Sean Duffy kolliderte offentlig med Elon Musk ved \u00e5 \u00e5pne byr\u00e5ets Artemis-kontrakter for nye konkurrenter.<\/p>\n<p>\u00c5 falle bak Kina kan endre den globale maktbalansen<\/p>\n<p>Senatorene forventes \u00e5 se n\u00e6rmere p\u00e5 Isaacmans b\u00e5nd til Musk og presse ham om <strong>Project Athena<\/strong>, hans langsiktige utkast til plan for NASA som krever kjernefysisk elektrisk fremdrift, et Mars-utforskningsprogram og omfattende effektivitetsreformer.<\/p>\n<p>Isaacman har allerede forsikret lovgiverne om at han vil <strong>beholde Artemis (NASAs milliardprogram for \u00e5 landsette astronauter p\u00e5 m\u00e5nen) i fremste rekke<\/strong>, og hevder at byr\u00e5et kan fremme m\u00e5ne- og Mars-oppdrag parallelt.<\/p>\n<p><strong>Hvis han blir bekreftet<\/strong>, vil han f\u00e5 ansvaret for rundt 14 000 ansatte og et budsjett som Trump-administrasjonen har som m\u00e5l \u00e5 kutte med 25 % frem til 2026, etter at nesten 4 000 ansatte har takket ja til \u00e5 bli kj\u00f8pt ut i \u00e5r. Forel\u00f8pig venter vi p\u00e5 bekreftelse, s\u00e5 f\u00f8lg med for ytterligere oppdateringer.<\/p>\n<p><img loading=\"lazy\" decoding=\"async\" id=\"img-1930873-4748013\" data-fullsize=\"\/media\/80\/trumpu2019snasanominee_4748013b.jpg\" data-lazy=\"\" src=\"https:\/\/www.gamereactor.nohttps:\/\/www.gamereactor.no\/media\/80\/trumpu2019snasanominee_4748013_650x.jpg\" width=\"650\" onclick=\"if (!window.__cfRLUnblockHandlers) return false; gallery_openmodal('1930873','4748013',false,'99d9fa42686dea239260e1e079664719');\" height=\"433\" alt=\"Trumps NASA-kandidat vender tilbake til Senatet med en advarsel om m\u00e5nekappl\u00f8pet\" class=\"rwd_col_content lazy\" data-cf-modified-ca039f14248bf626f60d3d7c-=\"\"\/>Jared Isaacman \/\/ Shutterstock<\/p>\n","protected":false},"excerpt":{"rendered":"Jared Isaacman, milliard\u00e6ren og den private astronauten som president Donald Trump har nominert til \u00e5 lede NASA, st\u00e5r&hellip;\n","protected":false},"author":2,"featured_media":103369,"comment_status":"","ping_status":"","sticky":false,"template":"","format":"standard","meta":{"footnotes":""},"categories":[57],"tags":[30,28,29,65,63,64,66,70,69,67,68],"class_list":{"0":"post-103368","1":"post","2":"type-post","3":"status-publish","4":"format-standard","5":"has-post-thumbnail","7":"category-vitenskap-og-teknologi","8":"tag-no","9":"tag-norge","10":"tag-norway","11":"tag-science","12":"tag-science-and-technology","13":"tag-scienceandtechnology","14":"tag-technology","15":"tag-teknologi","16":"tag-vitenskap","17":"tag-vitenskap-og-teknologi","18":"tag-vitenskapteknologi"},"share_on_mastodon":{"url":"https:\/\/pubeurope.com\/@no\/115656811247178259","error":""},"_links":{"self":[{"href":"https:\/\/www.europesays.com\/no\/wp-json\/wp\/v2\/posts\/103368","targetHints":{"allow":["GET"]}}],"collection":[{"href":"https:\/\/www.europesays.com\/no\/wp-json\/wp\/v2\/posts"}],"about":[{"href":"https:\/\/www.europesays.com\/no\/wp-json\/wp\/v2\/types\/post"}],"author":[{"embeddable":true,"href":"https:\/\/www.europesays.com\/no\/wp-json\/wp\/v2\/users\/2"}],"replies":[{"embeddable":true,"href":"https:\/\/www.europesays.com\/no\/wp-json\/wp\/v2\/comments?post=103368"}],"version-history":[{"count":0,"href":"https:\/\/www.europesays.com\/no\/wp-json\/wp\/v2\/posts\/103368\/revisions"}],"wp:featuredmedia":[{"embeddable":true,"href":"https:\/\/www.europesays.com\/no\/wp-json\/wp\/v2\/media\/103369"}],"wp:attachment":[{"href":"https:\/\/www.europesays.com\/no\/wp-json\/wp\/v2\/media?parent=103368"}],"wp:term":[{"taxonomy":"category","embeddable":true,"href":"https:\/\/www.europesays.com\/no\/wp-json\/wp\/v2\/categories?post=103368"},{"taxonomy":"post_tag","embeddable":true,"href":"https:\/\/www.europesays.com\/no\/wp-json\/wp\/v2\/tags?post=103368"}],"curies":[{"name":"wp","href":"https:\/\/api.w.org\/{rel}","templated":true}]}}