{"id":103372,"date":"2025-12-03T17:31:12","date_gmt":"2025-12-03T17:31:12","guid":{"rendered":"https:\/\/www.europesays.com\/no\/103372\/"},"modified":"2025-12-03T17:31:12","modified_gmt":"2025-12-03T17:31:12","slug":"den-verste-tida-dagbladet","status":"publish","type":"post","link":"https:\/\/www.europesays.com\/no\/103372\/","title":{"rendered":"&#8211; Den verste tida &#8211; Dagbladet"},"content":{"rendered":"<ol>\n<li><a href=\"https:\/\/news.google.com\/rss\/articles\/CBMiZkFVX3lxTE9yV1Y5V1htTl9JRmNmWGsyTktHaFk3TmxiSzUxdTdFeUdtZG9KZ3puRmRRU0hBUmFsYkxqbHBUeUd0Q3hzLW43a2pNVE1qdFZvY1lBS1FtT2NWTTZ3UmpPZ21XZm5ZZw?oc=5\" target=\"_blank\" rel=\"nofollow noopener\">&#8211; Den verste tida<\/a>&nbsp;&nbsp;Dagbladet<\/li>\n<li><a href=\"https:\/\/news.google.com\/rss\/articles\/CBMiekFVX3lxTE9rYTZMR1NROEdmREpHaUltNUFWRFdXTkk3Z1FXZ1haV0RSc2Qzdk1qa3FNSlljM3Fwa3lwa0E1cUNXc0xsbjNwY05ObEpGeWcxeUc4NzFaNkNXeVEwNXpjRkhzWWNpeEJYWHdqc0gwV2QtUEczTDBueG9R?oc=5\" target=\"_blank\" rel=\"nofollow noopener\">Avsl\u00f8rer ukjent United-sp\u00f8k<\/a>&nbsp;&nbsp;TV2.no<\/li>\n<li><a href=\"https:\/\/news.google.com\/rss\/articles\/CBMi7wFBVV95cUxQUGgza3pwYnlPWmRHM1RfV1VwbzVUYktlRDNHSHdVX3g0MVJFclV6a0xielhBbmZuYUl5WjNpUEhkS1JsUXE2SUF0YzYwMDlseVZFMVZ0M1E0Yl9jMXo5bExmbFpWYW5ia1BGNDJSQnJ0WjdNcVdyZjF1dmoxLVRoTzBhdGVvRGN1QUlWSUJ0dGlHTE1sdFBpNm5NdkJuNFdUZjZtVFh3bEFqOHZ4T3phYlVSdk1VSXJpTDZ0VEoyN1BIS0hIMmw1UlFRUWlVS2NOaFhHeDROd0VfZzNHVXpfTUo1TzY5bW5zVkFhTHN3OA?oc=5\" target=\"_blank\" rel=\"nofollow noopener\">Ole Gunnar Solskj\u00e6r om det brutale m\u00f8tet med Manchester United sjefer: \u2013 Det f\u00f8ltes br\u00e5tt<\/a>&nbsp;&nbsp;MSN<\/li>\n<li><a href=\"https:\/\/news.google.com\/rss\/articles\/CBMitwFBVV95cUxNX2JNcTdXN3RjTkRlNDZVYWNJM3dqMnZ0ekhpd2RTQ0FfYTNqTGpJUk1UWmRKOUJCbTRZOWRiQVlYY0Y2ZWhqWExneXhVdi1LUUhoMW56SUltWHl2empjV2htbFlTSjJhUzl4eUE4dnpaVF9oQjBkdmNWSWt5c0NqTFdXQXU2RVBaN2VXUTVNbDhHUVJtWTgwcnFqaTBBWnlxNjR2MDZ5ZEk0SEFxZWk3dDVLMGVhZ00?oc=5\" target=\"_blank\" rel=\"nofollow noopener\">Manchester United-managerens private m\u00f8te med klubbsjefer som gjorde ham trist \u2013 \u00abDet f\u00f8ltes br\u00e5tt\u00bb<\/a>&nbsp;&nbsp;Sporten.com<\/li>\n<li><a href=\"https:\/\/news.google.com\/rss\/articles\/CBMilgFBVV95cUxPSFZ3NUMxc1lWN2UtQk5MY1RIRjd4Y1VEaHRUS0tDSjlseEo5Z09aNDM2V0xEU04ybzdmQmNHQ0VFSVBaam9lRUVlRVczZ2VnMkJFM1pybVItUzVOeWxsQzJENDlWZk5weFdnYzk2NHNXWnhaWEMxS05QSXRWdUdHRDUtemNpUkUtUmkyUi0wVDdoNmRVcVE?oc=5\" target=\"_blank\" rel=\"nofollow noopener\">\u2013 Det var det verste tidspunktet \u00e5 v\u00e6re United-manager<\/a>&nbsp;&nbsp;United &#8211; forsiden<\/li>\n<\/ol>\n","protected":false},"excerpt":{"rendered":"&#8211; Den verste tida&nbsp;&nbsp;Dagbladet Avsl\u00f8rer ukjent United-sp\u00f8k&nbsp;&nbsp;TV2.no Ole Gunnar Solskj\u00e6r om det brutale m\u00f8tet med Manchester United sjefer:&hellip;\n","protected":false},"author":2,"featured_media":103373,"comment_status":"","ping_status":"","sticky":false,"template":"","format":"standard","meta":{"footnotes":""},"categories":[59],"tags":[92,158,30,28,29,505,83,82],"class_list":{"0":"post-103372","1":"post","2":"type-post","3":"status-publish","4":"format-standard","5":"has-post-thumbnail","7":"category-sport","8":"tag-fotball","9":"tag-manchester-united","10":"tag-no","11":"tag-norge","12":"tag-norway","13":"tag-ole-gunnar-solskjaer","14":"tag-sport","15":"tag-sports"},"share_on_mastodon":{"url":"https:\/\/pubeurope.com\/@no\/115656830652313910","error":""},"_links":{"self":[{"href":"https:\/\/www.europesays.com\/no\/wp-json\/wp\/v2\/posts\/103372","targetHints":{"allow":["GET"]}}],"collection":[{"href":"https:\/\/www.europesays.com\/no\/wp-json\/wp\/v2\/posts"}],"about":[{"href":"https:\/\/www.europesays.com\/no\/wp-json\/wp\/v2\/types\/post"}],"author":[{"embeddable":true,"href":"https:\/\/www.europesays.com\/no\/wp-json\/wp\/v2\/users\/2"}],"replies":[{"embeddable":true,"href":"https:\/\/www.europesays.com\/no\/wp-json\/wp\/v2\/comments?post=103372"}],"version-history":[{"count":0,"href":"https:\/\/www.europesays.com\/no\/wp-json\/wp\/v2\/posts\/103372\/revisions"}],"wp:featuredmedia":[{"embeddable":true,"href":"https:\/\/www.europesays.com\/no\/wp-json\/wp\/v2\/media\/103373"}],"wp:attachment":[{"href":"https:\/\/www.europesays.com\/no\/wp-json\/wp\/v2\/media?parent=103372"}],"wp:term":[{"taxonomy":"category","embeddable":true,"href":"https:\/\/www.europesays.com\/no\/wp-json\/wp\/v2\/categories?post=103372"},{"taxonomy":"post_tag","embeddable":true,"href":"https:\/\/www.europesays.com\/no\/wp-json\/wp\/v2\/tags?post=103372"}],"curies":[{"name":"wp","href":"https:\/\/api.w.org\/{rel}","templated":true}]}}