{"id":103374,"date":"2025-12-03T17:35:09","date_gmt":"2025-12-03T17:35:09","guid":{"rendered":"https:\/\/www.europesays.com\/no\/103374\/"},"modified":"2025-12-03T17:35:09","modified_gmt":"2025-12-03T17:35:09","slug":"pete-hegseth-sier-han-ikke-var-ansvarlig-for-omstridt-dobbeltangrep-nrk-urix-utenriksnyheter-og-dokumentarer","status":"publish","type":"post","link":"https:\/\/www.europesays.com\/no\/103374\/","title":{"rendered":"Pete Hegseth sier han ikke var ansvarlig for omstridt dobbeltangrep \u2013 NRK Urix \u2013 Utenriksnyheter og -dokumentarer"},"content":{"rendered":"<p>Saken kort oppsummert<\/p>\n<ul>\n<li>Pete Hegseth skal ha gitt ordre om \u00e5 \u00abdrepe alle sammen\u00bb i et amerikansk dobbeltangrep mot en b\u00e5t s\u00f8r i Karibia i september.<\/li>\n<li>Angrepet har vakt kritikk fra b\u00e5de Det demokratiske og Det republikanske partiet, og saken skal til gransking i Kongressen. Flere mener dobbeltangrepet kan utgj\u00f8re en krigsforbrytelse.<\/li>\n<li>Hegseth legger skylden p\u00e5 admiral Frank Bradley og nekter for at han fikk med seg angrep nummer to, som tok livet av to personer som overlevde det f\u00f8rste angrepet.<\/li>\n<li>Trump-administrasjonen hevder angrepene mot b\u00e5ter i Det karibiske hav og Stillehavet er en del av en v\u00e6pnet konflikt mellom USA og narkotikakarteller, men det finnes ingen bevis og tvilsomt juridisk grunnlag for dette.<\/li>\n<\/ul>\n<p>Det stormer rundt et amerikansk angrep mot en b\u00e5t i det s\u00f8rlige Karibia for rundt to m\u00e5neder siden.<\/p>\n<p>2. september kunngjorde USAs president Donald Trump at elleve personer hadde blitt drept i angrepet.<\/p>\n<p>Ordren fra forsvarsminister Pete Hegseth skal ha v\u00e6rt \u00e5 drepe alle om bord, \u00abKill them all\u00bb, if\u00f8lge anonyme kilder til The Washington Post og <a href=\"http:\/\/edition.cnn.com\/2025\/12\/01\/politics\/boat-second-strike-trump-drug-hegseth\" ec-id=\"http:\/\/edition.cnn.com\/2025\/12\/01\/politics\/boat-second-strike-trump-drug-hegseth\" ec-name=\"CNN\" rel=\"nofollow noopener\" target=\"_blank\">CNN<\/a>.<\/p>\n<p>Men to personer overlevde det f\u00f8rste angrepet.<\/p>\n<p><strong>De klamret seg til kanten av det brennende vraket. S\u00e5 fulgte enda et angrep.<\/strong><\/p>\n<p><strong>De to ble sprengt i stykker.<\/strong><\/p>\n<p>Dobbeltangrepet kan v\u00e6re en <a href=\"https:\/\/www.politico.com\/news\/2025\/11\/30\/war-crimes-hegseth-venezuela-strikes-00671160\" ec-id=\"https:\/\/www.politico.com\/news\/2025\/11\/30\/war-crimes-hegseth-venezuela-strikes-00671160\" ec-name=\"krigsforbrytelse\" rel=\"nofollow noopener\" target=\"_blank\">krigsforbrytelse<\/a>, mener flere demokratiske og til og med noen republikanske politikere.<\/p>\n<p>N\u00e5 er Hegseth opptatt av \u00e5 understreke hvor hans ansvar slutter.<\/p>\n<p><img decoding=\"async\"   src=\"data:image\/gif;base64,R0lGODlhAQABAIAAAAAAAP\/\/\/yH5BAEAAAAALAAAAAABAAEAAAIBRAA7\" loading=\"eager\" alt=\"To personer sitter ved et bord i et rom med offisielle dekorasjoner. Den ene har p\u00e5 seg en r\u00f8d slips, mens den andre har en m\u00f8rk dress med rutem\u00f8nster. De ser begge mot hverandre, med papir og kopper p\u00e5 bordet. Det er flagg og et s\u00e6rskilt banner synlig i bakgrunnen.\" title=\"Foto: Julia Demaree Nikhinson \/ AP \/ NTB\"\/><\/p>\n<p class=\"\">Pete Hegseth sammen med president Donald Trump under et kabinettm\u00f8te i Det hvite hus tirsdag 2. desember.<\/p>\n<p>Foto: Julia Demaree Nikhinson \/ AP \/ NTB<\/p>\n<p>\u2013 Jeg s\u00e5 det f\u00f8rste angrepet i sanntid, men som du kan tenke deg, har vi i Forsvarsdepartementet mye \u00e5 gj\u00f8re. S\u00e5 jeg ble ikke hengende rundt i et par timer, sa han til pressen natt til onsdag.<\/p>\n<p>Saken har f\u00e5tt stor oppmerksomhet i USA. B\u00e5de demokrater og republikanere varsler n\u00e5 gransking.<\/p>\n<p>F\u00f8rste av mange<\/p>\n<p>Angrepet den 2. september ble det f\u00f8rste av 22 angrep p\u00e5 sm\u00e5b\u00e5ter i Det karibiske hav og Stillehavet s\u00e5 langt.<\/p>\n<p>83 personer er drept i angrepene, if\u00f8lge en nylig gjennomgang av <a href=\"https:\/\/edition.cnn.com\/2025\/11\/02\/politics\/timeline-us-strikes-caribbean-pacific-vis\" ec-id=\"https:\/\/edition.cnn.com\/2025\/11\/02\/politics\/timeline-us-strikes-caribbean-pacific-vis\" ec-name=\"CNN\" rel=\"nofollow noopener\" target=\"_blank\">CNN<\/a>.<\/p>\n<p>De er beordret av president Trump, som hevder at b\u00e5tene og mannskapet er involvert i \u00e5 smugle narkotika til USA.<\/p>\n<p><strong>Det har ikke blitt lagt fram bevis for dette.<\/strong><\/p>\n<p>Angrepene er kontroversielle av flere grunner.<\/p>\n<p>FN, jusseksperten Ben Saul og Colombias president Gustavo Petro er blant dem som mener angrepene bryter med menneskerettighetene.<\/p>\n<p><img decoding=\"async\"   src=\"data:image\/gif;base64,R0lGODlhAQABAIAAAAAAAP\/\/\/yH5BAEAAAAALAAAAAABAAEAAAIBRAA7\" loading=\"eager\" alt=\"Fire milit\u00e6re skip navigerer p\u00e5 havet, mens flere fly passerer over dem. Vannflaten er rolig med noen skyer p\u00e5 himmelen. Skipene er utstyrt med moderne teknologi og er i marsjformasjon. Den klare bl\u00e5 himmelen gir god sikt til luftaktiviteten ovenfor.\" title=\"Foto: US Navy \/ Reuters \/ NTB\"\/><\/p>\n<p class=\"\">Hangarskipsgruppen Gerald R. Ford seiler mot Det karibiske hav under amerikanske milit\u00e6rfly. Bildet er fra 13. november.<\/p>\n<p>Foto: US Navy \/ Reuters \/ NTB<\/p>\n<p>Trump hevder at b\u00e5tene er lovlige m\u00e5l fordi han mener USA er i krig med narkokartellene.<\/p>\n<p>I h\u00f8st skal administrasjonen hans ha sendt ut et <a href=\"https:\/\/www.reuters.com\/world\/us\/trump-determines-us-is-war-with-drug-cartels-document-congress-says-2025-10-02\/?utm_source=chatgpt.com\" ec-id=\"https:\/\/www.reuters.com\/world\/us\/trump-determines-us-is-war-with-drug-cartels-document-congress-says-2025-10-02\/\" ec-name=\"notat\" rel=\"nofollow noopener\" target=\"_blank\">notat <\/a>til Kongressen der de konkluderte med at USA er i v\u00e6pnet konflikt med kartellene, som blir definert p\u00e5 lik linje med terrororganisasjoner.<\/p>\n<p>De mener ogs\u00e5 at narkotikaen som angivelig blir smuglet, er en fare for amerikanske liv, alts\u00e5 en trussel mot nasjonens sikkerhet.<\/p>\n<p>Er USA i krig med narkosmuglere?<\/p>\n<p>Selv om Trump-administrasjonen omtaler angrepene mot narkotikakarteller som en \u00abv\u00e6pnet konflikt\u00bb, er USA ikke formelt i krig. Dette er fordi Kongressen ikke har erkl\u00e6rt krig eller gitt autorisasjon for omfattende milit\u00e6r maktbruk mot kartellene.<\/p>\n<p>En formell krig krever Kongressens godkjenning, som gir presidenten fullmakt til \u00e5 lede milit\u00e6re operasjoner mot en definert m\u00e5lgruppe.<\/p>\n<p>Som \u00f8verstkommanderende har presidenten myndighet til \u00e5 lede milit\u00e6re styrker, og Trump-administrasjonen har argumentert for at dette kan inkludere punktvise d\u00f8delige angrep mot ikke-statlige akt\u00f8rer, som narkotikakarteller.<\/p>\n<p>Samtidig p\u00e5g\u00e5r det en betydelig juridisk og politisk debatt om hvorvidt presidenten faktisk har lov til \u00e5 beordre slike angrep uten Kongressens samtykke, og mange eksperter og internasjonale akt\u00f8rer mener at denne tolkningen er juridisk usikker eller ulovlig.<\/p>\n<p>\u00abUtenomrettslige henrettelser\u00bb<\/p>\n<p>\u2013 Dette er argumenter som h\u00f8ster mye kritikk, sier folkerettsforsker Magne Frostad ved Universitetet i Troms\u00f8 til NRK.<\/p>\n<ul class=\"dhpg__gallery__list\">\n<li class=\"dhpg__gallery__listItem\"><img alt=\"Magne Frostad UIT\"  width=\"2400\" height=\"2400\" loading=\"lazy\"\/>Magne Frostad\n<p>Folkerettsforsker ved UiT<\/p>\n<\/li>\n<\/ul>\n<p>Han forteller at det ikke er allment akseptert at USA faktisk er i en v\u00e6pnet konflikt med en ikke-statlig akt\u00f8r, som er en forutsetning for bruk av d\u00f8delig makt utover det menneskerettighetene tillater.<\/p>\n<p>Og selv om man skulle akseptert argumentet om en v\u00e6pnet konflikt, s\u00e5 er ikke b\u00e5tene og mannskapet n\u00f8dvendigvis noe man har lov til \u00e5 angripe.<\/p>\n<p>For at det skal v\u00e6re tilfelle, m\u00e5 de ha mistet sin sivile status, forteller Frostad.<\/p>\n<p><strong>\u2013 Utenomrettslige henrettelser er et stempel som brukes om disse angrepene.<\/strong><\/p>\n<p>Men dobbeltangrepet regnes som ekstra alvorlig. Selv i en v\u00e6pnet konflikt ville de to overlevende blitt regnet som skipbrudne, uavhengig av statusen de hadde tidligere.<\/p>\n<p>\u2013 De har da et s\u00e6rlig vern, sier Frostad.<\/p>\n<p><strong>\u2013 Er man ikke i stand til \u00e5 yte motstand, selv om man hadde v\u00e6rt soldat \u2013 ved sykdom eller tilsvarende, s\u00e5 regnes man n\u00e5 som kampudyktig. Da er det forbudt \u00e5 angripe vedkommende.<\/strong><\/p>\n<p>Siste dr\u00e5pe?<\/p>\n<p>Flere demokratiske senatorer og medlemmer av Kongressen mener at Hegseth n\u00e5 m\u00e5 trekke seg fra stillingen som forsvarsminister.<\/p>\n<p>Den angivelige ordren om dobbeltangrepet er den siste kontroversen i en rekke hendelser som har f\u00e5tt det til \u00e5 storme rundt forsvarsministeren.<\/p>\n<p><img decoding=\"async\"   src=\"data:image\/gif;base64,R0lGODlhAQABAIAAAAAAAP\/\/\/yH5BAEAAAAALAAAAAABAAEAAAIBRAA7\" loading=\"eager\" alt=\"Borddeksel med navneskiltet til Pete Hegseth, Secretary of War. En glassvannbeholder og en kaffekopp er synlige. Bakgrunn med nede i bildet viser en person med en m\u00f8rk dress. Bildet gir inntrykk av et formelt m\u00f8te.\" title=\"Foto: ANDREW CABALLERO-REYNOLDS \/ AFP \/ NTB\"\/><\/p>\n<p>Foto: ANDREW CABALLERO-REYNOLDS \/ AFP \/ NTB<\/p>\n<p>Sist i mars, da han <a href=\"https:\/\/www.nrk.no\/urix\/afp_-det-kvite-hus-bekreftar-at-journalist-fekk-hemmeleg-informasjon-ved-feil-1.17353911\" ec-id=\"pp:article:1.17353911\" ec-name=\"delte hemmelig milit\u00e6r informasjon\" rel=\"nofollow noopener\" target=\"_blank\">delte hemmelig milit\u00e6r informasjon <\/a>om angrepsplaner i en Signal-chat, der ogs\u00e5 en journalist var lagt til med en feil.<\/p>\n<p>Hegseth skal ogs\u00e5 ha delt disse planene i en annen Signal-chat der hans <a href=\"https:\/\/www.nrk.no\/urix\/new-york-times_-hegseth-skal-ha-delt-sensitiv-informasjon-med-familien-1.17388156\" ec-id=\"pp:article:1.17388156\" ec-name=\"egne familiemedlemmer\" rel=\"nofollow noopener\" target=\"_blank\">egne familiemedlemmer<\/a> var med.<\/p>\n<p>F\u00f8r han ble satt inn som forsvarsminister, ble Hegseth <a href=\"https:\/\/www.nrk.no\/urix\/trumps-forsvarsministerkandidat_-pete-hegseth_-grilles-i-senatet-1.17206231\" ec-id=\"pp:article:1.17206231\" ec-name=\"grillet i Senatet\" rel=\"nofollow noopener\" target=\"_blank\">grillet i Senatet<\/a> for anklager om seksuelle overgrep og nedlatende kommentarer om kvinner i milit\u00e6re kamproller.<\/p>\n<p>Kritikk fra sine egne<\/p>\n<p>N\u00e5 forbereder Kongresskomiteer h\u00f8ringer i saken. Denne uka skal Senatets etterretningskomit\u00e9 m\u00f8te admiral Frank Bradley, som Hegseth har lagt skylden over p\u00e5.<\/p>\n<p><strong>\u2013 Han sank b\u00e5ten. Sank b\u00e5ten og eliminerte trusselen \u2013 som var riktig avgj\u00f8relse. Vi st\u00f8tter ham, sa forsvarsministeren om Bradley.<\/strong><\/p>\n<p>Hegseth understreket ogs\u00e5 at han selv ikke hadde sett overlevende, og avviste kategorisk at han hadde beordret \u00e5 \u00abdrepe alle sammen\u00bb.<\/p>\n<p><img decoding=\"async\"   src=\"data:image\/gif;base64,R0lGODlhAQABAIAAAAAAAP\/\/\/yH5BAEAAAAALAAAAAABAAEAAAIBRAA7\" loading=\"eager\" alt=\"en mann i hvit dekorert jakke st\u00e5r ved et podium\" title=\"Foto: U.S. Special Operations Command \/ Reuters \/ NTB\"\/><\/p>\n<p class=\"\">Admiral Frank Bradley 3. oktober.<\/p>\n<p>Foto: U.S. Special Operations Command \/ Reuters \/ NTB<\/p>\n<p>Ogs\u00e5 Trump, som deltok p\u00e5 pressekonferansen, understreket sin st\u00f8tte til admiral Bradley.<\/p>\n<p>\u2013 Jeg h\u00f8rer at mannen som var ansvarlig, var en fantastisk person, sa presidenten.<\/p>\n<p>Men n\u00e5 hagler kritikken. Ogs\u00e5 fra republikanerne.<\/p>\n<p>\u2013 Det er vanvittig. Det kan ikke forsvares, og det er i strid med retningslinjene til v\u00e5rt eget milit\u00e6re, sa den republikanske senatoren Rand Paul.<\/p>\n<p>\u2013 Det er \u00e5penbart ulovlig, sa Paul, sitert i <a href=\"https:\/\/foreignpolicy.com\/2025\/12\/02\/republicans-criticize-hegseth-caribbean-strike\/\" ec-id=\"https:\/\/foreignpolicy.com\/2025\/12\/02\/republicans-criticize-hegseth-caribbean-strike\/\" ec-name=\"Foreign Policy\" rel=\"nofollow noopener\" target=\"_blank\">Foreign Policy<\/a>.<\/p>\n<p><img decoding=\"async\"   src=\"data:image\/gif;base64,R0lGODlhAQABAIAAAAAAAP\/\/\/yH5BAEAAAAALAAAAAABAAEAAAIBRAA7\" loading=\"eager\" alt=\"Rand Paul i dress som holder en telefon\" title=\"Foto: ANDREW HARNIK \/ AFP \/ NTB\"\/><\/p>\n<p class=\"\">Rand Paul, republikansk senator.<\/p>\n<p>Foto: ANDREW HARNIK \/ AFP \/ NTB<\/p>\n<p>Til <a href=\"https:\/\/edition.cnn.com\/2025\/12\/02\/politics\/rand-paul-hegseth-boat-strike\" ec-id=\"https:\/\/edition.cnn.com\/2025\/12\/02\/politics\/rand-paul-hegseth-boat-strike\" ec-name=\"CNN\" rel=\"nofollow noopener\" target=\"_blank\">CNN <\/a>omtaler han saken slik:<\/p>\n<p>\u2013 Enten lyver han til oss, eller s\u00e5 er han inkompetent og fikk ikke med seg det andre angrepet. Tror vi virkelig at det er noen sjanse for at forsvarsministeren ikke var klar over det?<\/p>\n<p>Interessert i utenriksnyheter? H\u00f8r den nyeste podkasten fra Urix:<\/p>\n<p>Publisert<\/p>\n<p>03.12.2025, kl. 18.06<\/p>\n","protected":false},"excerpt":{"rendered":"Saken kort oppsummert Pete Hegseth skal ha gitt ordre om \u00e5 \u00abdrepe alle sammen\u00bb i et amerikansk dobbeltangrep&hellip;\n","protected":false},"author":2,"featured_media":103375,"comment_status":"","ping_status":"","sticky":false,"template":"","format":"standard","meta":{"footnotes":""},"categories":[12],"tags":[20,21,24,25,15,22,23,13,30,28,29,14,16,26,27,42,43,44,45],"class_list":{"0":"post-103374","1":"post","2":"type-post","3":"status-publish","4":"format-standard","5":"has-post-thumbnail","7":"category-verden","8":"tag-breaking-news","9":"tag-breakingnews","10":"tag-featured-news","11":"tag-featurednews","12":"tag-headlines","13":"tag-latest-news","14":"tag-latestnews","15":"tag-news","16":"tag-no","17":"tag-norge","18":"tag-norway","19":"tag-nyheter","20":"tag-overskrifter","21":"tag-top-stories","22":"tag-topstories","23":"tag-verden","24":"tag-world","25":"tag-world-news","26":"tag-worldnews"},"share_on_mastodon":{"url":"https:\/\/pubeurope.com\/@no\/115656846428101626","error":""},"_links":{"self":[{"href":"https:\/\/www.europesays.com\/no\/wp-json\/wp\/v2\/posts\/103374","targetHints":{"allow":["GET"]}}],"collection":[{"href":"https:\/\/www.europesays.com\/no\/wp-json\/wp\/v2\/posts"}],"about":[{"href":"https:\/\/www.europesays.com\/no\/wp-json\/wp\/v2\/types\/post"}],"author":[{"embeddable":true,"href":"https:\/\/www.europesays.com\/no\/wp-json\/wp\/v2\/users\/2"}],"replies":[{"embeddable":true,"href":"https:\/\/www.europesays.com\/no\/wp-json\/wp\/v2\/comments?post=103374"}],"version-history":[{"count":0,"href":"https:\/\/www.europesays.com\/no\/wp-json\/wp\/v2\/posts\/103374\/revisions"}],"wp:featuredmedia":[{"embeddable":true,"href":"https:\/\/www.europesays.com\/no\/wp-json\/wp\/v2\/media\/103375"}],"wp:attachment":[{"href":"https:\/\/www.europesays.com\/no\/wp-json\/wp\/v2\/media?parent=103374"}],"wp:term":[{"taxonomy":"category","embeddable":true,"href":"https:\/\/www.europesays.com\/no\/wp-json\/wp\/v2\/categories?post=103374"},{"taxonomy":"post_tag","embeddable":true,"href":"https:\/\/www.europesays.com\/no\/wp-json\/wp\/v2\/tags?post=103374"}],"curies":[{"name":"wp","href":"https:\/\/api.w.org\/{rel}","templated":true}]}}