{"id":103378,"date":"2025-12-03T17:38:13","date_gmt":"2025-12-03T17:38:13","guid":{"rendered":"https:\/\/www.europesays.com\/no\/103378\/"},"modified":"2025-12-03T17:38:13","modified_gmt":"2025-12-03T17:38:13","slug":"katrine-lunde-handball-dette-tjener-handballjentene","status":"publish","type":"post","link":"https:\/\/www.europesays.com\/no\/103378\/","title":{"rendered":"Katrine Lunde, H\u00e5ndball | Dette tjener h\u00e5ndballjentene"},"content":{"rendered":"\n<p>DORTMUND, TYSKLAND (Nettavisen): VM er i full gang for h\u00e5ndballjentene, som har tatt seg til hovedrunden etter tre strake seire.<\/p>\n<p>Men det g\u00e5r ogs\u00e5 bra for flere utenfor banen.<\/p>\n<p>Skattelistene ble sluppet onsdag, og der kan man se at flere tjener gode penger p\u00e5 idretten.<\/p>\n<p><b>Les ogs\u00e5:<\/b> <a href=\"https:\/\/www.nettavisen.no\/sport\/camilla-herrem-etter-lunde-avsloringen-forferdelig-synd\/s\/5-95-2754277\" rel=\"Follow nofollow noopener\" target=\"_blank\">Herrem etter Lunde-avsl\u00f8ringen: \u2013 Forferdelig synd<\/a><\/p>\n<p>Lundes formue<\/p>\n<p>Nettavisen har tidligere skrevet om Katrine Lundes gigantformue, som kommer av familiens holdingselskap \u00c5nund Lunde AS.<\/p>\n<p>Det er faren \u00c5nund Lunde som har bygget opp firmaet, men har gitt sin del av kaka til sine d\u00f8tre.<\/p>\n<p>Det gj\u00f8r at tidligere landslagsspiller, og tvillings\u00f8ster til Katrine, Kristine Lunde-Borgersen ogs\u00e5 er h\u00f8yt p\u00e5 formuelisten blant tidligere og aktive ut\u00f8vere.<\/p>\n<p><b>Les ogs\u00e5: <\/b><a href=\"https:\/\/www.nettavisen.no\/sport\/sverige-slar-alarm-for-norge-mote-i-vm\/s\/5-95-2759067\" rel=\"Follow nofollow noopener\" target=\"_blank\">Sverige sl\u00e5r alarm: \u2013 Urovekkende<\/a><\/p>\n<p>Ser man p\u00e5 tallene fra 2023 har formuen minsket med en dr\u00f8y million det siste \u00e5ret, men fra 2022 til 2023 \u00f8kte den med nesten 13 millioner.<\/p>\n<p>    Vil du se neste video?<\/p>\n<p>    <a href=\"https:\/\/www.nettavisen.no\/fredrik-solvang\/jonas-gahr-store\/debatten\/fredrik-solvang-himler-av-jonas-gahr-store-men-i-alle\/v\/5-95-2751917\" class=\"recommend-poster\" data-adp-clicklabel=\"video-recommend\" data-adp-clickvalue=\"poster\" rel=\"nofollow noopener\" target=\"_blank\"><br \/>\n      <img decoding=\"async\" width=\"200\" height=\"200\" loading=\"lazy\" src=\"https:\/\/www.europesays.com\/no\/wp-content\/uploads\/2025\/11\/Solvang+bredde.jpg\" alt=\"\" class=\"brick-c-cFOWSL\" style=\"--brick-image-ratio: 200 \/ 200;\"\/><\/p>\n<p>Himler av St\u00f8re: \u2013 Men i alle\u20261:06<\/p>\n<p>    <\/a><\/p>\n<p>        Katrine Lunde spilte l\u00f8rdag mot det som mest sannsynlig er hennes aller st\u00f8rste fan.<\/p>\n<p>Lunde sto lenge uten klubb etter at avtalen med Odense gikk ut i mai. De siste m\u00e5nedene har hun v\u00e6rt en del av det serbiske laget R\u00f8de Stjerne.<\/p>\n<p>Nylig annonserte 45-\u00e5ringen at VM blir hennes siste mesterskap p\u00e5 landslaget. For to \u00e5r siden var hun h\u00f8yt usikker p\u00e5 om familiens selskap ville bli en arbeidsplass etter karrieren.<\/p>\n<p>\u2013 Jeg ser egentlig ikke for meg \u00e5 g\u00e5 noe s\u00e6rlig inn i det, nei. Det har ogs\u00e5 v\u00e6rt veldig lite bidrag fra min side underveis i karrieren, sa hun til Nettavisen.<\/p>\n<p>M\u00f8rk p\u00e5 inntektstoppen<\/p>\n<p>Flere av de norske stjernene spiller i utenlandske klubber, som trolig gj\u00f8r at inntekten er noe lavere enn realiteten.<\/p>\n<p>Verdens beste h\u00e5ndballspiller, Henny Reistad, st\u00e5r oppf\u00f8rt med dr\u00f8yt 500.000 i skattbar inntekt, men tjener etter alle solemerker langt mer enn dette.<\/p>\n<p><b>Les ogs\u00e5: <\/b><a href=\"https:\/\/www.nettavisen.no\/sport\/stor-bot-i-vm-norge-raser-mot-forbund\/s\/5-95-2757468\" rel=\"Follow nofollow noopener\" target=\"_blank\">B\u00f8telagt for tusener \u2013 s\u00e5 kom VM-blemmen<\/a><\/p>\n<p>   <img decoding=\"async\" width=\"4661\" height=\"2621\" fetchpriority=\"low\"  loading=\"lazy\"  src=\"https:\/\/www.europesays.com\/no\/wp-content\/uploads\/2025\/12\/NTB_893x6sQjLA4.jpg\" alt=\"\" class=\"brick-c-cFOWSL\" style=\"--brick-image-ratio: 4661 \/ 2621;\"\/><\/p>\n<p>      ESBJERG-DUO: Nora M\u00f8rk og Henny Reistad tjener til livets opphold i Danmark.<br \/>\n      Foto: Beate Oma Dahle (NTB)\n    <\/p>\n<p>Til sammenligning har Nora M\u00f8rk, lagvenninne i danske Esbjerg, en skattbar inntekt p\u00e5 3.5 millioner kroner.<\/p>\n<p>Thale Rushfeldt Deila, Ole Gustav Gjekstad og Stine Ruscetta Skogrand er ogs\u00e5 eksempler p\u00e5 navn som holdt til i den danske ligaen i 2024.<\/p>\n","protected":false},"excerpt":{"rendered":"DORTMUND, TYSKLAND (Nettavisen): VM er i full gang for h\u00e5ndballjentene, som har tatt seg til hovedrunden etter tre&hellip;\n","protected":false},"author":2,"featured_media":103379,"comment_status":"","ping_status":"","sticky":false,"template":"","format":"standard","meta":{"footnotes":""},"categories":[59],"tags":[30,28,29,83,82],"class_list":{"0":"post-103378","1":"post","2":"type-post","3":"status-publish","4":"format-standard","5":"has-post-thumbnail","7":"category-sport","8":"tag-no","9":"tag-norge","10":"tag-norway","11":"tag-sport","12":"tag-sports"},"share_on_mastodon":{"url":"https:\/\/pubeurope.com\/@no\/115656858387147224","error":""},"_links":{"self":[{"href":"https:\/\/www.europesays.com\/no\/wp-json\/wp\/v2\/posts\/103378","targetHints":{"allow":["GET"]}}],"collection":[{"href":"https:\/\/www.europesays.com\/no\/wp-json\/wp\/v2\/posts"}],"about":[{"href":"https:\/\/www.europesays.com\/no\/wp-json\/wp\/v2\/types\/post"}],"author":[{"embeddable":true,"href":"https:\/\/www.europesays.com\/no\/wp-json\/wp\/v2\/users\/2"}],"replies":[{"embeddable":true,"href":"https:\/\/www.europesays.com\/no\/wp-json\/wp\/v2\/comments?post=103378"}],"version-history":[{"count":0,"href":"https:\/\/www.europesays.com\/no\/wp-json\/wp\/v2\/posts\/103378\/revisions"}],"wp:featuredmedia":[{"embeddable":true,"href":"https:\/\/www.europesays.com\/no\/wp-json\/wp\/v2\/media\/103379"}],"wp:attachment":[{"href":"https:\/\/www.europesays.com\/no\/wp-json\/wp\/v2\/media?parent=103378"}],"wp:term":[{"taxonomy":"category","embeddable":true,"href":"https:\/\/www.europesays.com\/no\/wp-json\/wp\/v2\/categories?post=103378"},{"taxonomy":"post_tag","embeddable":true,"href":"https:\/\/www.europesays.com\/no\/wp-json\/wp\/v2\/tags?post=103378"}],"curies":[{"name":"wp","href":"https:\/\/api.w.org\/{rel}","templated":true}]}}