{"id":103380,"date":"2025-12-03T17:43:41","date_gmt":"2025-12-03T17:43:41","guid":{"rendered":"https:\/\/www.europesays.com\/no\/103380\/"},"modified":"2025-12-03T17:43:41","modified_gmt":"2025-12-03T17:43:41","slug":"norge-lover-5-milliarder-kroner-til-vapenkjop-fra-usa-til-ukraina-tv2-no-2","status":"publish","type":"post","link":"https:\/\/www.europesays.com\/no\/103380\/","title":{"rendered":"Norge lover 5 milliarder kroner til v\u00e5penkj\u00f8p fra USA til Ukraina &#8211; TV2.no"},"content":{"rendered":"<ol>\n<li><a href=\"https:\/\/news.google.com\/rss\/articles\/CBMi6AFBVV95cUxNeVJRdWNVQjd5OW9MQUZGcWNwTExOVlVOd2w4QnNpcEdQMExZRVNid195TVk3N0l1N1FHS3kxckNEejJXZnZuZ05tRzlpZUIweW1xMUt5TnlfNnlEbGRibDhEUGpyVzFLemJyb204M2NrY01RYkdCYTZZZUZjUUdHaHF4a3JDWDcwZmduNkZaQlY3N1lDUkZoRFgxQ1h1QV9vVndkSF9PRDBYVlhXM3FLUTd6MDBiZkFSckFPVzJNX1k3SWtSRTg0ZFRoMUhmejdRRFVtenNGM1YwZ3M1R2JjOGYzWXVkanNz?oc=5\" target=\"_blank\" rel=\"nofollow noopener\">Norge lover 5 milliarder kroner til v\u00e5penkj\u00f8p fra USA til Ukraina<\/a>&nbsp;&nbsp;TV2.no<\/li>\n<li><a href=\"https:\/\/news.google.com\/rss\/articles\/CBMipAFBVV95cUxQXzN4R3oxSHRQY1RveXZxWFBkNXAxYnZDV1NJQVZoWHN6Mk5lSF9pSktNUUQwRmF2WGxwS1hTbzMxeHg5WVRoQ2kzRG1MbWdUODlqWjd0S0NDVU1fR1hpeVFtQzQ5UkVXaWtacGFzdHdkTzd4Ry03aEpyVFU3SXJZODZ3QWxYazhLa1I1N1dYaUpFVG9veUx2NjBKMVJhV3RjLWxzTQ?oc=5\" target=\"_blank\" rel=\"nofollow noopener\">Vanskeligere \u00e5 f\u00e5 v\u00e5penbidrag til Ukraina: \u00abM\u00e5 sende rundt hatten\u00bb<\/a>&nbsp;&nbsp;VG<\/li>\n<li><a href=\"https:\/\/news.google.com\/rss\/articles\/CBMigwFBVV95cUxPWFhWYjFXd3Q1OVQyaDRrUjM4NmEyTGFlTVJVQmE5ajNadWlPTWR4UmdZbm5Pa09YTFQ4aU1pdTU3cm9DeVRhSmZBSGpIRlZnYmtKa1FnbEt6cGxHZXpMZm4wT2dpenZ3TEc5eU5BVTFrQUJRTDg5MUdvdkg5NUlOQ1ZyUQ?oc=5\" target=\"_blank\" rel=\"nofollow noopener\">Noreg gjev fem milliardar til v\u00e5penkj\u00f8p \u2013 Siste nytt<\/a>&nbsp;&nbsp;NRK<\/li>\n<li><a href=\"https:\/\/news.google.com\/rss\/articles\/CBMitgFBVV95cUxNcDNaRkplZDhJVGF4NDEyQWdxZXNLamF5WVJvYlJYX2lSNHRGRnVfV1Juako0VzRZdE8tdjlWVkZISlBUTFplNF83WDZGbmpfcXN0WjZkVVpEeFFoSXNOV1VJSzl1SUhnQWZOQmtKUGNYLVQweUU2RUR3eTJIZUdxMzQ4N0xFRkF3Z0w2bFEzdmVmM3hSRDh4RncwWnpOekw5eWloWW1nSWh0bFRIMUp4TmplNmVGUQ?oc=5\" target=\"_blank\" rel=\"nofollow noopener\">Norge vil kj\u00f8pe amerikanske v\u00e5pen til Ukraina for 5,9 milliarder kroner<\/a>&nbsp;&nbsp;Aftenposten<\/li>\n<li><a href=\"https:\/\/news.google.com\/rss\/articles\/CBMivgFBVV95cUxPUjdfaG5sbEhILXFydXo0MlVrcVVfdWEzd3hGMFgydXJaMHhvSWh4ZHRoUGUwR1VMTUFYRWNQM2tyV19lVXdsNjNBdGhYX0x1UlhXWWJMX2tuZEF2LVB1Y0Rxa2RUaVhjbDU0VGxsT1R6NkN2TlU3aThwY0g2VTdGc3c0WkYyRFFKQVNlMEZQRlBxcHdLbG85dXBXbGNIR2NoNzFuUE9naloyWUxOZDZUdGF5TXZhZlVWQmlkWTR3?oc=5\" target=\"_blank\" rel=\"nofollow noopener\">Eide: Lover 5 milliarder kroner til kj\u00f8p av amerikanske v\u00e5pen til Ukraina<\/a>&nbsp;&nbsp;Nettavisen<\/li>\n<\/ol>\n","protected":false},"excerpt":{"rendered":"Norge lover 5 milliarder kroner til v\u00e5penkj\u00f8p fra USA til Ukraina&nbsp;&nbsp;TV2.no Vanskeligere \u00e5 f\u00e5 v\u00e5penbidrag til Ukraina: \u00abM\u00e5&hellip;\n","protected":false},"author":2,"featured_media":103192,"comment_status":"","ping_status":"","sticky":false,"template":"","format":"standard","meta":{"footnotes":""},"categories":[12],"tags":[20,21,24,25,15,22,23,13,30,28,29,14,16,26,27,42,43,44,45],"class_list":{"0":"post-103380","1":"post","2":"type-post","3":"status-publish","4":"format-standard","5":"has-post-thumbnail","7":"category-verden","8":"tag-breaking-news","9":"tag-breakingnews","10":"tag-featured-news","11":"tag-featurednews","12":"tag-headlines","13":"tag-latest-news","14":"tag-latestnews","15":"tag-news","16":"tag-no","17":"tag-norge","18":"tag-norway","19":"tag-nyheter","20":"tag-overskrifter","21":"tag-top-stories","22":"tag-topstories","23":"tag-verden","24":"tag-world","25":"tag-world-news","26":"tag-worldnews"},"share_on_mastodon":{"url":"https:\/\/pubeurope.com\/@no\/115656877876535288","error":""},"_links":{"self":[{"href":"https:\/\/www.europesays.com\/no\/wp-json\/wp\/v2\/posts\/103380","targetHints":{"allow":["GET"]}}],"collection":[{"href":"https:\/\/www.europesays.com\/no\/wp-json\/wp\/v2\/posts"}],"about":[{"href":"https:\/\/www.europesays.com\/no\/wp-json\/wp\/v2\/types\/post"}],"author":[{"embeddable":true,"href":"https:\/\/www.europesays.com\/no\/wp-json\/wp\/v2\/users\/2"}],"replies":[{"embeddable":true,"href":"https:\/\/www.europesays.com\/no\/wp-json\/wp\/v2\/comments?post=103380"}],"version-history":[{"count":0,"href":"https:\/\/www.europesays.com\/no\/wp-json\/wp\/v2\/posts\/103380\/revisions"}],"wp:featuredmedia":[{"embeddable":true,"href":"https:\/\/www.europesays.com\/no\/wp-json\/wp\/v2\/media\/103192"}],"wp:attachment":[{"href":"https:\/\/www.europesays.com\/no\/wp-json\/wp\/v2\/media?parent=103380"}],"wp:term":[{"taxonomy":"category","embeddable":true,"href":"https:\/\/www.europesays.com\/no\/wp-json\/wp\/v2\/categories?post=103380"},{"taxonomy":"post_tag","embeddable":true,"href":"https:\/\/www.europesays.com\/no\/wp-json\/wp\/v2\/tags?post=103380"}],"curies":[{"name":"wp","href":"https:\/\/api.w.org\/{rel}","templated":true}]}}