{"id":103383,"date":"2025-12-03T17:50:22","date_gmt":"2025-12-03T17:50:22","guid":{"rendered":"https:\/\/www.europesays.com\/no\/103383\/"},"modified":"2025-12-03T17:50:22","modified_gmt":"2025-12-03T17:50:22","slug":"et-rystende-innblikk-i-jeffrey-epsteins-verden","status":"publish","type":"post","link":"https:\/\/www.europesays.com\/no\/103383\/","title":{"rendered":"\u2013 Et rystende innblikk i Jeffrey Epsteins verden"},"content":{"rendered":"\n<p class=\"_lead_o9xde_2 _lead_xtcu6_50 layout-component text-serif-m layout-normal text-serif-l layout-component layout-wide layout-padded _wide_17hqh_1 layout-padded\">Demokratene har frigitt bilder og videoer fra Jeffrey Epsteins private \u00f8y.<\/p>\n<p><img alt=\" Foto: Kongressens tilsynskomit\u00e9\" class=\"_image_qp4xg_65 layout-component layout-wide\" data-fullscreen- data-track-element-type=\"Article image fullscreen\" data-track-name=\"ImageFullscreen\" fetchpriority=\"high\" decoding=\"sync\" loading=\"eager\" height=\"17333\" itemprop=\"image\"  src=\"https:\/\/www.europesays.com\/no\/wp-content\/uploads\/2025\/12\/3e1bdb4e-2114-4d6f-b073-f4c29d3d0435\"  style=\"object-position:0% 0%\" width=\"26000\"\/> Foto: Kongressens tilsynskomit\u00e9<\/p>\n<ul aria-hidden=\"true\" class=\"_images_1uft6_111\">\n<li><a class=\"_link_1uft6_116\" href=\"https:\/\/www.vg.no\/forfatter\/isak-loeve-pilskog-loe\" style=\"z-index:2\" title=\"Isak L\u00f8ve Pilskog Loe\" rel=\"nofollow noopener\" target=\"_blank\"><img alt=\"Bilde av Isak L\u00f8ve Pilskog Loe\" class=\"_image_1uft6_93\" fetchpriority=\"low\" loading=\"lazy\" decoding=\"async\" itemprop=\"image\"  src=\"https:\/\/www.europesays.com\/no\/wp-content\/uploads\/2025\/12\/1764784218_994_8b0354e3-bf53-460c-9c1c-790321a0c923\"  width=\"480\"\/><\/a><\/li>\n<li><a class=\"_link_1uft6_116\" href=\"https:\/\/www.vg.no\/forfatter\/sara-aga\" style=\"z-index:1\" title=\"Sara N\u00e5 Aga\" rel=\"nofollow noopener\" target=\"_blank\"><img alt=\"Bilde av Sara N\u00e5 Aga\" class=\"_image_1uft6_93\" fetchpriority=\"low\" loading=\"lazy\" decoding=\"async\" itemprop=\"image\"  src=\"https:\/\/www.europesays.com\/no\/wp-content\/uploads\/2025\/12\/af1c8685-1584-470f-8687-394792a778be\"  width=\"480\"\/><\/a><\/li>\n<\/ul>\n<p> Oppdatert onsdag 3. desember kl. 18:40     <\/p>\n<p class=\"_paragraph_o9xde_4 _paragraph_xtcu6_10 layout-component text-serif-m layout-normal text-serif-m layout-padded\">Demokratene i kontrollkomiteen har mottatt hittil usette bilder og videoer fra <a href=\"https:\/\/www.vg.no\/tag\/jeffrey-epstein?utm_source=vg-article&amp;utm_medium=auto-tagger&amp;utm_campaign=j09VWn\" class=\"_link_o9xde_39\" rel=\"nofollow noopener\" target=\"_blank\">Jeffrey Epsteins<\/a> private \u00f8y \u2013 et rystende innblikk bak Epsteins lukkede d\u00f8rer.<\/p>\n<p class=\"_paragraph_o9xde_4 _paragraph_xtcu6_10 layout-component text-serif-m layout-normal text-serif-m layout-padded\">N\u00e5 har Demokratenes representant Robert Garcia, medlem av Kongressens tilsynskomit\u00e9, offentliggjort det nye materialet fra den avd\u00f8de milliard\u00e6rens eiendom i De amerikanske Jomfru\u00f8yene.<\/p>\n<p><img decoding=\"async\" alt=\"Bilde av Robert Garcia\" class=\"_image_ygndg_42\" height=\"27\" itemprop=\"image\" loading=\"lazy\"  src=\"https:\/\/www.europesays.com\/no\/wp-content\/uploads\/2025\/12\/9076b80f-cc20-4532-a7d3-2380ec942ac3\"  width=\"40\"\/><strong class=\"_name_ygndg_51 title-serif-xs\">Robert Garcia<\/strong><\/p>\n<p class=\"_paragraph_o9xde_4 text-sans-m _description_ygndg_56\">Demokratenes mindretallsleder i tilsynskomiteen<\/p>\n<p class=\"_paragraph_o9xde_4 _paragraph_xtcu6_10 layout-component text-serif-m layout-normal text-serif-m layout-padded\">Bildene og videoene er frigitt som en del av en st\u00f8rre etterforskning av Epstein-saken, if\u00f8lge en uttalelse fra Garcia onsdag. Han understreker at form\u00e5let med offentliggj\u00f8ringen er \u00e5 sikre \u00e5penhet rundt etterforskningen.<\/p>\n<p class=\"_paragraph_o9xde_4 _paragraph_xtcu6_10 layout-component text-serif-m layout-normal text-serif-m layout-padded\">\u2013 Disse nye bildene gir et rystende innblikk i Jeffrey Epsteins verden og hans \u00f8y, skriver Garcia.<\/p>\n<p class=\"_paragraph_o9xde_4 _paragraph_xtcu6_10 layout-component text-serif-m layout-normal text-serif-m layout-padded\">Se bildene som er offentliggjort her:<\/p>\n<p>Foto: Kongressens tilsynskomit\u00e9<\/p>\n<p class=\"_paragraph_o9xde_4 _paragraph_xtcu6_10 layout-component text-serif-m layout-normal text-serif-m layout-padded\">Materialet ble overlevert til tilsynskomiteen etter en foresp\u00f8rsel til justisdepartementet i De amerikanske Jomfru\u00f8yene, opplyser Garcia.<\/p>\n<p class=\"_paragraph_o9xde_4 _paragraph_xtcu6_10 layout-component text-serif-m layout-normal text-serif-m layout-padded\">\u2013 Vi frigir disse bildene og videoene for \u00e5 sikre offentlig \u00e5penhet i v\u00e5r etterforskning og for \u00e5 hjelpe til med \u00e5 sette sammen det fullstendige bildet av Epsteins forferdelige forbrytelser, sier Garcia og legger til: <\/p>\n<p class=\"_paragraph_o9xde_4 _paragraph_xtcu6_10 layout-component text-serif-m layout-normal text-serif-m layout-padded\">\u2013 Det er p\u00e5 tide at president Trump frigir alle filene, n\u00e5, sier han.<\/p>\n<p>USAs justisminister under press<\/p>\n<p class=\"_paragraph_o9xde_4 _paragraph_xtcu6_10 layout-component text-serif-m layout-normal text-serif-m layout-padded\">Amerikanske politikere \u00f8ker presset p\u00e5 justisminister Pam Bondi for \u00e5 f\u00e5 ut de hemmelige Epstein-filene.<\/p>\n<p><img decoding=\"async\" alt=\"Bilde av Pam Bondi\" class=\"_image_ygndg_42\" height=\"27\" itemprop=\"image\" loading=\"lazy\"  src=\"https:\/\/www.europesays.com\/no\/wp-content\/uploads\/2025\/12\/fabc5e5f-cf8c-4726-ad14-0cda5c90913c\"  width=\"40\"\/><strong class=\"_name_ygndg_51 title-serif-xs\">Pam Bondi<\/strong><\/p>\n<p class=\"_paragraph_o9xde_4 text-sans-m _description_ygndg_56\">Justisminister<\/p>\n<p class=\"_paragraph_o9xde_4 _paragraph_xtcu6_10 layout-component text-serif-m layout-normal text-serif-m layout-padded\">Fem medlemmer av Kongressen fra b\u00e5de Demokratene og Republikanerne krever n\u00e5 en statusoppdatering p\u00e5 utgivelsen av Jeffrey Epstein-dokumentene innen fredag, skriver <a href=\"https:\/\/www.nbcnews.com\/politics\/congress\/epstein-files-lawmakers-ask-ag-pam-bondi-status-update-rcna246980\" class=\"_link_o9xde_39\" rel=\"nofollow noopener\" target=\"_blank\">NBC News<\/a>.<\/p>\n<p class=\"_paragraph_o9xde_4 _paragraph_xtcu6_10 layout-component text-serif-m layout-normal layout-padded\"><strong class=\"_strong_o9xde_25\">Les ogs\u00e5:<\/strong> <a href=\"https:\/\/www.vg.no\/i\/Ey0M63\" data-track-element-type=\"Link\" data-track-id=\"link:Ey0M63\" class=\"_link_o9xde_39\" rel=\"nofollow noopener\" target=\"_blank\">Finans\u00adkvinne koblet unge kvinner til Epstein<\/a><\/p>\n<p class=\"_paragraph_o9xde_4 _paragraph_xtcu6_10 layout-component text-serif-m layout-normal text-serif-m layout-padded\">I et brev til justisminister Pam Bondi datert onsdag, som <a href=\"https:\/\/www.nbcnews.com\/politics\/congress\/epstein-files-lawmakers-ask-ag-pam-bondi-status-update-rcna246980\" class=\"_link_o9xde_39\" rel=\"nofollow noopener\" target=\"_blank\">NBC News<\/a> har sett, skriver politikerne at de er spesielt opptatt av \u00e5 forst\u00e5 innholdet i eventuelle nye bevis eller informasjon som kan hindre justisdepartementet i \u00e5 m\u00f8te den lovp\u00e5lagte fristen.<\/p>\n<p>F\u00e5 oversikt:Hvem var Jeffrey Epstein?<\/p>\n<p class=\"_paragraph_o9xde_4 _paragraph_xtcu6_10 _paragraph_16v91_10 layout-component text-serif-m layout-normal text-sans-m layout-padded\" itemprop=\"text\">Jeffrey Epstein var en amerikansk finansmann og en straffed\u00f8mt sexforbryter. Han var styrtrik og hadde forbindelser til mange mektige personer over hele verden.<\/p>\n<p>N\u00e5r d\u00f8de han?<\/p>\n<ul class=\"_list_o9xde_3 _list_xtcu6_9 _list_16v91_9 _unordered_o9xde_106 layout-component text-serif-m layout-normal text-sans-m layout-padded\" itemprop=\"text\">\n<li class=\"_item_o9xde_30\">Epstein ble funnet d\u00f8d i fengselet i august 2019. If\u00f8lge amerikanske myndigheter tok han sitt eget liv.<\/li>\n<li class=\"_item_o9xde_30\">D\u00f8dsfallet har blitt gjenstand for en av Maga-bevegelsens mest yndede og hardnakkede konspirasjonsteorier. <\/li>\n<li class=\"_item_o9xde_30\">De er overbevist om at Epstein ble drept og at dette viser hvor langt USAs eliter \u2013 med hjelp fra \u00abden dype staten\u00bb \u2013 er villig til \u00e5 g\u00e5 for \u00e5 dekke over sine forbrytelser og umoral.<\/li>\n<\/ul>\n<p>Hvem er Ghislaine Maxwell?<\/p>\n<p class=\"_paragraph_o9xde_4 _paragraph_xtcu6_10 _paragraph_16v91_10 layout-component text-serif-m layout-normal text-sans-m layout-padded\" itemprop=\"text\">Britisk samfunnsfigur og Epsteins n\u00e6re partner. Hun ble i 2021 d\u00f8mt til 20 \u00e5rs fengsel for \u00e5 ha rekruttert og bist\u00e5tt ham i overgrepene mot unge jenter.<\/p>\n<p>Hva handler Epstein-saken om?<\/p>\n<p class=\"_paragraph_o9xde_4 _paragraph_xtcu6_10 _paragraph_16v91_10 layout-component text-serif-m layout-normal text-sans-m layout-padded\" itemprop=\"text\">Anklager, etterforskning og straffeforf\u00f8lgelse av Epsteins omfattende nettverk av seksuelle overgrep og menneskehandel. <\/p>\n<p class=\"_paragraph_o9xde_4 _paragraph_xtcu6_10 _paragraph_16v91_10 layout-component text-serif-m layout-normal text-sans-m layout-padded\" itemprop=\"text\">Over flere \u00e5r ble en rekke mindre\u00e5rige jenter seksuelt utnyttet etter \u00e5 ha blitt lokket med penger og jobber.<\/p>\n<ul class=\"_list_o9xde_3 _list_xtcu6_9 _list_16v91_9 _unordered_o9xde_106 layout-component text-serif-m layout-normal text-sans-m layout-padded\" itemprop=\"text\">\n<li class=\"_item_o9xde_30\">Det hele startet i 2005 da politiet i Florida begynte \u00e5 etterforske ham etter at en 14 \u00e5r gammel jente fortalte at hun var blitt misbrukt. <\/li>\n<li class=\"_item_o9xde_30\">Epstein ble d\u00f8mt i 2008 for \u00e5 ha opps\u00f8kt prostitusjon fra en mindre\u00e5rig, men fikk en mild straff.<\/li>\n<li class=\"_item_o9xde_30\">Det kommende ti\u00e5ret f\u00e5r Epstein anklager fra flere kvinner som hevder \u00e5 v\u00e6re hans ofre.<\/li>\n<li class=\"_item_o9xde_30\">I 2019 ble han p\u00e5grepet igjen, denne gangen for menneskehandel til seksuelle form\u00e5l. Han blir anklaget for \u00e5 ha betalt mindre\u00e5rige jenter for massasje og for \u00e5 ha forgrepet seg p\u00e5 dem. Epstein nekter straffskyld.<\/li>\n<li class=\"_item_o9xde_30\">Han ble d\u00f8mt for sexforbrytelser. Mens han ventet p\u00e5 rettssaken for menneskehandel til seksuelle form\u00e5l, ble han funnet d\u00f8d i fengselet.<\/li>\n<\/ul>\n<p class=\"_paragraph_o9xde_4 _paragraph_xtcu6_10 _paragraph_16v91_10 layout-component text-serif-m layout-normal text-sans-m layout-padded\" itemprop=\"text\">Mange av overgrepene skal ha skjedd i Epsteins luksusboliger i Florida, New York \u2013 og p\u00e5 <a href=\"https:\/\/www.vg.no\/nyheter\/i\/jdpz89\/dette-er-epsteins-private-oey-rykter-om-sexovergrep-i-paradis\" data-track-element-type=\"Link\" data-track-id=\"link:jdpz89\" class=\"_link_o9xde_39\" rel=\"nofollow noopener\" target=\"_blank\">hans private \u00f8y<\/a> i Karibia.<\/p>\n<p class=\"_paragraph_o9xde_4 _paragraph_xtcu6_10 _paragraph_16v91_10 layout-component text-serif-m layout-normal text-sans-m layout-padded\" itemprop=\"text\"><strong class=\"_strong_o9xde_25\">Les mer her: <a href=\"https:\/\/www.vg.no\/nyheter\/i\/8mLVOQ\/dette-er-epstein-saken-ofrene-medhjelperne-skandalene\" data-track-element-type=\"Link\" data-track-id=\"link:8mLVOQ\" class=\"_link_o9xde_39\" rel=\"nofollow noopener\" target=\"_blank\">Ofrene, medhjelperne, skandalene<\/a><\/strong><\/p>\n<p>Hvorfor kommer dokumentene n\u00e5?<\/p>\n<p class=\"_paragraph_o9xde_4 _paragraph_xtcu6_10 _paragraph_16v91_10 layout-component text-serif-m layout-normal text-sans-m layout-padded\" itemprop=\"text\">Rettspapirer og vitneforklaringer frigj\u00f8res gradvis etter rettsavgj\u00f8relser i USA. Materialet stammer fra sivile s\u00f8ksm\u00e5l mot Epstein og Maxwell.<\/p>\n<p>Hvilke kjendiser og maktpersoner kobles til Epstein?<\/p>\n<p class=\"_paragraph_o9xde_4 _paragraph_xtcu6_10 _paragraph_16v91_10 layout-component text-serif-m layout-normal text-sans-m layout-padded\" itemprop=\"text\">Epsteins kontakt med maktpersoner som Bill Clinton, Donald Trump, prins Andrew og Bill Gates har skapt stor oppsikt.<\/p>\n<p class=\"_paragraph_o9xde_4 _paragraph_xtcu6_10 _paragraph_16v91_10 layout-component text-serif-m layout-normal text-sans-m layout-padded\" itemprop=\"text\">Ogs\u00e5 nordmenn har blitt koblet til Epsteins navn. Tidligere statsminister Thorbj\u00f8rn Jagland, toppdiplomat Terje R\u00f8d-Larsen og prinsesse Mette-Marit har alle m\u00f8tt ham. Samtlige tar avstand fra de grove forbrytelsene han ble anklaget for.<\/p>\n<p class=\"_paragraph_o9xde_4 _paragraph_xtcu6_10 layout-component text-serif-m layout-normal text-serif-m layout-padded\">Kongressen vedtok i overveldende flertall en lov som krever at justisdepartementet offentliggj\u00f8r dokumentene innen 30 dager etter at \u00abEpstein Files Transparency Act\u00bb ble vedtatt 19. november.<\/p>\n<p>Jagland sp\u00f8kte om \u00f8y i e-post<\/p>\n<p class=\"_paragraph_o9xde_4 _paragraph_xtcu6_10 layout-component text-serif-m layout-normal text-serif-m layout-padded\">I november ble om lag 20.000 Epstein-dokumenter publisert av amerikanske myndigheter.<\/p>\n<p class=\"_paragraph_o9xde_4 _paragraph_xtcu6_10 layout-component text-serif-m layout-normal text-serif-m layout-padded\">Blant dokumentene var e-post-korrespondansen mellom Epstein og en rekke kjente personer \u2013 inkludert tidligere statsminister Thorbj\u00f8rn Jagland.<\/p>\n<p class=\"_paragraph_o9xde_4 _paragraph_xtcu6_10 layout-component text-serif-m layout-normal text-serif-m layout-padded\">E-poster <a href=\"https:\/\/www.vg.no\/i\/lw85j3?utm_source=sdrn%3Avg%3Aarticle%3Awgy2y4&amp;utm_medium=Link&amp;utm_content=link%3Alw85j3\" data-track-element-type=\"Link\" data-track-id=\"link:lw85j3\" class=\"_link_o9xde_39\" rel=\"nofollow noopener\" target=\"_blank\">VG<\/a> har funnet blant dokumentene viser at Jagland hadde langt mer kontakt med den d\u00f8mte sexforbryteren Jeffrey Epstein enn tidligere kjent.<\/p>\n<p class=\"_paragraph_o9xde_4 _paragraph_xtcu6_10 layout-component text-serif-m layout-normal text-serif-m layout-padded\">Her kan du se e-postene:<\/p>\n<p class=\"_paragraph_o9xde_4 _paragraph_xtcu6_10 layout-component text-serif-m layout-normal text-serif-m layout-padded\">I en e-post fra 2016 sp\u00f8kte Jagland med at han skal bosette seg p\u00e5 Epstein \u00f8y, dersom Donald Trump vinner presidentvalget.<\/p>\n<p class=\"_paragraph_o9xde_4 _paragraph_xtcu6_10 layout-component text-serif-m layout-normal text-serif-m layout-padded\">\u2013 Ja, forferdelige tider. Hvis Trump vinner i USA sl\u00e5r jeg meg ned p\u00e5 \u00f8ya di. Men f\u00f8r det vil jeg v\u00e6re i New York i september. Mange ting \u00e5 snakke om, skrev Jagland.<\/p>\n<p class=\"_paragraph_o9xde_4 _paragraph_xtcu6_10 layout-component text-serif-m layout-normal text-serif-m layout-padded\">I en annen e-post den 24. juni 2018, skrev Epstein til Jagland at \u00abJeg tror du kan foresl\u00e5 at Putin sier at Lavrov kan f\u00e5 innsikt ved \u00e5 snakke med meg.\u00bb<\/p>\n<p class=\"_paragraph_o9xde_4 _paragraph_xtcu6_10 layout-component text-serif-m layout-normal text-serif-m layout-padded\">Jagland svarer if\u00f8lge dokumentene samme dag: \u00abJeg m\u00f8ter Lavrovs assistent mandag og vil anbefale. Takk for en fantastisk kveld\u00bb.<\/p>\n<p class=\"_paragraph_o9xde_4 _paragraph_xtcu6_10 layout-component text-serif-m layout-normal text-serif-m layout-padded\">Korrespondansen mellom Jagland og Epstein skjedde en knapp m\u00e5ned f\u00f8r Trump skulle <a href=\"https:\/\/www.vg.no\/nyheter\/i\/WLAn7L\/putin-etter-toppmoetet-med-trump-den-kalde-krigen-er-over\" data-track-element-type=\"Link\" data-track-id=\"link:WLAn7L\" class=\"_link_o9xde_39\" rel=\"nofollow noopener\" target=\"_blank\">m\u00f8te med Russlands president<\/a> Vladimir Putin i Helsinki i 2018. Jagland ledet Europar\u00e5det p\u00e5 dette tidspunktet.<\/p>\n<p class=\"_paragraph_o9xde_4 _paragraph_xtcu6_10 layout-component text-serif-m layout-normal text-serif-m layout-padded\">I utvekslingen insinuerte Epstein at han hadde snakket om Trump med Vitalij Tsjurkin, tidligere russisk ambassad\u00f8r til FN, f\u00f8r Tsjurkin d\u00f8de i 2017. Epstein skrev:<\/p>\n<p class=\"_paragraph_o9xde_4 _paragraph_xtcu6_10 layout-component text-serif-m layout-normal text-serif-m layout-padded\">\u00abChurkin var fantastisk. Han forsto Trump etter samtalene v\u00e5re. Det er ikke komplisert. Han m\u00e5 bli sett for \u00e5 forst\u00e5 at noe er s\u00e5 enkelt.\u00bb<\/p>\n<p class=\"_paragraph_o9xde_4 _paragraph_xtcu6_10 layout-component text-serif-m layout-normal text-serif-m layout-padded\">Se ogs\u00e5 hva et av Epsteins offer mener om at flere dokumenter skal offentliggj\u00f8res:<\/p>\n<p>       <img decoding=\"async\" alt=\"Tips oss illustrasjon\" src=\"https:\/\/www.europesays.com\/no\/wp-content\/uploads\/2025\/10\/pssst-small.webp.webp\"\/>    <\/p>\n<p class=\"title-serif-s\">Har du tips?<\/p>\n<p class=\"text-sans-m\">Send oss informasjon, bilder eller video.<\/p>\n<p>  <a href=\"https:\/\/www.vg.no\/tips-oss\" rel=\"nofollow noopener\" target=\"_blank\"> Tips oss <\/a>      <\/p>\n","protected":false},"excerpt":{"rendered":"Demokratene har frigitt bilder og videoer fra Jeffrey Epsteins private \u00f8y. Foto: Kongressens tilsynskomit\u00e9 Oppdatert onsdag 3. desember&hellip;\n","protected":false},"author":2,"featured_media":103384,"comment_status":"","ping_status":"","sticky":false,"template":"","format":"standard","meta":{"footnotes":""},"categories":[12],"tags":[31,20,21,24,25,15,1649,22,23,13,30,28,29,14,16,26,27,42,43,44,45],"class_list":{"0":"post-103383","1":"post","2":"type-post","3":"status-publish","4":"format-standard","5":"has-post-thumbnail","7":"category-verden","8":"tag-breaking","9":"tag-breaking-news","10":"tag-breakingnews","11":"tag-featured-news","12":"tag-featurednews","13":"tag-headlines","14":"tag-jeffrey-epstein","15":"tag-latest-news","16":"tag-latestnews","17":"tag-news","18":"tag-no","19":"tag-norge","20":"tag-norway","21":"tag-nyheter","22":"tag-overskrifter","23":"tag-top-stories","24":"tag-topstories","25":"tag-verden","26":"tag-world","27":"tag-world-news","28":"tag-worldnews"},"share_on_mastodon":{"url":"https:\/\/pubeurope.com\/@no\/115656905672430188","error":""},"_links":{"self":[{"href":"https:\/\/www.europesays.com\/no\/wp-json\/wp\/v2\/posts\/103383","targetHints":{"allow":["GET"]}}],"collection":[{"href":"https:\/\/www.europesays.com\/no\/wp-json\/wp\/v2\/posts"}],"about":[{"href":"https:\/\/www.europesays.com\/no\/wp-json\/wp\/v2\/types\/post"}],"author":[{"embeddable":true,"href":"https:\/\/www.europesays.com\/no\/wp-json\/wp\/v2\/users\/2"}],"replies":[{"embeddable":true,"href":"https:\/\/www.europesays.com\/no\/wp-json\/wp\/v2\/comments?post=103383"}],"version-history":[{"count":0,"href":"https:\/\/www.europesays.com\/no\/wp-json\/wp\/v2\/posts\/103383\/revisions"}],"wp:featuredmedia":[{"embeddable":true,"href":"https:\/\/www.europesays.com\/no\/wp-json\/wp\/v2\/media\/103384"}],"wp:attachment":[{"href":"https:\/\/www.europesays.com\/no\/wp-json\/wp\/v2\/media?parent=103383"}],"wp:term":[{"taxonomy":"category","embeddable":true,"href":"https:\/\/www.europesays.com\/no\/wp-json\/wp\/v2\/categories?post=103383"},{"taxonomy":"post_tag","embeddable":true,"href":"https:\/\/www.europesays.com\/no\/wp-json\/wp\/v2\/tags?post=103383"}],"curies":[{"name":"wp","href":"https:\/\/api.w.org\/{rel}","templated":true}]}}