{"id":103387,"date":"2025-12-03T18:01:17","date_gmt":"2025-12-03T18:01:17","guid":{"rendered":"https:\/\/www.europesays.com\/no\/103387\/"},"modified":"2025-12-03T18:01:17","modified_gmt":"2025-12-03T18:01:17","slug":"dette-tjente-marius-borg-hoiby","status":"publish","type":"post","link":"https:\/\/www.europesays.com\/no\/103387\/","title":{"rendered":"Dette tjente Marius Borg H\u00f8iby"},"content":{"rendered":"<p>Etter at kronprinsesse Mette-Marits s\u00f8nn Marius Borg H\u00f8iby (28) ble p\u00e5grepet i august i fjor, har det v\u00e6rt et omfattende juridisk arbeid i sving.\u00a0<\/p>\n<p>I denne saken omtaler derfor TV 2 likningstallene til H\u00f8iby selv, samt hans juridiske apparat\u00a0\u2013 og \u00f8konomiske st\u00f8ttespillere.<\/p>\n<p class=\"italic m-italic\" data-lab-italic=\"italic\">Se disse tallene litt lenger ned i artikkelen.<\/p>\n<p>H\u00f8iby hyret inn forsvarer \u00d8yvind Bratlien, som i februar i \u00e5r ble erstattet av Ellen Holager Anden\u00e6s og Petar Sekulic.\u00a0<\/p>\n<p class=\"bold m-bold\" data-lab-font_weight=\"bold\"> NB: Tallene i skattelistene kan v\u00e6re misvisende av forskjellige grunner,\u00a0<a href=\"https:\/\/www.tv2.no\/a\/18342757\" rel=\"nofollow noopener\" target=\"_blank\">les mer om dette her<\/a>. <\/p>\n<p>        <img class=\"image__img lazyload\" itemprop=\"image\" title=\"Foto: Erik Edland \/ TV 2\" alt=\"FORSVARERE: Petar Sekulic og Ellen Holager Anden\u00e6s i Anden\u00e6s advokatfirma. Foto: Erik Edland \/ TV 2\" width=\"675\" height=\"453\" bad-src=\"https:\/\/www.europesays.com\/no\/wp-content\/uploads\/2025\/12\/18345092.webp\" fetchpriority=\"auto\" \/><\/p>\n<p>      FORSVARERE: Petar Sekulic og Ellen Holager Anden\u00e6s i Anden\u00e6s advokatfirma.<br \/>\n         Foto: Erik Edland \/ TV 2<\/p>\n<p>Mormor betalte<\/p>\n<p>28-\u00e5ringen satte ogs\u00e5 i gang et eget rettslig oppgj\u00f8r i h\u00f8st, i forbindelse med utgivelsen av boka \u00abHvite striper, sorte f\u00e5r\u00bb.\u00a0<\/p>\n<p>Retten konkluderte i forlaget Aschehoug fav\u00f8r, og besluttet at H\u00f8iby m\u00e5tte betale saksomkostninger p\u00e5 til sammen 530.000 kroner.\u00a0<\/p>\n<p>Til <a href=\"https:\/\/www.tv2.no\/nyheter\/hoibys-mormor-har-betalt-over-500000-etter-boktapet\/18296680\/\" rel=\"nofollow noopener\" target=\"_blank\">TV 2<\/a> tirsdag opplyste advokat Elias Christensen at det er H\u00f8ibys mormor, Marit Tjessem (88), som har innbetalt disse pengene.<\/p>\n<p>\u2013 Dette er noe vi vanligvis ikke omtaler. Men i dette tilfellet har klienten p\u00e5 grunn av medietrykket bedt om at dette opplyses. Pengene er innbetalt til v\u00e5rt kontor fra klientens mormor. Utover dette har vi ingen kommentarer hva gjelder disse transaksjonene.<\/p>\n<p>H\u00f8ibys egne utgifter til denne saken, hvor han i retten ble representert av sine advokater Christensen og Ren\u00e9 Ibsen, er oppgitt \u00e5 v\u00e6re over 800.000 kroner f\u00f8r behandlingen i retten.\u00a0<\/p>\n<p>Hvem som betaler denne regningen, er forel\u00f8pig ikke kjent.<\/p>\n<p>Liten inntekt<\/p>\n<p>H\u00f8iby selv har over flere \u00e5r v\u00e6rt oppf\u00f8rt med sv\u00e6rt beskjeden inntekt. <a href=\"https:\/\/www.tv2.no\/nyheter\/hoibys-mormor-har-betalt-over-500000-etter-boktapet\/18296680\/\" rel=\"nofollow noopener\" target=\"_blank\">I 2023 var inntekten p\u00e5 126 650 kroner<\/a>.\u00a0<\/p>\n<p>N\u00e5 har inntekten sunket enda mer, og i 2024 var den rundt 48.000 kroner. H\u00f8iby var oppf\u00f8rt med 84.000, noe mer enn \u00e5ret f\u00f8r, men mye mindre enn i 2022, da han som f\u00f8lge av husslag hadde dr\u00f8ye 2 millioner i formue. 28-\u00e5ringen betalte ogs\u00e5 beskjedne 6717 kroner i skatt.<\/p>\n<p>\u00a0<a href=\"https:\/\/www.tv2.no\/nyheter\/innenriks\/hoiby-sier-han-fikk-20000-kroner-fra-foreldrene-i-maneden\/17234232\/\" style=\"letter-spacing: 0.01em;\" rel=\"nofollow noopener\" target=\"_blank\">TV 2<\/a> har tidligere publisert opplysninger om at han i avh\u00f8rt har oppgitt \u00e5 f\u00e5 20.000 kroner fra foreldrene i m\u00e5neden.\u00a0<\/p>\n<p>TV 2 er ikke kjent med om han sikter til kronprins Haakon eller sin biologiske far Morten Borg.\u00a0<\/p>\n<p>Sistnevnte har i en \u00e5rrekke v\u00e6rt oppf\u00f8rt med 0 kroner i inntekt, og det har han ogs\u00e5 i 2024.\u00a0<\/p>\n<p>Unntak var i 2019, da Morten Borg hadde inntekter p\u00e5 beskjedne 17.000 kroner.\u00a0<\/p>\n<p>Siden 2020 har Borg i likningstallene v\u00e6rt oppf\u00f8rt med flere millioner i formue, som har minsket betraktelig \u00e5r for \u00e5r. Han er fortsatt oppf\u00f8rt med over 1,6 millioner i formue.<\/p>\n<p>        <img class=\"image__img lazyload\" itemprop=\"image\" title=\"Foto: Lise \u00c5serud \/ NTB\" alt=\"h\u00f8ibysaken\" width=\"978\" height=\"551\" bad-src=\"https:\/\/www.europesays.com\/no\/wp-content\/uploads\/2025\/12\/17000460.webp\" fetchpriority=\"auto\" \/><\/p>\n<p>      Marius Borg H\u00f8iby sammen med mamma Mette-Marit og mormor Marit Tjessem.<br \/>\n         Foto: Lise \u00c5serud \/ NTB<\/p>\n<p>Kronprins Haakon har tidligere uttalt at han ikke kjenner til hvordan H\u00f8ibys advokatutgifter blir finansiert, og at det er stes\u00f8nnen selv som mottar regningen.<\/p>\n<p>Skaugum-opphold kan utl\u00f8se skatteplikt<\/p>\n<p>H\u00f8iby har siden desember 2022 bodd i en av kronprinsens utleieboliger p\u00e5 Skaugum, men skal if\u00f8lge Se og H\u00f8r nylig ha flyttet. Kongehuset har aldri villet svare p\u00e5 om H\u00f8iby har betalt leie til kronprinsen for \u00e5 bo i eneboligen, som if\u00f8lge Nettavisen har en ansl\u00e5tt markedspris p\u00e5 25.000 kroner.<\/p>\n<p><a href=\"https:\/\/borsen.dagbladet.no\/nyheter\/skaugum-opphold-kan-bli-dyrt\/82847981\" rel=\"nofollow noopener\" target=\"_blank\">Dagbladet B\u00f8rsen<\/a> skrev tidligere i \u00e5r at det er ansett som en skattepliktig fordel \u00e5 bo gratis p\u00e5 n\u00e6r families eiendom over tid &#8211; med mindre den som bruker boligen betaler alle driftskostnader som str\u00f8m, vedlikehold og forsikring.<\/p>\n<p>Dersom dette ikke er tilfelle, skal verdien av fordelen, markedsprisen, f\u00f8res opp i skattemeldingen som skattepliktig inntekt. H\u00f8iby har ingen inntekt i skattelistene som tilsier at han har kunnet betale leie for boligen, som han skal ha bodd i hele 2024. Dersom han hadde f\u00f8rt markedspris som skattepliktig inntekt, skulle dette blitt beskattet med 22 prosent.<\/p>\n<p>Med markedspris lagt til grunn, ville dette utgjort 66.000 kroner &#8211; noe som er langt fra det som er oppgitt i likningstallene.<\/p>\n<p>Privat avtale mellom kronprinsparet og Tjessem<\/p>\n<p>Kronprinsesse Mette-Marits mor, Marit Tjessem, har i en \u00e5rrekke v\u00e6rt oppf\u00f8rt med nettoinntekt p\u00e5 mellom 300.000 og 400.000 kroner, samtidig som hun har hatt en registrert formue p\u00e5 over 2 millioner kroner.<\/p>\n<p>Hun sikret seg en fritidseiendom i Kristiansand p\u00e5 forkj\u00f8psrett for 2,8 millioner kroner i 2010.\u00a0<\/p>\n<p>Denne hytta kj\u00f8pte kronprinsparet seg inn i i 2018, uten at det har blitt offentlig kjent hvor stort bel\u00f8p de gikk inn med.\u00a0<\/p>\n<p>Til <a href=\"https:\/\/borsen.dagbladet.no\/nyheter\/eier-halve-hytta-privat-avtale\/82912181\" rel=\"nofollow noopener\" target=\"_blank\">Dagbladet B\u00f8rsen <\/a>omtalte kongehuset dette som en privat avtale tidligere i \u00e5r.<\/p>\n<p>I kongehusets egne \u00e5rsrapporter st\u00e5r det at kronprinsparet eier halve hytta, som Tjessem disponerer.\u00a0<\/p>\n<p>TV 2 er ikke kjent med andre \u00f8konomiske bindinger mellom kronprinsparet, og Mette-Marits mor.\u00a0<\/p>\n","protected":false},"excerpt":{"rendered":"Etter at kronprinsesse Mette-Marits s\u00f8nn Marius Borg H\u00f8iby (28) ble p\u00e5grepet i august i fjor, har det v\u00e6rt&hellip;\n","protected":false},"author":2,"featured_media":103388,"comment_status":"","ping_status":"","sticky":false,"template":"","format":"standard","meta":{"footnotes":""},"categories":[5],"tags":[20,21,24,25,15,19,22,23,17,18,13,30,28,29,14,16,26,27],"class_list":{"0":"post-103387","1":"post","2":"type-post","3":"status-publish","4":"format-standard","5":"has-post-thumbnail","7":"category-overskrifter","8":"tag-breaking-news","9":"tag-breakingnews","10":"tag-featured-news","11":"tag-featurednews","12":"tag-headlines","13":"tag-hovedoppslag","14":"tag-latest-news","15":"tag-latestnews","16":"tag-main-news","17":"tag-mainnews","18":"tag-news","19":"tag-no","20":"tag-norge","21":"tag-norway","22":"tag-nyheter","23":"tag-overskrifter","24":"tag-top-stories","25":"tag-topstories"},"share_on_mastodon":{"url":"https:\/\/pubeurope.com\/@no\/115656948615404028","error":""},"_links":{"self":[{"href":"https:\/\/www.europesays.com\/no\/wp-json\/wp\/v2\/posts\/103387","targetHints":{"allow":["GET"]}}],"collection":[{"href":"https:\/\/www.europesays.com\/no\/wp-json\/wp\/v2\/posts"}],"about":[{"href":"https:\/\/www.europesays.com\/no\/wp-json\/wp\/v2\/types\/post"}],"author":[{"embeddable":true,"href":"https:\/\/www.europesays.com\/no\/wp-json\/wp\/v2\/users\/2"}],"replies":[{"embeddable":true,"href":"https:\/\/www.europesays.com\/no\/wp-json\/wp\/v2\/comments?post=103387"}],"version-history":[{"count":0,"href":"https:\/\/www.europesays.com\/no\/wp-json\/wp\/v2\/posts\/103387\/revisions"}],"wp:featuredmedia":[{"embeddable":true,"href":"https:\/\/www.europesays.com\/no\/wp-json\/wp\/v2\/media\/103388"}],"wp:attachment":[{"href":"https:\/\/www.europesays.com\/no\/wp-json\/wp\/v2\/media?parent=103387"}],"wp:term":[{"taxonomy":"category","embeddable":true,"href":"https:\/\/www.europesays.com\/no\/wp-json\/wp\/v2\/categories?post=103387"},{"taxonomy":"post_tag","embeddable":true,"href":"https:\/\/www.europesays.com\/no\/wp-json\/wp\/v2\/tags?post=103387"}],"curies":[{"name":"wp","href":"https:\/\/api.w.org\/{rel}","templated":true}]}}