{"id":103391,"date":"2025-12-03T18:10:11","date_gmt":"2025-12-03T18:10:11","guid":{"rendered":"https:\/\/www.europesays.com\/no\/103391\/"},"modified":"2025-12-03T18:10:11","modified_gmt":"2025-12-03T18:10:11","slug":"ulrikke-falch-innrommer-utroskap-i-ny-podkast-episode","status":"publish","type":"post","link":"https:\/\/www.europesays.com\/no\/103391\/","title":{"rendered":"Ulrikke Falch innr\u00f8mmer utroskap i ny podkast-episode"},"content":{"rendered":"<p class=\"kicker \" style=\"\">Ulrikke Falch:<\/p>\n<p>  \u00abSKAM\u00bb-stjernen brutalt \u00e6rlig om utroskap i ny podkast-episode.\u00a0<\/p>\n<p>\n    INTIME DETALJER: Skuespiller Ulrikke Falch har skjermet privatlivet sitt fra offentligheten. N\u00e5 r\u00f8per hun nye detaljer. Foto: Morten Eik\/Se og H\u00f8r\n  <\/p>\n<p>Skuespiller <a href=\"https:\/\/www.seher.no\/kjendis\/overrasker\/83865375\" rel=\"nofollow noopener\" target=\"_blank\">Ulrikke Falch (29)<\/a> ble raskt et av Norges mest kjente fjes da hun som 18-\u00e5ring dukket opp i NRK-suksessen \u00abSKAM\u00bb i 2015.\u00a0<\/p>\n<p>Ti \u00e5r senere bor hun p\u00e5 N\u00f8rrebro i K\u00f8benhavn, og er aktuell med hovedrollen i P3-serien \u00abTak for ingenting\u00bb, som hun ogs\u00e5 har v\u00e6rt med p\u00e5 \u00e5 skrive.\u00a0<\/p>\n<p>    <a itemprop=\"url\" href=\"https:\/\/www.seher.no\/kjendis\/apner-opp-skjor-og-usikker\/83931863\" rel=\"nofollow noopener\" target=\"_blank\"><\/p>\n<p>      <img loading=\"lazy\" decoding=\"async\" src=\"https:\/\/www.europesays.com\/no\/wp-content\/uploads\/2025\/12\/1764785410_838_83931548.webp\" width=\"980\" height=\"441\" title=\"\u00c5pner opp: - Skj\u00f8r og usikker\" alt=\"\" class=\"lazyload\" style=\"--aspect-ratio-image: 2.22; \"\/><\/p>\n<p>        \u00c5pner opp: &#8211; Skj\u00f8r og usikker<\/p>\n<p>    <\/a><\/p>\n<p> Siden \u00abSKAM\u00bb-dagene har hun v\u00e6rt inn og ut av rampelyset, og\u00a0i 2020 annonserte hun blant annet p\u00e5 Instagram at hun skulle slutte \u00e5 bruke sosiale medier. Hun ogs\u00e5 v\u00e6rt hemmelighetsfull hva gjelder privatlivet.\u00a0<\/p>\n<p> I en ny episode av Podimo-podcasten \u00ab112 for knuste hjerter\u00bb letter hun n\u00e5 p\u00e5 sl\u00f8ret om kj\u00e6rlighetslivet, samtidig som hun r\u00f8per en overraskende detalj. Det skriver danske <a href=\"https:\/\/www.seoghoer.dk\/kendte\/med-i-ny-dansk-serie-ulrikke-falch-indroemmer-utroskab\" rel=\"nofollow noopener\" target=\"_blank\">Se og H\u00f8r<\/a>.\u00a0<\/p>\n<p>        SKATTELISTENE: Hvem tjener egentlig mest i GUTTA \u2013 og hvem sjokkerer p\u00e5 skattelistene fra Skal vi danse? Her f\u00e5r du svaret. Reporter: Thea Hope \/ Silja Furset<\/p>\n<p>Knuste hjerter\t<\/p>\n<p>I episoden kommer podkastverten, Maria Jencel, med en rekke \u00abjeg har aldri\u00bb-p\u00e5stander som Falch m\u00e5 svare p\u00e5, og her blir hun blant annet spurt om hun noen gang har knust noens hjerte.<\/p>\n<p>&#8211; Det har jeg gjort, svarer Falch.<\/p>\n<p>Deretter blir hun spurt om hun noen gang har v\u00e6rt utro mot noen andre.<\/p>\n<p>    <a itemprop=\"url\" href=\"https:\/\/www.seher.no\/kjendis\/million-forskjell-for-kjendisparene\/83930851\" rel=\"nofollow noopener\" target=\"_blank\"><\/p>\n<p>      <img loading=\"lazy\" decoding=\"async\" src=\"https:\/\/www.europesays.com\/no\/wp-content\/uploads\/2025\/12\/1764785410_756_83930808.webp\" width=\"980\" height=\"441\" title=\"Million-forskjell for kjendisparene\" alt=\"\" class=\"lazyload\" style=\"--aspect-ratio-image: 2.22; \"\/><\/p>\n<p>        Million-forskjell for kjendisparene<\/p>\n<p>    <\/a><\/p>\n<p>&#8211; Det har jeg ogs\u00e5 v\u00e6rt, fortsetter skuespilleren.<\/p>\n<p>\u00abSKAM\u00bb-stjernen utdyper videre at hun ogs\u00e5 selv har opplevd at noen var utro mot henne, og at hun ikke valgte \u00e5 tilgi personen som gjorde det. Da hun selv var utro, ble hun derimot tilgitt.\u00a0<\/p>\n<p> Det er ikke kjent hvem som var involvert i utroskapen. <\/p>\n<p>        KLINTE TIL: Artist Adrian Sellevoll kliner til i f\u00f8rste episode av \u00abRampenissen\u00bb, og r\u00f8per at han ble singel rett etter innspillingen. Reporter: Sanne Holt. Video: TV 2\/ \u00abRampenissen\u00bb\/ Sanne Holt\/ Vicotoria L\u00f8vik\/ R\u00f8d L\u00f8per<\/p>\n<p>Brudd\t<\/p>\n<p>I episoden forteller ogs\u00e5 Falch at hun for tiden er singel.\u00a0<\/p>\n<p>Skuespilleren har for det meste holdt kj\u00e6rlighetslivet privat, men p\u00e5 h\u00f8sten i 2018 innledet hun et forhold med den tidligere \u00abEx on the Beach\u00bb-deltakeren\u00a0<a href=\"https:\/\/www.seher.no\/kjendis\/etter-dramatisk-fodsel-ferdig\/83709982\" rel=\"nofollow noopener\" target=\"_blank\">Henrik Elvejord Borg (31)<\/a>.\u00a0<\/p>\n<p>Forholdet fikk stor oppmerksomhet i media, men skulle vise seg \u00e5 v\u00e6re av det kortvarige slaget.<\/p>\n<p>          <img loading=\"lazy\" decoding=\"async\" src=\"https:\/\/www.europesays.com\/no\/wp-content\/uploads\/2025\/12\/83935053.webp\" width=\"686\" height=\"940\" title=\"EKSKJ\u00c6RESTER: I januar 2019 ble det slutt mellom Henrik Elvejord Borg og Ulrikke Falch. Her avbildet sammen p\u00e5 P3 Gull i 2018. Foto: Andreas Fadum\/Se og H\u00f8r\" alt=\"\" class=\"\" style=\"--aspect-ratio-image: 0.73; \"\/><\/p>\n<p>\n          EKSKJ\u00c6RESTER: I januar 2019 ble det slutt mellom Henrik Elvejord Borg og Ulrikke Falch. Her avbildet sammen p\u00e5 P3 Gull i 2018. Foto: Andreas Fadum\/Se og H\u00f8r\n      <\/p>\n<p>I januar 2019 bekreftet Falch til Se og H\u00f8r at de hadde g\u00e5tt hver til sitt.<\/p>\n<p>\u00abNitrist. Jeg og Ulrikke er ikke lenger sammen. Jeg er helt knust\u00bb, skrev Elvejord Borg til et bilde av ham og den tidligere \u00abSkam\u00bb-stjernen da bruddet ble kjent. <\/p>\n","protected":false},"excerpt":{"rendered":"Ulrikke Falch: \u00abSKAM\u00bb-stjernen brutalt \u00e6rlig om utroskap i ny podkast-episode.\u00a0 INTIME DETALJER: Skuespiller Ulrikke Falch har skjermet privatlivet&hellip;\n","protected":false},"author":2,"featured_media":103392,"comment_status":"","ping_status":"","sticky":false,"template":"","format":"standard","meta":{"footnotes":""},"categories":[58],"tags":[71,13044,10686,479,2543,30,28,29,11806,72,4812],"class_list":{"0":"post-103391","1":"post","2":"type-post","3":"status-publish","4":"format-standard","5":"has-post-thumbnail","7":"category-underholdning","8":"tag-entertainment","9":"tag-innrommer","10":"tag-kjaerlighet","11":"tag-kjendis","12":"tag-kjendisdesken","13":"tag-no","14":"tag-norge","15":"tag-norway","16":"tag-ulrikke-falch","17":"tag-underholdning","18":"tag-utroskap"},"share_on_mastodon":{"url":"https:\/\/pubeurope.com\/@no\/115656984285564015","error":""},"_links":{"self":[{"href":"https:\/\/www.europesays.com\/no\/wp-json\/wp\/v2\/posts\/103391","targetHints":{"allow":["GET"]}}],"collection":[{"href":"https:\/\/www.europesays.com\/no\/wp-json\/wp\/v2\/posts"}],"about":[{"href":"https:\/\/www.europesays.com\/no\/wp-json\/wp\/v2\/types\/post"}],"author":[{"embeddable":true,"href":"https:\/\/www.europesays.com\/no\/wp-json\/wp\/v2\/users\/2"}],"replies":[{"embeddable":true,"href":"https:\/\/www.europesays.com\/no\/wp-json\/wp\/v2\/comments?post=103391"}],"version-history":[{"count":0,"href":"https:\/\/www.europesays.com\/no\/wp-json\/wp\/v2\/posts\/103391\/revisions"}],"wp:featuredmedia":[{"embeddable":true,"href":"https:\/\/www.europesays.com\/no\/wp-json\/wp\/v2\/media\/103392"}],"wp:attachment":[{"href":"https:\/\/www.europesays.com\/no\/wp-json\/wp\/v2\/media?parent=103391"}],"wp:term":[{"taxonomy":"category","embeddable":true,"href":"https:\/\/www.europesays.com\/no\/wp-json\/wp\/v2\/categories?post=103391"},{"taxonomy":"post_tag","embeddable":true,"href":"https:\/\/www.europesays.com\/no\/wp-json\/wp\/v2\/tags?post=103391"}],"curies":[{"name":"wp","href":"https:\/\/api.w.org\/{rel}","templated":true}]}}