{"id":103393,"date":"2025-12-03T18:14:15","date_gmt":"2025-12-03T18:14:15","guid":{"rendered":"https:\/\/www.europesays.com\/no\/103393\/"},"modified":"2025-12-03T18:14:15","modified_gmt":"2025-12-03T18:14:15","slug":"kan-vaere-ekstra-alvorlig","status":"publish","type":"post","link":"https:\/\/www.europesays.com\/no\/103393\/","title":{"rendered":"&#8211; Kan v\u00e6re ekstra alvorlig"},"content":{"rendered":"<p class=\"kicker \" style=\"\">Skapte kaos:<\/p>\n<p>  Datatilsynet kommer med en klar beskjed til folk som vurderer \u00e5 dele bilder av hardt skadde personer.<\/p>\n<p>\n    KAOS: Det var mange skuelystne til en alvorlig ulykke p\u00e5 t-banen p\u00e5 Jernbanetorget i forrige uke. B\u00e5de brann og politi reagerte p\u00e5 oppf\u00f8rselen. Foto: H\u00e5vard Steffensen \/ Dagbladet\n  <\/p>\n<p>Ulykkesunders\u00f8ker Rune Lien fortalte Dagbladet i helga at <a href=\"https:\/\/www.dagbladet.no\/nyheter\/ubegripelig\/83914389?articleToken=7359f4490d8e4702a916f9bf335b0254e5d5a98163b0c245433cd3ae67f818c7\" rel=\"nofollow noopener\" target=\"_blank\">nesten hver gang han rykker ut p\u00e5 en alvorlig ulykke,<\/a> opplever han at vanlige folk\u00a0stopper, glor og tar bilder.<\/p>\n<p>&#8211; Det er ubegripelig, sier Lien.<\/p>\n<p class=\"font-weight-bold m-font-weight-bold\" data-lab-font_weight=\"font-weight-bold\">N\u00e5 advarer Datatilsynet, for dersom man deler et slikt bilde, kan det v\u00e6re alvorlig.\u00a0<\/p>\n<p>&#8211; Du kan ikke publisere bilder eller video av andre <a href=\"https:\/\/www.datatilsynet.no\/personvern-pa-ulike-omrader\/internett-og-apper\/bilder-pa-nett\/\" rel=\"nofollow noopener\" target=\"_blank\">uten samtykke.<\/a> Filmingen kan ogs\u00e5 rammes av straffeloven, og hvis dette skjer i en s\u00e5rbar situasjon, kan det v\u00e6re ekstra alvorlig, sier kommunikasjonsdirekt\u00f8r Janne Stang Dahl til Dagbladet.<\/p>\n<p>    <a itemprop=\"url\" href=\"https:\/\/www.dagbladet.no\/nyheter\/ubegripelig\/83914389\" rel=\"nofollow noopener\" target=\"_blank\"><\/p>\n<p>      <img loading=\"lazy\" decoding=\"async\" src=\"https:\/\/www.europesays.com\/no\/wp-content\/uploads\/2025\/12\/83919227.webp\" width=\"980\" height=\"441\" title=\"- Ubegripelig\" alt=\"\" class=\"lazyload\" style=\"--aspect-ratio-image: 2.22; \"\/><\/p>\n<p>        &#8211; Ubegripelig<\/p>\n<p>    <\/a><\/p>\n<p>&#8211; Fjern deg\t<\/p>\n<p> Ulykkesunders\u00f8ker Lien beskriver hvordan nysgjerrige tilskuere med mobilkamera ofte blir en ekstra belastning p\u00e5 et ulykkessted, b\u00e5de praktisk og menneskelig.\u00a0<\/p>\n<p>Til disse menneskene har Stang Dahl i Datatilsynet en klar beskjed:<\/p>\n<p class=\"font-weight-bold m-font-weight-bold\" data-lab-font_weight=\"font-weight-bold\">&#8211; V\u00e5rt<br \/>\ntydelig r\u00e5d er at du aldri skal ta opp telefonen og ta bilder og dele disse fra<br \/>\net ulykkessted. Ikke bare kan det v\u00e6re ulovlig hvis du deler, det er ogs\u00e5 en<br \/>\nuting \u00e5 ta bilder av andre i s\u00e5rbare situasjoner uten at de vil det selv.\u00a0<\/p>\n<p> Hun understreker at en ulykke er en ekstremt belastende situasjon for de involverte, og at fotografering kan gj\u00f8re situasjonen enda verre. <\/p>\n<p>&#8211; Fjern<br \/>\ndeg og hjelp n\u00f8detatene og hjelpemannskapet fram, sier Stang Dahl.<\/p>\n<p>          <img loading=\"lazy\" decoding=\"async\" src=\"https:\/\/www.europesays.com\/no\/wp-content\/uploads\/2025\/12\/83925363.webp\" width=\"980\" height=\"559\" title=\"ADVARER: Kommunikasjonsdirekt\u00f8r Janne Stang Dahl i Datatilsynet. Foto: Ilja Hendel\" alt=\"\" class=\"\" style=\"--aspect-ratio-image: 1.75; \"\/><\/p>\n<p>\n          ADVARER: Kommunikasjonsdirekt\u00f8r Janne Stang Dahl i Datatilsynet. Foto: Ilja Hendel\n      <\/p>\n<p>Konsekvenser\t<\/p>\n<p>Det kan f\u00e5 konsekvenser for de ber\u00f8rte dersom bilder fra ulykker deles, advarer Datatilsynet.<\/p>\n<p class=\"font-weight-bold m-font-weight-bold\" data-lab-font_weight=\"font-weight-bold\">&#8211; Det er alvorlig for alle involverte \u00e5 f\u00e5 slike beskjeder gjennom sosiale medier. Det oppleves ofte som sv\u00e6rt krenkende, sier kommunikasjonsdirekt\u00f8r Stang Dahl.<\/p>\n<p>Hun understreker at mange som tar bilder kanskje handler impulsivt og uten onde hensikter, men at konsekvensene likevel kan v\u00e6re store.<\/p>\n<p>&#8211; Folk m\u00e5 ta inn over seg hvilke vonde konsekvenser dette kan f\u00e5, b\u00e5de for p\u00e5r\u00f8rende og andre ber\u00f8rte, sier hun.<\/p>\n<p>    <a itemprop=\"url\" href=\"https:\/\/www.dagbladet.no\/nyheter\/ville-du-blitt-filmet\/83909864\" rel=\"nofollow noopener\" target=\"_blank\"><\/p>\n<p>      <img loading=\"lazy\" decoding=\"async\" src=\"https:\/\/www.europesays.com\/no\/wp-content\/uploads\/2025\/12\/83910550.webp\" width=\"980\" height=\"441\" title=\"Ber sj\u00e5f\u00f8rene skamme seg\" alt=\"\" class=\"lazyload\" style=\"--aspect-ratio-image: 2.22; \"\/><\/p>\n<p>        Ber sj\u00e5f\u00f8rene skamme seg<\/p>\n<p>    <\/a><\/p>\n<p>&#8211; Ikke greit\t<\/p>\n<p>Forrige uke oppsto det kaos p\u00e5 Jernbanetorget i Oslo da en person ble p\u00e5kj\u00f8rt av t-banen.\u00a0 Politiets innsatsleder p\u00e5 stedet, Brian Skotnes,\u00a0<a href=\"https:\/\/www.dagbladet.no\/nyheter\/person-pakjort-av-t-bane\/83895065\" rel=\"nofollow noopener\" target=\"_blank\">ba publikum om \u00e5 skjerpe seg<\/a>. \u00c5rsaken var mange nysgjerrige som ville filme den dramatiske hendelsen.<\/p>\n<p>Stang Dahl i Datatilsynet mener noen velger \u00e5 ta bilder uten \u00e5 tenke<br \/>\nseg om.\u00a0<\/p>\n<p>&#8211; Det er ikke greit, og vi m\u00e5 si ifra til hverandre, sier hun og fortsetter:<\/p>\n<p class=\"font-weight-bold m-font-weight-bold\" data-lab-font_weight=\"font-weight-bold\">&#8211; Tenk om det var ditt<br \/>\nbarn eller en forelder som l\u00e5 under en trikk? Eller deg selv? Ingen \u00f8nsker en<br \/>\nfolkemengde som stimer rundt og tar bilder av deg og dine i en forferdelig<br \/>\nsituasjon som du ikke har kontroll p\u00e5.<\/p>\n<p>    <a itemprop=\"url\" href=\"https:\/\/www.dagbladet.no\/nyheter\/person-pakjort-av-t-bane\/83895065\" rel=\"nofollow noopener\" target=\"_blank\"><\/p>\n<p>      <img loading=\"lazy\" decoding=\"async\" src=\"https:\/\/www.europesays.com\/no\/wp-content\/uploads\/2025\/12\/83895141.webp\" width=\"980\" height=\"441\" title=\"Person p\u00e5kj\u00f8rt av T-bane\" alt=\"\" class=\"lazyload\" style=\"--aspect-ratio-image: 2.22; \"\/><\/p>\n<p>        Person p\u00e5kj\u00f8rt av T-bane<\/p>\n<p>    <\/a><\/p>\n<p>&#8211; Meld ifra<\/p>\n<p> Datatilsynet har ikke registrert konkrete saker om bilder fra trafikkulykker, men understreker at ulovlig deling av bilder fra s\u00e5rbare situasjoner skjer jevnlig p\u00e5 nett.\u00a0<\/p>\n<p>De oppfordrer folk til \u00e5 reagere raskt dersom slike bilder dukker opp, og melde fra til nettsider eller politiet for \u00e5 f\u00e5 dem fjernet. <\/p>\n","protected":false},"excerpt":{"rendered":"Skapte kaos: Datatilsynet kommer med en klar beskjed til folk som vurderer \u00e5 dele bilder av hardt skadde&hellip;\n","protected":false},"author":2,"featured_media":103394,"comment_status":"","ping_status":"","sticky":false,"template":"","format":"standard","meta":{"footnotes":""},"categories":[10],"tags":[20,21,24,25,15,2539,22,23,13,30,28,29,14,16,26,27],"class_list":{"0":"post-103393","1":"post","2":"type-post","3":"status-publish","4":"format-standard","5":"has-post-thumbnail","7":"category-norge","8":"tag-breaking-news","9":"tag-breakingnews","10":"tag-featured-news","11":"tag-featurednews","12":"tag-headlines","13":"tag-innenriks","14":"tag-latest-news","15":"tag-latestnews","16":"tag-news","17":"tag-no","18":"tag-norge","19":"tag-norway","20":"tag-nyheter","21":"tag-overskrifter","22":"tag-top-stories","23":"tag-topstories"},"share_on_mastodon":{"url":"https:\/\/pubeurope.com\/@no\/115657000308923045","error":""},"_links":{"self":[{"href":"https:\/\/www.europesays.com\/no\/wp-json\/wp\/v2\/posts\/103393","targetHints":{"allow":["GET"]}}],"collection":[{"href":"https:\/\/www.europesays.com\/no\/wp-json\/wp\/v2\/posts"}],"about":[{"href":"https:\/\/www.europesays.com\/no\/wp-json\/wp\/v2\/types\/post"}],"author":[{"embeddable":true,"href":"https:\/\/www.europesays.com\/no\/wp-json\/wp\/v2\/users\/2"}],"replies":[{"embeddable":true,"href":"https:\/\/www.europesays.com\/no\/wp-json\/wp\/v2\/comments?post=103393"}],"version-history":[{"count":0,"href":"https:\/\/www.europesays.com\/no\/wp-json\/wp\/v2\/posts\/103393\/revisions"}],"wp:featuredmedia":[{"embeddable":true,"href":"https:\/\/www.europesays.com\/no\/wp-json\/wp\/v2\/media\/103394"}],"wp:attachment":[{"href":"https:\/\/www.europesays.com\/no\/wp-json\/wp\/v2\/media?parent=103393"}],"wp:term":[{"taxonomy":"category","embeddable":true,"href":"https:\/\/www.europesays.com\/no\/wp-json\/wp\/v2\/categories?post=103393"},{"taxonomy":"post_tag","embeddable":true,"href":"https:\/\/www.europesays.com\/no\/wp-json\/wp\/v2\/tags?post=103393"}],"curies":[{"name":"wp","href":"https:\/\/api.w.org\/{rel}","templated":true}]}}