{"id":103395,"date":"2025-12-03T18:17:48","date_gmt":"2025-12-03T18:17:48","guid":{"rendered":"https:\/\/www.europesays.com\/no\/103395\/"},"modified":"2025-12-03T18:17:48","modified_gmt":"2025-12-03T18:17:48","slug":"leah-behn-inntar-parketten-i-skal-vi-danse","status":"publish","type":"post","link":"https:\/\/www.europesays.com\/no\/103395\/","title":{"rendered":"Leah Behn inntar parketten i \u00abSkal vi danse\u00bb"},"content":{"rendered":"<p class=\"kicker \" style=\"\">Leah Behn:\u00a0<\/p>\n<p>  Prinsessens datter blir \u00e5 se p\u00e5 parketten f\u00f8rstkommende l\u00f8rdag.\u00a0<\/p>\n<p>\n    IKONISK: Leah Behn skal danse med venninnen f\u00f8rstkommende l\u00f8rdag. Foto: Lise \u00c5serud \/ NTB\n  <\/p>\n<p>F\u00f8rstkommende l\u00f8rdag er det duket for en ny episode av det popul\u00e6re TV 2-programmet \u00abSkal vi danse\u00bb.\u00a0<\/p>\n<p class=\"font-weight-bold m-font-weight-bold\" data-lab-font_weight=\"font-weight-bold\">Da skal prinsesse M\u00e4rtha Louises (54) datter, Leah Behn (20), danse seg inn p\u00e5 parketten med venninnen og \u00abSkal vi danse\u00bb-profil Tale Torp Torjussen (20).\u00a0<\/p>\n<p>          <img loading=\"lazy\" decoding=\"async\" src=\"https:\/\/www.europesays.com\/no\/wp-content\/uploads\/2025\/12\/83927795.webp\" width=\"686\" height=\"879\" title=\"HENDENE FULLE: Tales dansepartner Antonio Careri f\u00e5r hendene fulle f\u00f8rstkommende l\u00f8rdag n\u00e5r de blir totalt fem stykk ute p\u00e5 parketten. Foto: Skjermbilde: @antonio_careri\/ Instagram\" alt=\"\" class=\"\" style=\"--aspect-ratio-image: 0.78; \"\/><\/p>\n<p>\n          HENDENE FULLE: Tales dansepartner Antonio Careri f\u00e5r hendene fulle f\u00f8rstkommende l\u00f8rdag n\u00e5r de blir totalt fem stykk ute p\u00e5 parketten. Foto: Skjermbilde: @antonio_careri\/ Instagram\n      <\/p>\n<p>          <img loading=\"lazy\" decoding=\"async\" src=\"https:\/\/www.europesays.com\/no\/wp-content\/uploads\/2025\/12\/83928202.webp\" width=\"686\" height=\"638\" title=\"R\u00d8RENDE: Leah, Julia og Frida har flere ganger v\u00e6rt blant publikum under \u00abSkal vi danse\u00bb-sendingene for \u00e5 vise sin st\u00f8tte. Foto: Andreas Fadum \/ Se og H\u00f8r\" alt=\"\" class=\"\" style=\"--aspect-ratio-image: 1.08; \"\/><\/p>\n<p>\n          R\u00d8RENDE: Leah, Julia og Frida har flere ganger v\u00e6rt blant publikum under \u00abSkal vi danse\u00bb-sendingene for \u00e5 vise sin st\u00f8tte. Foto: Andreas Fadum \/ Se og H\u00f8r\n      <\/p>\n<p>Temaet for l\u00f8rdagen er ikoniske personer eller ikoniske hendelser.\u00a0<\/p>\n<p class=\"font-weight-light m-font-weight-light\" data-lab-font_weight=\"font-weight-light\">&#8211; Vi \u00f8nsker \u00e5 f\u00e5 med litt frisk pust, s\u00e5 vi skal ha med oss tre ikoniske damer Frida, Leah og Julie, som er mine bestevenninner, sier Tale til Se og H\u00f8r.\u00a0<\/p>\n<p>        OVER: Se og H\u00f8r erfarer at forholdet mellom prins Sverre Magnus og Amalie Gi\u00e6ver Macleod er over. Foto: NTB \/ Andreas Fadum \/ Se og H\u00f8r \/\/ Reporter og klipp: Elise Violeta Ness Aksnes<\/p>\n<p>&#8211; En var ikke nok, vi trengte tre personer til. De har veldig mye energi og gir oss ogs\u00e5 mer energi, som er bra, sier dansepartneren Antonio Careri.\u00a0<\/p>\n<p>Tale forteller at venninnene tar dette veldig seri\u00f8st og at de er kjempe engasjerte.\u00a0<\/p>\n<p>          <img loading=\"lazy\" decoding=\"async\" src=\"https:\/\/www.europesays.com\/no\/wp-content\/uploads\/2025\/12\/83928171.webp\" width=\"686\" height=\"741\" title=\"P\u00c5 CATWALKEN: Firerbanden Leah, Julia, Tale og Frida da H\u00e9st fylte fem \u00e5r og markerte feiringen med sitt f\u00f8rste catwalkshow i Kulturkirken Jacob. Foto: Andreas Fadum \/ Se og H\u00f8r\" alt=\"\" class=\"\" style=\"--aspect-ratio-image: 0.93; \"\/><\/p>\n<p>\n          P\u00c5 CATWALKEN: Firerbanden Leah, Julia, Tale og Frida da H\u00e9st fylte fem \u00e5r og markerte feiringen med sitt f\u00f8rste catwalkshow i Kulturkirken Jacob. Foto: Andreas Fadum \/ Se og H\u00f8r\n      <\/p>\n<p>&#8211; Jeg f\u00e5r mer selvtillit av \u00e5 ha de med meg p\u00e5 scenen, og det er veldig hyggelig, p\u00e5peker Tale overfor Se og H\u00f8r.\u00a0\u00a0<\/p>\n<p>    <a itemprop=\"url\" href=\"https:\/\/www.seher.no\/kjendis\/letter-pa-sloret-om-kjaerlighetslivet\/83870085\" rel=\"nofollow noopener\" target=\"_blank\"><\/p>\n<p>      <img loading=\"lazy\" decoding=\"async\" src=\"https:\/\/www.europesays.com\/no\/wp-content\/uploads\/2025\/12\/83869566.webp\" width=\"147\" height=\"98\" title=\"Letter p\u00e5 sl\u00f8ret om kj\u00e6rlighetslivet\" alt=\"\" class=\"lazyload\" style=\"--aspect-ratio-image: 1.50; \"\/><\/p>\n<p>        Letter p\u00e5 sl\u00f8ret om kj\u00e6rlighetslivet<\/p>\n<p>    <\/a><\/p>\n<p>Forrige l\u00f8rdag dediserte Tale dansen sin til Leah &#8211; og n\u00e5 skal de alts\u00e5 danse sammen.\u00a0<\/p>\n<ul>\n<li class=\"lab-bodytext-line italic m-italic\" data-lab-italic=\"italic\">Se video fra forrige l\u00f8rdag under!<\/li>\n<\/ul>\n<p>        SKAL VI DANSE: Under kveldens sending danset influenser Tale Torhussen for bestevenninnen sin, Leah Behn. Video: TV2 \/ Dagbaldet<\/p>\n<p>&#8211; Det er helt fantastisk, det f\u00f8les utrolig spesielt \u00e5 f\u00e5 lov til \u00e5 dele en slik opplevelse med dem. Ikke bare for min \u00abSkal vi danse\u00bb-opplevelse, men for oss fire og v\u00e5rt vennskap, sier Tale.\u00a0<\/p>\n","protected":false},"excerpt":{"rendered":"Leah Behn:\u00a0 Prinsessens datter blir \u00e5 se p\u00e5 parketten f\u00f8rstkommende l\u00f8rdag.\u00a0 IKONISK: Leah Behn skal danse med venninnen&hellip;\n","protected":false},"author":2,"featured_media":103396,"comment_status":"","ping_status":"","sticky":false,"template":"","format":"standard","meta":{"footnotes":""},"categories":[58],"tags":[9874,71,479,2543,5804,30,28,29,2280,9875,72],"class_list":{"0":"post-103395","1":"post","2":"type-post","3":"status-publish","4":"format-standard","5":"has-post-thumbnail","7":"category-underholdning","8":"tag-antonio-careri","9":"tag-entertainment","10":"tag-kjendis","11":"tag-kjendisdesken","12":"tag-leah-isadora-behn","13":"tag-no","14":"tag-norge","15":"tag-norway","16":"tag-skal-vi-danse","17":"tag-tale-torjussen","18":"tag-underholdning"},"share_on_mastodon":{"url":"https:\/\/pubeurope.com\/@no\/115657015751589036","error":""},"_links":{"self":[{"href":"https:\/\/www.europesays.com\/no\/wp-json\/wp\/v2\/posts\/103395","targetHints":{"allow":["GET"]}}],"collection":[{"href":"https:\/\/www.europesays.com\/no\/wp-json\/wp\/v2\/posts"}],"about":[{"href":"https:\/\/www.europesays.com\/no\/wp-json\/wp\/v2\/types\/post"}],"author":[{"embeddable":true,"href":"https:\/\/www.europesays.com\/no\/wp-json\/wp\/v2\/users\/2"}],"replies":[{"embeddable":true,"href":"https:\/\/www.europesays.com\/no\/wp-json\/wp\/v2\/comments?post=103395"}],"version-history":[{"count":0,"href":"https:\/\/www.europesays.com\/no\/wp-json\/wp\/v2\/posts\/103395\/revisions"}],"wp:featuredmedia":[{"embeddable":true,"href":"https:\/\/www.europesays.com\/no\/wp-json\/wp\/v2\/media\/103396"}],"wp:attachment":[{"href":"https:\/\/www.europesays.com\/no\/wp-json\/wp\/v2\/media?parent=103395"}],"wp:term":[{"taxonomy":"category","embeddable":true,"href":"https:\/\/www.europesays.com\/no\/wp-json\/wp\/v2\/categories?post=103395"},{"taxonomy":"post_tag","embeddable":true,"href":"https:\/\/www.europesays.com\/no\/wp-json\/wp\/v2\/tags?post=103395"}],"curies":[{"name":"wp","href":"https:\/\/api.w.org\/{rel}","templated":true}]}}