{"id":103397,"date":"2025-12-03T18:21:06","date_gmt":"2025-12-03T18:21:06","guid":{"rendered":"https:\/\/www.europesays.com\/no\/103397\/"},"modified":"2025-12-03T18:21:06","modified_gmt":"2025-12-03T18:21:06","slug":"marianne-vann-sak-mot-staten-blei-sjuk-av-koronavaksinen-nrk-trondelag-lokale-nyheter-tv-og-radio","status":"publish","type":"post","link":"https:\/\/www.europesays.com\/no\/103397\/","title":{"rendered":"Marianne vann sak mot staten \u2013 blei sjuk av koronavaksinen \u2013 NRK Tr\u00f8ndelag \u2013 Lokale nyheter, TV og radio"},"content":{"rendered":"<p><strong>\u2013 Eg f\u00f8ler p\u00e5 ei enorm lette. Eg f\u00f8ler eigentleg p\u00e5 ein lykkerus, fordi dette er noko eg har kjempa for i fire \u00e5r.<\/strong><\/p>\n<p>Det seier Marianne Torp Foss.<\/p>\n<p>\u2013 Eg blei sjuk for fem \u00e5r sidan, men det er fire \u00e5r sidan eg begynte \u00e5 s\u00f8ke erstatning.<\/p>\n<p>Etter at ho tok Pfizer-vaksinen mot covid-19 blei Foss sjuk og fekk diagnosen CFS\/ME.<\/p>\n<p>Til slutt saks\u00f8kte Foss staten ved Pasientskadenemnda for dette og partane<\/p>\n<p><strong>Og no er dommen klar: Staten er erstatningsansvarleg for at Foss fekk kronisk utmattingssyndrom.<\/strong><\/p>\n<p>Adresseavisen omtalte dommen f\u00f8rst.<strong> <\/strong><\/p>\n<p>Blei sjuk same dag som ho fekk vaksinen<\/p>\n<p>Foss fortel at ho, saman med mannen sin og deira to barn, hadde eit aktiv liv f\u00f8r ho blei sjuk.<\/p>\n<p>\u2013 Me var ein veldig aktiv familie. Me fann p\u00e5 mykje ting saman som familie og med andre familiar.<\/p>\n<p><img decoding=\"async\"   src=\"data:image\/gif;base64,R0lGODlhAQABAIAAAAAAAP\/\/\/yH5BAEAAAAALAAAAAABAAEAAAIBRAA7\" loading=\"eager\" alt=\"Marianne Foss Torp\" title=\"Foto: Privat\"\/><\/p>\n<p class=\"\">Trass i at ho blei sjuk av koronavaksinen er det viktig for Marianne Torp Foss \u00e5 f\u00e5 fram at ho ikkje er vaksinemotstandar.<\/p>\n<p>Foto: Privat<\/p>\n<p>I tillegg var ho i full jobb som aktivit\u00f8r p\u00e5 ein sjukeheim.<\/p>\n<p><strong>Men dette endra seg br\u00e5tt 5. mars 2021, d\u00e5 ho fekk andre dose av Pfizer-vaksinen mot covid-19.<\/strong><\/p>\n<p>\u2013 Eg merka det allereie p\u00e5 kvelden. Eg fekk intens hovudpine, h\u00f8g feber og vondt i kroppen, men eg var ikkje forkj\u00f8lt, fortel Foss.<\/p>\n<p>Ho pr\u00f8vde \u00e5 g\u00e5 p\u00e5 jobb, men blei berre d\u00e5rlegare og d\u00e5rlegare.<\/p>\n<p><strong>\u2013 Gjennom hele den perioden merka eg at uansett kor mykje eg sov, s\u00e5 fekk eg ikkje noko restitusjon av \u00e5 sove. Eg var like sliten d\u00e5 eg vakna og hadde vondt i kroppen.<\/strong><\/p>\n<p>Til slutt blei ho sjukemeld og fekk etter kvart diagnosen CSF\/ME.<\/p>\n<p>\u2013 Etter det har eg ikkje vore p\u00e5 jobb i det heile tatt, seier Foss.<\/p>\n<p>Staten ankar dommen<\/p>\n<p>I tillegg til \u00e5 vere erstatningsansvarleg at ho fekk ME er staten ved Pasientskadenemnda d\u00f8md til \u00e5 betale Foss sakskostnadar p\u00e5 totalt 523.197 kroner.<\/p>\n<p>Men staten er ueinig i dommen fr\u00e5 tingretten.<\/p>\n<p>\u2013 Staten ved Pasientskadenemnda ankar dommen fr\u00e5 Tr\u00f8ndelag tingrett.<\/p>\n<p>Det seier Hilde Ruus.<\/p>\n<p>Ho er avdelingsdirekt\u00f8r for prosedyreavdelinga i Nasjonalt klageorgan for helsetenesta. Det er dei som f\u00f8rer rettssakene for Pasientskadenemnda.<\/p>\n<p>\u2013 Me er ueinige i b\u00e5de bevisvurderinga og rettsbruken, legg Ruus til.<\/p>\n<p>Trass i at dommen no har blitt anka er Foss glad for at tingretten trur ho.<\/p>\n<p>\u2013 Det er ikkje berre meg det g\u00e5r utover<\/p>\n<p>Etter at ho blei sjuk har m\u00e5tte l\u00e6re seg \u00e5 leve p\u00e5 ein ny og annleis m\u00e5te.<\/p>\n<p><strong>\u2013 Eg m\u00e5 leve veldig avgrensa og heile tida tenke over kva eg gjer, fordi eg m\u00e5 kvile mykje. B\u00e5de f\u00f8r og etter eg gjer noko. Men framleis lever eg ikkje det livet eg \u00f8nsker.<\/strong><\/p>\n<p>Fr\u00e5 \u00e5 vere aktiv, trong ho br\u00e5tt mykje kvile etter \u00e5 ha m\u00f8tt veninner for \u00e5 ete lunsj.<\/p>\n<p><img decoding=\"async\"   src=\"data:image\/gif;base64,R0lGODlhAQABAIAAAAAAAP\/\/\/yH5BAEAAAAALAAAAAABAAEAAAIBRAA7\" loading=\"eager\" alt=\"En person st\u00e5r ved et gjerde p\u00e5 en h\u00f8yde med utsikt over en innsj\u00f8. De holder i en hund som st\u00e5r p\u00e5 bakken foran dem. I bakgrunnen ses en bygning og gr\u00f8nne omr\u00e5der. Landskapet er preget av fjell og en stille innsj\u00f8.\" title=\"Foto: Privat\"\/><\/p>\n<p class=\"\">\u00c5 g\u00e5 tur med hunden var ein del av livet til Marianne, heilt fram til 5. mars 2021.<\/p>\n<p>Foto: Privat<\/p>\n<p>Det fekk ho ogs\u00e5 kjenne p\u00e5 d\u00e5 saka gjekk for retten i f\u00f8rre veke.<\/p>\n<p>\u2013 Eg f\u00e5r eit veldig stort symptomtrykk viss eg pressar meg utover tolegrensa mi, forklarar ho.<\/p>\n<p>Og dagane i retten blei lange.<\/p>\n<p>\u2013 D\u00e5 hadde eg ikkje noko mogelegheit til \u00e5 kvile. S\u00e5 no er eg mykje d\u00e5rlegare enn eg var f\u00f8r rettssaka starta.<\/p>\n<p>\u2013 Kva er det som har vore det t\u00f8ffaste eller vanskelegaste med dette?<\/p>\n<p><strong>\u2013 At eg ikkje er den mammaa som eg var f\u00f8r eg blei sjuk. At ungane mine har mista den mammaa som dei kjente og at eg ikkje lenger er den kona for mannen min som d\u00e5 me blei saman.<\/strong><\/p>\n<p>\u2013 Det er ikkje berre meg det g\u00e5r utover, det g\u00e5r ogs\u00e5 utover familien min, legg ho til.<\/p>\n<p>Publisert<\/p>\n<p>03.12.2025, kl. 18.19<\/p>\n","protected":false},"excerpt":{"rendered":"\u2013 Eg f\u00f8ler p\u00e5 ei enorm lette. Eg f\u00f8ler eigentleg p\u00e5 ein lykkerus, fordi dette er noko eg&hellip;\n","protected":false},"author":2,"featured_media":103398,"comment_status":"","ping_status":"","sticky":false,"template":"","format":"standard","meta":{"footnotes":""},"categories":[10],"tags":[20,21,24,25,15,22,23,13,30,28,29,14,16,26,27],"class_list":{"0":"post-103397","1":"post","2":"type-post","3":"status-publish","4":"format-standard","5":"has-post-thumbnail","7":"category-norge","8":"tag-breaking-news","9":"tag-breakingnews","10":"tag-featured-news","11":"tag-featurednews","12":"tag-headlines","13":"tag-latest-news","14":"tag-latestnews","15":"tag-news","16":"tag-no","17":"tag-norge","18":"tag-norway","19":"tag-nyheter","20":"tag-overskrifter","21":"tag-top-stories","22":"tag-topstories"},"share_on_mastodon":{"url":"https:\/\/pubeurope.com\/@no\/115657027633322974","error":""},"_links":{"self":[{"href":"https:\/\/www.europesays.com\/no\/wp-json\/wp\/v2\/posts\/103397","targetHints":{"allow":["GET"]}}],"collection":[{"href":"https:\/\/www.europesays.com\/no\/wp-json\/wp\/v2\/posts"}],"about":[{"href":"https:\/\/www.europesays.com\/no\/wp-json\/wp\/v2\/types\/post"}],"author":[{"embeddable":true,"href":"https:\/\/www.europesays.com\/no\/wp-json\/wp\/v2\/users\/2"}],"replies":[{"embeddable":true,"href":"https:\/\/www.europesays.com\/no\/wp-json\/wp\/v2\/comments?post=103397"}],"version-history":[{"count":0,"href":"https:\/\/www.europesays.com\/no\/wp-json\/wp\/v2\/posts\/103397\/revisions"}],"wp:featuredmedia":[{"embeddable":true,"href":"https:\/\/www.europesays.com\/no\/wp-json\/wp\/v2\/media\/103398"}],"wp:attachment":[{"href":"https:\/\/www.europesays.com\/no\/wp-json\/wp\/v2\/media?parent=103397"}],"wp:term":[{"taxonomy":"category","embeddable":true,"href":"https:\/\/www.europesays.com\/no\/wp-json\/wp\/v2\/categories?post=103397"},{"taxonomy":"post_tag","embeddable":true,"href":"https:\/\/www.europesays.com\/no\/wp-json\/wp\/v2\/tags?post=103397"}],"curies":[{"name":"wp","href":"https:\/\/api.w.org\/{rel}","templated":true}]}}