{"id":103419,"date":"2025-12-03T18:47:10","date_gmt":"2025-12-03T18:47:10","guid":{"rendered":"https:\/\/www.europesays.com\/no\/103419\/"},"modified":"2025-12-03T18:47:10","modified_gmt":"2025-12-03T18:47:10","slug":"slutten-for-ultratynne-mobiler-iphone-air-endrer-kursen-i-bransjen","status":"publish","type":"post","link":"https:\/\/www.europesays.com\/no\/103419\/","title":{"rendered":"Slutten for ultratynne mobiler? iPhone Air endrer kursen i bransjen"},"content":{"rendered":"<p>Det p\u00e5virker n\u00e5 ikke bare Apple selv, men ogs\u00e5 flere av konkurrentene. If\u00f8lge PhoneArena har iPhone Airs svake mottakelse f\u00e5tt andre produsenter til \u00e5 revurdere hele ideen om supertynne telefoner.<\/p>\n<p>iPhone Air selger d\u00e5rligere enn ventet<\/p>\n<p>Da Apple lanserte iPhone Air tidligere i h\u00f8st, ble den markedsf\u00f8rt som en lett og ekstra slank modell som skulle skille seg fra resten av serien. Men interessen har vist seg \u00e5 v\u00e6re langt lavere enn forventet. Det har f\u00f8rt til at Apple vurderer om modellen i det hele tatt skal videreutvikles.<\/p>\n<p>Samtidig p\u00e5virker resultatene andre akt\u00f8rer i markedet. Flere kinesiske produsenter skal n\u00e5 ha valgt \u00e5 stoppe utviklingen av egne ultratynne modeller. Blant dem nevnes Xiaomi, Vivo og Oppo, som enten har lagt planene p\u00e5 is eller avsluttet dem helt.<\/p>\n<p><strong>Les ogs\u00e5: <\/strong><a href=\"https:\/\/teksiden.no\/mobil\/slik-lader-du-telefonen-riktig-for-a-beskytte-batteriet\/\" rel=\"nofollow noopener\" target=\"_blank\">Slik lader du telefonen riktig for \u00e5 beskytte batteriet<\/a><\/p>\n<p>Kinesiske konkurrenter trekker seg tilbake<\/p>\n<p>Xiaomi var lenge ryktet \u00e5 jobbe med en direkte konkurrent til iPhone Air. Dette prosjektet skal n\u00e5 v\u00e6re skrinlagt etter at salgsdata fra b\u00e5de Apple og andre viste begrenset interesse for slike modeller. Selv om tynne telefoner lenge har v\u00e6rt en trend i bransjen, ser det ut til at kundene n\u00e5 prioriterer batterikapasitet, robusthet og funksjoner fremfor minimale millimeter.<\/p>\n<p>Ogs\u00e5 Samsung opplever svakt salg<\/p>\n<p>Apple var ikke alene om \u00e5 satse p\u00e5 det slanke designet. Samsung lanserte Galaxy S25 Edge noen m\u00e5neder f\u00f8r iPhone Air, og ogs\u00e5 denne modellen har solgt langt mindre enn selskapet h\u00e5pet. Det peker i retning av en bredere trend: ultratynne telefoner er ikke lenger noe folk flest \u00f8nsker \u00e5 kj\u00f8pe. Det skriver <a href=\"https:\/\/meremobil.dk\/2025\/11\/iphone-air-flopper-konkurrenter-dropper-tynde-telefoner\/\" target=\"_blank\" rel=\"noopener nofollow\">meremobil.<\/a><\/p>\n<p>Det samlede bildet tyder p\u00e5 at markedet fortsatt vektlegger praktiske kvaliteter som st\u00f8rre batteri, bedre kameraer og solid konstruksjon, noe sv\u00e6rt tynne modeller har vanskelig for \u00e5 kombinere med.<\/p>\n<p>Rykter om neste steg fra Apple<\/p>\n<p>Samtidig som iPhone Air trekker oppmerksomhet av feil grunner, g\u00e5r det rykter om at Apple jobber med sin f\u00f8rste foldbare modell. Flere rapporter antyder en lansering i september 2026, og telefonen skal etter sigende unng\u00e5 den synlige brette\u00adlinjen som fortsatt preger mange andre foldbare enheter.<\/p>\n<p>Hvis ryktet stemmer, blir det et tydelig signal om at Apple vender blikket mot helt andre formfaktorer enn tynne telefoner.<\/p>\n<p><strong>Les ogs\u00e5: <\/strong><a href=\"https:\/\/teksiden.no\/nyheter\/hvem-skal-lede-apple-etter-tim-cook-et-innblikk-i-jakten-pa-den-neste-toppsjefen\/\" rel=\"nofollow noopener\" target=\"_blank\">Hvem skal lede Apple etter Tim Cook? Et innblikk i jakten p\u00e5 den neste toppsjefen<\/a><\/p>\n","protected":false},"excerpt":{"rendered":"Det p\u00e5virker n\u00e5 ikke bare Apple selv, men ogs\u00e5 flere av konkurrentene. If\u00f8lge PhoneArena har iPhone Airs svake&hellip;\n","protected":false},"author":2,"featured_media":45351,"comment_status":"","ping_status":"","sticky":false,"template":"","format":"standard","meta":{"footnotes":""},"categories":[57],"tags":[30,28,29,65,63,64,66,70,69,67,68],"class_list":{"0":"post-103419","1":"post","2":"type-post","3":"status-publish","4":"format-standard","5":"has-post-thumbnail","7":"category-vitenskap-og-teknologi","8":"tag-no","9":"tag-norge","10":"tag-norway","11":"tag-science","12":"tag-science-and-technology","13":"tag-scienceandtechnology","14":"tag-technology","15":"tag-teknologi","16":"tag-vitenskap","17":"tag-vitenskap-og-teknologi","18":"tag-vitenskapteknologi"},"share_on_mastodon":{"url":"https:\/\/pubeurope.com\/@no\/115657129498443119","error":""},"_links":{"self":[{"href":"https:\/\/www.europesays.com\/no\/wp-json\/wp\/v2\/posts\/103419","targetHints":{"allow":["GET"]}}],"collection":[{"href":"https:\/\/www.europesays.com\/no\/wp-json\/wp\/v2\/posts"}],"about":[{"href":"https:\/\/www.europesays.com\/no\/wp-json\/wp\/v2\/types\/post"}],"author":[{"embeddable":true,"href":"https:\/\/www.europesays.com\/no\/wp-json\/wp\/v2\/users\/2"}],"replies":[{"embeddable":true,"href":"https:\/\/www.europesays.com\/no\/wp-json\/wp\/v2\/comments?post=103419"}],"version-history":[{"count":0,"href":"https:\/\/www.europesays.com\/no\/wp-json\/wp\/v2\/posts\/103419\/revisions"}],"wp:featuredmedia":[{"embeddable":true,"href":"https:\/\/www.europesays.com\/no\/wp-json\/wp\/v2\/media\/45351"}],"wp:attachment":[{"href":"https:\/\/www.europesays.com\/no\/wp-json\/wp\/v2\/media?parent=103419"}],"wp:term":[{"taxonomy":"category","embeddable":true,"href":"https:\/\/www.europesays.com\/no\/wp-json\/wp\/v2\/categories?post=103419"},{"taxonomy":"post_tag","embeddable":true,"href":"https:\/\/www.europesays.com\/no\/wp-json\/wp\/v2\/tags?post=103419"}],"curies":[{"name":"wp","href":"https:\/\/api.w.org\/{rel}","templated":true}]}}