{"id":103420,"date":"2025-12-03T18:54:08","date_gmt":"2025-12-03T18:54:08","guid":{"rendered":"https:\/\/www.europesays.com\/no\/103420\/"},"modified":"2025-12-03T18:54:08","modified_gmt":"2025-12-03T18:54:08","slug":"12-millioner-ar-gammelt-kjempefossil-avslorer-anakondaen-har-beholdt-sin-imponerende-storrelse-i-12-millioner-ar","status":"publish","type":"post","link":"https:\/\/www.europesays.com\/no\/103420\/","title":{"rendered":"12 millioner \u00e5r gammelt kjempefossil avsl\u00f8rer: Anakondaen har beholdt sin imponerende st\u00f8rrelse i 12 millioner \u00e5r"},"content":{"rendered":"<p>Dyrenes st\u00f8rrelse har endret seg betydelig gjennom jordens historie.<\/p>\n<p>Etter hvert som klimaet ble varmere og store deler av landskapet ble fylt med vann, vokste mange dyr seg gigantiske. Etter hvert som temperaturen sank, ble de mindre.<\/p>\n<p>Dette var tydelig i miocen-perioden for mer enn 12 millioner \u00e5r siden. Den gang var S\u00f8r-Amerika hjemsted for kjempekrokodiller, enorme skilpadder og pattedyr som var s\u00e5 store at de ville f\u00e5tt dagens dyr til \u00e5 se ut som miniatyrversjoner.<\/p>\n<p>Midt i denne verdenen levde de tidlige <a href=\"https:\/\/illvit.no\/dyr\/slanger\/anakonda-verdens-storste-slange\" class=\"hover:font-bold\" rel=\"nofollow noopener\" target=\"_blank\">anakondaene<\/a> \u2013 og lenge har forskerne hatt en klar id\u00e9 om hvilken st\u00f8rrelse slangene n\u00e5dde den gang.<\/p>\n<p>Men nye fossile funn fra Venezuela tegner et helt annet bilde.<\/p>\n","protected":false},"excerpt":{"rendered":"Dyrenes st\u00f8rrelse har endret seg betydelig gjennom jordens historie. Etter hvert som klimaet ble varmere og store deler&hellip;\n","protected":false},"author":2,"featured_media":103421,"comment_status":"","ping_status":"","sticky":false,"template":"","format":"standard","meta":{"footnotes":""},"categories":[57],"tags":[30,28,29,65,63,64,66,70,69,67,68],"class_list":{"0":"post-103420","1":"post","2":"type-post","3":"status-publish","4":"format-standard","5":"has-post-thumbnail","7":"category-vitenskap-og-teknologi","8":"tag-no","9":"tag-norge","10":"tag-norway","11":"tag-science","12":"tag-science-and-technology","13":"tag-scienceandtechnology","14":"tag-technology","15":"tag-teknologi","16":"tag-vitenskap","17":"tag-vitenskap-og-teknologi","18":"tag-vitenskapteknologi"},"share_on_mastodon":{"url":"https:\/\/pubeurope.com\/@no\/115657157017416136","error":""},"_links":{"self":[{"href":"https:\/\/www.europesays.com\/no\/wp-json\/wp\/v2\/posts\/103420","targetHints":{"allow":["GET"]}}],"collection":[{"href":"https:\/\/www.europesays.com\/no\/wp-json\/wp\/v2\/posts"}],"about":[{"href":"https:\/\/www.europesays.com\/no\/wp-json\/wp\/v2\/types\/post"}],"author":[{"embeddable":true,"href":"https:\/\/www.europesays.com\/no\/wp-json\/wp\/v2\/users\/2"}],"replies":[{"embeddable":true,"href":"https:\/\/www.europesays.com\/no\/wp-json\/wp\/v2\/comments?post=103420"}],"version-history":[{"count":0,"href":"https:\/\/www.europesays.com\/no\/wp-json\/wp\/v2\/posts\/103420\/revisions"}],"wp:featuredmedia":[{"embeddable":true,"href":"https:\/\/www.europesays.com\/no\/wp-json\/wp\/v2\/media\/103421"}],"wp:attachment":[{"href":"https:\/\/www.europesays.com\/no\/wp-json\/wp\/v2\/media?parent=103420"}],"wp:term":[{"taxonomy":"category","embeddable":true,"href":"https:\/\/www.europesays.com\/no\/wp-json\/wp\/v2\/categories?post=103420"},{"taxonomy":"post_tag","embeddable":true,"href":"https:\/\/www.europesays.com\/no\/wp-json\/wp\/v2\/tags?post=103420"}],"curies":[{"name":"wp","href":"https:\/\/api.w.org\/{rel}","templated":true}]}}