{"id":103424,"date":"2025-12-03T19:06:21","date_gmt":"2025-12-03T19:06:21","guid":{"rendered":"https:\/\/www.europesays.com\/no\/103424\/"},"modified":"2025-12-03T19:06:21","modified_gmt":"2025-12-03T19:06:21","slug":"aldri-sett-for-nye-bilder-fra-epstein-oya","status":"publish","type":"post","link":"https:\/\/www.europesays.com\/no\/103424\/","title":{"rendered":"Aldri sett f\u00f8r: Nye bilder fra Epstein-\u00f8ya"},"content":{"rendered":"<p>  Russland virker \u00e5 v\u00e6re p\u00e5 vei tilbake i langrennssirkuset. Det er d\u00e5rlig nytt for de norske ut\u00f8verne, mener ekspert.<\/p>\n<p>\n    IKKE MED: Veronika Stepanova kan glemme OL neste \u00e5r, mener langrennsekspert Petter Skinstad. Foto: Marius Simensen \/ Bildbyr\u00e5n\n  <\/p>\n<p>Idrettens voldgiftsrett (CAS) kunngjorde tirsdag at Russland og Belarus <a href=\"https:\/\/www.dagbladet.no\/sport\/russland-fikk-ol-ja\/83921568\" target=\"_blank\" rel=\"nofollow noopener\">vant fram med sin anke<\/a>. Dermed f\u00e5r ut\u00f8verne likevel delta i vinter-OL og Paralympics i Italia som n\u00f8ytrale.<\/p>\n<p>Vedtaket bygger p\u00e5 FIS\u2019 nylige beslutning om fortsatt utestengelse fra vanlige konkurranser.<\/p>\n<p>    <a itemprop=\"url\" href=\"https:\/\/www.dagbladet.no\/sport\/merkelig-a-se\/83920999\" rel=\"nofollow noopener\" target=\"_blank\"><\/p>\n<p>      <img loading=\"lazy\" decoding=\"async\" src=\"https:\/\/www.europesays.com\/no\/wp-content\/uploads\/2025\/12\/83926189.webp\" width=\"147\" height=\"98\" title=\"- Merkelig \u00e5 se\" alt=\"\" class=\"lazyload\" style=\"--aspect-ratio-image: 1.50; \"\/><\/p>\n<p>        &#8211; Merkelig \u00e5 se<\/p>\n<p>    <\/a><\/p>\n<p>17 ut\u00f8vere fra Russland og Belarus var nevnt i anken som ut\u00f8vere som potensielt kan f\u00e5 stille til konkurranse: Tolv fra Russland og fem fra Belarus. Men av disse er bare \u00e9n langrennsl\u00f8per:<\/p>\n<p>  Saveliy Korostelev (22).<\/p>\n<p>Men hvem er egentlig denne 22-\u00e5ringen? TV 2s langrennsekspert Petter Skinstad kjenner godt til den unge russeren.<\/p>\n<p class=\"font-weight-bold m-font-weight-bold\" data-lab-font_weight=\"font-weight-bold\">&#8211; Det er en veldig god ut\u00f8ver som har v\u00e6rt i verdenstoppen som junior. Han er s\u00f8nn av\u00a0Nataliya Korosteleva, forteller Skinstad til Dagbladet.<\/p>\n<p>          <img loading=\"lazy\" decoding=\"async\" src=\"https:\/\/www.europesays.com\/no\/wp-content\/uploads\/2025\/12\/83929407.webp\" width=\"686\" height=\"392\" title=\"KAN BLI TATT UT: Saveliy Korostelev er blant Russlands skil\u00f8pere som kan f\u00e5 komme til OL. Foto: Terje Pedersen\/NTB\" alt=\"\" class=\"\" style=\"--aspect-ratio-image: 1.75; \"\/><\/p>\n<p>\n          KAN BLI TATT UT: Saveliy Korostelev er blant Russlands skil\u00f8pere som kan f\u00e5 komme til OL. Foto: Terje Pedersen\/NTB\n      <\/p>\n<p> Natalja Korosteleva (44)\u00a0har tidligere g\u00e5tt i VM og verdenscupen for Russland &#8211; og konkurrerte mot blant andre Marit Bj\u00f8rgen.<\/p>\n<p>&#8211; S\u00e5 han (Korostelev) har b\u00e5de gode gener og resultater \u00e5 vise til, og kan levere p\u00e5 et h\u00f8yt niv\u00e5 i verdenscup. Men at han er s\u00e5 god at han kan kjempe om seier i OL, det tror jeg ikke, sier Skinstad &#8211; og legger til:<\/p>\n<p>&#8211; Jeg tror ikke han er like god som de norske.<\/p>\n<p> Dagbladet har tidligere intervjuet\u00a0Korostelev. Les saken under: <\/p>\n<p>    <a itemprop=\"url\" href=\"https:\/\/www.dagbladet.no\/sport\/sonnen-sjokkerer-advarer-norge-1\/79032648\" rel=\"nofollow noopener\" target=\"_blank\"><\/p>\n<p>      <img loading=\"lazy\" decoding=\"async\" src=\"https:\/\/www.europesays.com\/no\/wp-content\/uploads\/2025\/12\/79064248.webp\" width=\"147\" height=\"100\" title=\"S\u00f8nnen sjokkerer: Advarer Norge\" alt=\"\" class=\"lazyload\" style=\"--aspect-ratio-image: 1.47; \"\/><\/p>\n<p>        S\u00f8nnen sjokkerer: Advarer Norge<\/p>\n<p>    <\/a><\/p>\n<p>    Fakta: De 17 ut\u00f8verne<\/p>\n<p>Ut\u00f8verne som er nevnt i anken er disse:<\/p>\n<p>Russland: Savelij Korostelev, Lana Prusakova, Maria Travinitsjeva, Artjom Galunin, Jekaterina Tkatsjenko, Danil Sadrejev, Aleksej Bugahev, Varvara Vorontsjikhina, Anastasija Bagagijn, Ivan Golubkov, Polina Novakovskija, Mikhail Slinkin.<\/p>\n<p>Belarus: Hanna Huskova, Anna Derugo, Anastasija Andrijanava, Ihar Drabiankou, Uladzislau Vaznjuk.<\/p>\n<p>      Vis mer<br \/>\n      Vis mindre<\/p>\n<p>Dermed virker det som at Johannes H\u00f8sflot Kl\u00e6bo og resten av de norske l\u00f8perne i utgangspunktet kan puste lettet ut.<\/p>\n<p class=\"font-weight-bold m-font-weight-bold\" data-lab-font_weight=\"font-weight-bold\">Men:<\/p>\n<p>Skinstad kommer likevel med et skremmeskudd: Flere russiske ut\u00f8vere kan nemlig s\u00f8ke om OL-billett.<\/p>\n<p class=\"font-weight-bold m-font-weight-bold\" data-lab-font_weight=\"font-weight-bold\">&#8211; Korostelev og andre russiske ut\u00f8vere vil ikke bare v\u00e6re en sportslig trussel, de vil ogs\u00e5 v\u00e6re en energilekkasje av dimensjoner, sier Skinstad.<\/p>\n<p class=\"font-weight-normal m-font-weight-normal italic m-italic\" data-lab-font_weight=\"font-weight-normal\" data-lab-italic=\"italic\">&#8211; P\u00e5 hvilken m\u00e5te?<\/p>\n<p>&#8211; Du kan jo tenke deg: Hva kommer pressen til \u00e5 sp\u00f8rre Kl\u00e6bo og de andre om p\u00e5 Gran\u00e5sen til helgen? Jeg tror ikke det er hvordan treningsuka har v\u00e6rt. Jeg er veldig innstilt p\u00e5 at dette kommer til \u00e5 bli forstyrrende for de norske.<\/p>\n<p>          <img loading=\"lazy\" decoding=\"async\" src=\"https:\/\/www.europesays.com\/no\/wp-content\/uploads\/2025\/12\/83929818.webp\" width=\"686\" height=\"392\" title=\"EKSPERT: TV 2s langrennskjenner Petter Skinstad. Foto: Jan-Petter Dahl \/ TV 2 \/ NTB\" alt=\"\" class=\"\" style=\"--aspect-ratio-image: 1.75; \"\/><\/p>\n<p>\n          EKSPERT: TV 2s langrennskjenner Petter Skinstad. Foto: Jan-Petter Dahl \/ TV 2 \/ NTB\n      <\/p>\n<p>Han mener at russiske skistjerner som\u00a0Aleksandr Bolsjunov eller\u00a0Veronika Stepanova kan se langt etter OL-deltakelse. De to har begge uttrykt st\u00f8tte til president Vladimir Putin, og begge har blitt knyttet til pro\u2011krigsposisjoner i forbindelse med Russlands invasjon av Ukraina.<\/p>\n<p>&#8211; De kan bare glemme OL, s\u00e5fremt ikke FIS-utvalget som skal vurdere dette er blinde, korrupte eller direkte dumme, sier Skinstad.<\/p>\n<p>    <a itemprop=\"url\" href=\"https:\/\/www.dagbladet.no\/sport\/russland-jubler\/83927171\" rel=\"nofollow noopener\" target=\"_blank\"><\/p>\n<p>      <img loading=\"lazy\" decoding=\"async\" src=\"https:\/\/www.europesays.com\/no\/wp-content\/uploads\/2025\/12\/83927904.webp\" width=\"147\" height=\"98\" title=\"Russland jubler\" alt=\"\" class=\"lazyload\" style=\"--aspect-ratio-image: 1.50; \"\/><\/p>\n<p>        Russland jubler<\/p>\n<p>    <\/a><\/p>\n<p>Trolig er det andre, mindre kjente russiske langrennsl\u00f8pere, som kan f\u00e5 gr\u00f8nt lys.<\/p>\n<p>&#8211; P\u00e5 generelt grunnlag er det unge l\u00f8pere som nordmenn flest ikke kjenner til, og som vi aldri har sett i verdenscupen. Det vil si l\u00f8pere som var junior p\u00e5 det tidspunktet som Russland invaderte Ukraina. Ut\u00f8vere som hadde gode resultater i junior-VM. Det er nok mest aktuelt, forklarer TV 2-eksperten.<\/p>\n<p>Han trekker fram navn som:<\/p>\n<ul>\n<li class=\"lab-bodytext-line\">Sergej Volkov (24)<\/li>\n<li class=\"lab-bodytext-line\"> Daria Neprjajeva (23)<\/li>\n<\/ul>\n<p>          <img loading=\"lazy\" decoding=\"async\" src=\"https:\/\/www.europesays.com\/no\/wp-content\/uploads\/2025\/12\/83929551.webp\" width=\"686\" height=\"577\" title=\"KAN STILLE TIL START: Russiske Sergej Volkov er blant de russiske ut\u00f8verne som kan f\u00e5 OL-billett. Foto: woltchara \/ Instagram\" alt=\"\" class=\"\" style=\"--aspect-ratio-image: 1.19; \"\/><\/p>\n<p>\n          KAN STILLE TIL START: Russiske Sergej Volkov er blant de russiske ut\u00f8verne som kan f\u00e5 OL-billett. Foto: woltchara \/ Instagram\n      <\/p>\n<p>          <img loading=\"lazy\" decoding=\"async\" src=\"https:\/\/www.europesays.com\/no\/wp-content\/uploads\/2025\/12\/83935460.webp\" width=\"686\" height=\"645\" title=\"TIL OL?: Daria Neprjajeva kan komme komme tilbake til langrennssirkuset, sp\u00e5r TV 2-ekspert Petter Skinstad. Foto: dnepryaeva \/ Instagram\" alt=\"\" class=\"\" style=\"--aspect-ratio-image: 1.06; \"\/><\/p>\n<p>\n          TIL OL?: Daria Neprjajeva kan komme komme tilbake til langrennssirkuset, sp\u00e5r TV 2-ekspert Petter Skinstad. Foto: dnepryaeva \/ Instagram\n      <\/p>\n<p>&#8211; Det er l\u00f8pere som tidligere ikke har prestert noe i internasjonale mesterskap, og dermed ikke har f\u00e5tt ulike grader av bonuser fra Putin og gjengen, sier Skinstad.<\/p>\n<p>Han legger til:<\/p>\n<p>&#8211; Men, s\u00e5nn jeg tolker kommunikasjonen fra FIS, s\u00e5 kan alle som vil s\u00f8ke om \u00e5 f\u00e5 delta i OL, b\u00e5de ut\u00f8vere og st\u00f8tteapparat, f\u00e5 lov til det.<\/p>\n<p>Toppene i norsk skisport har v\u00e6rt krystallklare p\u00e5 at Russland ikke b\u00f8r inviteres inn i det gode selskap igjen.<\/p>\n<p>&#8211; Vi er ikke overrasket over beslutningen i CAS, men er naturligvis skuffet over at dette ble konklusjonen. Norges syn i denne saken st\u00e5r fast, men sammen med de andre medlemsnasjonene i FIS m\u00e5 vi naturligvis forholde oss til dette, sier skipresident Tove Moe Dyrhaug.<\/p>\n<p>    <a itemprop=\"url\" href=\"https:\/\/www.dagbladet.no\/sport\/russland-fikk-ol-ja\/83921568\" rel=\"nofollow noopener\" target=\"_blank\"><\/p>\n<p>      <img loading=\"lazy\" decoding=\"async\" src=\"https:\/\/www.europesays.com\/no\/wp-content\/uploads\/2025\/12\/83926979.webp\" width=\"147\" height=\"98\" title=\"Russland fikk OL-ja\" alt=\"\" class=\"lazyload\" style=\"--aspect-ratio-image: 1.50; \"\/><\/p>\n<p>        Russland fikk OL-ja<\/p>\n<p>    <\/a><\/p>\n","protected":false},"excerpt":{"rendered":"Russland virker \u00e5 v\u00e6re p\u00e5 vei tilbake i langrennssirkuset. Det er d\u00e5rlig nytt for de norske ut\u00f8verne, mener&hellip;\n","protected":false},"author":2,"featured_media":103425,"comment_status":"","ping_status":"","sticky":false,"template":"","format":"standard","meta":{"footnotes":""},"categories":[5],"tags":[20,21,24,25,15,19,22,23,17,18,13,30,28,29,14,16,26,27,412],"class_list":{"0":"post-103424","1":"post","2":"type-post","3":"status-publish","4":"format-standard","5":"has-post-thumbnail","7":"category-overskrifter","8":"tag-breaking-news","9":"tag-breakingnews","10":"tag-featured-news","11":"tag-featurednews","12":"tag-headlines","13":"tag-hovedoppslag","14":"tag-latest-news","15":"tag-latestnews","16":"tag-main-news","17":"tag-mainnews","18":"tag-news","19":"tag-no","20":"tag-norge","21":"tag-norway","22":"tag-nyheter","23":"tag-overskrifter","24":"tag-top-stories","25":"tag-topstories","26":"tag-utenriks"},"share_on_mastodon":{"url":"https:\/\/pubeurope.com\/@no\/115657204548350233","error":""},"_links":{"self":[{"href":"https:\/\/www.europesays.com\/no\/wp-json\/wp\/v2\/posts\/103424","targetHints":{"allow":["GET"]}}],"collection":[{"href":"https:\/\/www.europesays.com\/no\/wp-json\/wp\/v2\/posts"}],"about":[{"href":"https:\/\/www.europesays.com\/no\/wp-json\/wp\/v2\/types\/post"}],"author":[{"embeddable":true,"href":"https:\/\/www.europesays.com\/no\/wp-json\/wp\/v2\/users\/2"}],"replies":[{"embeddable":true,"href":"https:\/\/www.europesays.com\/no\/wp-json\/wp\/v2\/comments?post=103424"}],"version-history":[{"count":0,"href":"https:\/\/www.europesays.com\/no\/wp-json\/wp\/v2\/posts\/103424\/revisions"}],"wp:featuredmedia":[{"embeddable":true,"href":"https:\/\/www.europesays.com\/no\/wp-json\/wp\/v2\/media\/103425"}],"wp:attachment":[{"href":"https:\/\/www.europesays.com\/no\/wp-json\/wp\/v2\/media?parent=103424"}],"wp:term":[{"taxonomy":"category","embeddable":true,"href":"https:\/\/www.europesays.com\/no\/wp-json\/wp\/v2\/categories?post=103424"},{"taxonomy":"post_tag","embeddable":true,"href":"https:\/\/www.europesays.com\/no\/wp-json\/wp\/v2\/tags?post=103424"}],"curies":[{"name":"wp","href":"https:\/\/api.w.org\/{rel}","templated":true}]}}