{"id":103426,"date":"2025-12-03T19:13:08","date_gmt":"2025-12-03T19:13:08","guid":{"rendered":"https:\/\/www.europesays.com\/no\/103426\/"},"modified":"2025-12-03T19:13:08","modified_gmt":"2025-12-03T19:13:08","slug":"et-langt-steg-mot-ol-nrk-sport-sportsnyheter-resultater-og-sendeplan-2","status":"publish","type":"post","link":"https:\/\/www.europesays.com\/no\/103426\/","title":{"rendered":"\u2013 Et langt steg mot OL \u2013 NRK Sport \u2013 Sportsnyheter, resultater og sendeplan"},"content":{"rendered":"<p>Johan-Olav Botn knuste konkurrentene p\u00e5 onsdagens normaldistanse i svenske \u00d6stersund.<\/p>\n<p>Det var rekruttl\u00f8perens f\u00f8rste verdenscupseier.<\/p>\n<p>Skiskytteren gikk i m\u00e5l hele 57,7 sekunder foran Martin Uldal, som tok andreplassen.<\/p>\n<p>Etterp\u00e5 ventet en hilsen fra kj\u00e6resten og landslagsl\u00f8per i langrenn, Karoline Simpson-Larsen, som fulgte med hjemmefra.<\/p>\n<p><strong>\u2013 Hei Johan, jeg vil bare hilse hjemmefra og si \u00abgratulerer s\u00e5 mye med verdenscupseier\u00bb. Det er helt sjukt. Jeg skjelver enda og har gr\u00e5tt som bare det. sier hun i en videohilsen sendt via NRK.<\/strong><\/p>\n<p>Simpson-Larsen legger til at hun synes seieren er veldig fortjent, f\u00f8r hun avslutter med \u00e5 si:<\/p>\n<p>\u2013 Jeg er kjempeglad i deg, savner deg veldig veldig masse. Du m\u00e5 bare nyte dagen i dag, s\u00e5 snakkes vi.<\/p>\n<p><img decoding=\"async\"   src=\"data:image\/gif;base64,R0lGODlhAQABAIAAAAAAAP\/\/\/yH5BAEAAAAALAAAAAABAAEAAAIBRAA7\" loading=\"eager\" alt=\"To ut\u00f8vere i skikl\u00e6r st\u00e5r p\u00e5 en sn\u00f8dekt plass, en holder ski. Det er biler i bakgrunnen.\" title=\"Foto: Terje Pedersen \/ NTB\"\/><\/p>\n<p class=\"\">VINTER-PAR: Karoline Simpson-Larsen er aktiv langrennsl\u00f8per.<\/p>\n<p>Foto: Terje Pedersen \/ NTB<\/p>\n<p>F\u00e5 dager sammen<\/p>\n<p>Da Botn f\u00e5r se videoen, kommer smilet frem.<\/p>\n<p><strong>\u2013 Det betyr mye. Det betyr mye for de ogs\u00e5, og da blir det litt ekstra spesielt \u00e5 se.<\/strong><\/p>\n<p>Begge de to ut\u00f8verne har levert godt hittil denne sesongen, noe som ogs\u00e5 gj\u00f8r at de ikke f\u00e5r altfor mye tid sammen.<\/p>\n<p>Botn regner seg frem til at de ser hverandre rundt 26 dager fra august i \u00e5r og frem til OL neste \u00e5r. Han h\u00e5per de f\u00e5r sett hverandre i jula.<\/p>\n<p><strong>\u2013 Litt spesielt, men s\u00e5 er det det man dr\u00f8mmer om ogs\u00e5, s\u00e5 det er litt ambivalent, forteller Botn.<\/strong><\/p>\n<p>\u2013 Ikke menneskelig<\/p>\n<p>Botn g\u00e5r p\u00e5 rekruttlaget, som er niv\u00e5et under elitelandslaget.<\/p>\n<p>26-\u00e5ringen vant sprinten under sesongstarten p\u00e5 Geilo og ble dermed tatt ut til verdenscupen.<\/p>\n<p><strong>\u2013 Botn er en maskin. Han er ikke menneskelig. Han sa han hadde litt s\u00e5r hals og har v\u00e6rt p\u00e5 rommet, men s\u00e5 klinker han til med 20 treff og g\u00e5r raskest, s\u00e5 hva den mannen er laget av er vanskelig \u00e5 si.<\/strong><\/p>\n<p>Det sier Sturla Holm L\u00e6greid om lagkamerat Johan-Olav Botn.<\/p>\n<p><strong>\u2013 Jeg trodde sesongen kom til \u00e5 ryke og var helt nedfor, men s\u00e5 kom jeg meg til start, sier Botn til NRK etter m\u00e5lgang.<\/strong><\/p>\n<p><img decoding=\"async\"   src=\"data:image\/gif;base64,R0lGODlhAQABAIAAAAAAAP\/\/\/yH5BAEAAAAALAAAAAABAAEAAAIBRAA7\" loading=\"eager\" alt=\"\" title=\"Foto: HANNA BRUNLOF \/ AFP \/ NTB\"\/><\/p>\n<p class=\"\">SEIERSBR\u00d8L: Johan-Olav Botn kan b\u00e5de smile og juble for onsdagens seier.<\/p>\n<p>Foto: HANNA BRUNLOF \/ AFP \/ NTB<\/p>\n<p>Botn fortalte f\u00f8r rennet at han var litt sm\u00e5sjuk, og at han derfor har brukt munnbind og isolert seg fra resten av laget.<\/p>\n<p>Det viste seg \u00e5 ikke v\u00e6re en hindring.<\/p>\n<p>\u2013 N\u00e5 f\u00f8ler jeg meg helt r\u00e5, sier han etter at seieren var i boks.<\/p>\n<p>26-\u00e5ringen forteller at det var litt usikkert om han skulle g\u00e5 onsdagens renn.<\/p>\n<p>\u2013 Men s\u00e5 klarte jeg \u00e5 overtale de riktige folkene, sier han videre.<\/p>\n<p>Roses<\/p>\n<p>Vetle Sj\u00e5stad Christiansen forteller at de bare har ventet p\u00e5 en Botn-seier.<\/p>\n<p><strong>\u2013 Han er jo et fysisk monster. Nesten litt s\u00e5nn Frankenstein over han, hvis du har sett den nye versjonen av den.<\/strong><\/p>\n<p>Sj\u00e5stad Christiansen ble selv nummer 17.<\/p>\n<p>\u2013 Det var sjukt fortjent det han gj\u00f8r i dag. Han har v\u00e6rt blant verdens beste skiskyttere i flere \u00e5r, det er bare s\u00e5nn Norge har v\u00e6rt s\u00e5 har han ikke f\u00e5tt muligheten, sier lagkamerat Sivert Guttorm Bakken.<\/p>\n<p><img decoding=\"async\"   src=\"data:image\/gif;base64,R0lGODlhAQABAIAAAAAAAP\/\/\/yH5BAEAAAAALAAAAAABAAEAAAIBRAA7\" loading=\"eager\" alt=\"Norges skiskyttere feirer at Johan-Olav Botn gikk til topps i \u00d6stersund, Sverige.\" title=\"Foto: Hanne Skjellum \/ NRK\"\/><\/p>\n<p class=\"\">FEIRET SEIEREN: Lagkameratene kunne juble for en god norsk dag i Sverige.<\/p>\n<p>Foto: Hanne Skjellum \/ NRK<\/p>\n<p>\u2013 N\u00e5 f\u00e5r han betalt<\/p>\n<p>Botn f\u00e5r ogs\u00e5 ros fra lagkamerat Endre Str\u00f8msheim, som selv skuffet, bommet fire ganger og endte p\u00e5 en 58. plass \u2013 seks minutter bak Botn.<\/p>\n<p><strong>\u2013 Han har st\u00e5tt i det og er helt ekstrem n\u00e5r det gjelder treningsarbeid. Han har v\u00e6rt utrolig god i mange \u00e5r og n\u00e5 f\u00e5r han betalt. Det er bare helt ekstremt fortjent, sier Str\u00f8msheim til NRK.<\/strong><\/p>\n<p>Botn er ydmyk n\u00e5r han f\u00e5r h\u00f8re lovordene.<\/p>\n<p>\u2013 N\u00e5r Endre sier det, s\u00e5 blir jeg jo veldig r\u00f8rt. N\u00e5r han sier s\u00e5nne ting, s\u00e5 mener han det, svarer Botn.<\/p>\n<p>Han utdyper:<\/p>\n<p><strong>\u2013 Det setter ting litt i perspektiv for min del ogs\u00e5. Jeg m\u00e5 slutte \u00e5 snakke f\u00f8r jeg begynner \u00e5 grine.<\/strong><\/p>\n<p>Viktig for OL<\/p>\n<p>Norge har fire plasser p\u00e5 OL-distansene, men kan ogs\u00e5 ha med seg to reserver til lekene i Anterselva.<\/p>\n<p>Normaldistansen er en av distansene i Italia.<\/p>\n<p>\u2013 Det gjelder \u00e5 banke inn et godt resultat n\u00e5, for det vil v\u00e6re et langt steg mot OL, sa NRK-kommentator Torgeir Bj\u00f8rn underveis i l\u00f8pet.<\/p>\n<p>Botn ledet ut fra andre skyting og s\u00e5 seg aldri tilbake.<\/p>\n<p><strong>\u2013 God tur til OL og denne \u00f8velsen. Det er helt enormt, det Johan-Olav Botn gj\u00f8r her! kommenterte NRK-ekspert Torgeir Bj\u00f8rn da Botn krysset m\u00e5lstreken.<\/strong><\/p>\n<p><img decoding=\"async\"   src=\"data:image\/gif;base64,R0lGODlhAQABAIAAAAAAAP\/\/\/yH5BAEAAAAALAAAAAABAAEAAAIBRAA7\" loading=\"eager\" alt=\"\" title=\"Foto: Hanna Brunl\u00f6f \/ TT \/ TT \/ NTB\"\/><\/p>\n<p class=\"\">VANT: Johan-Olav Botn var suveren p\u00e5 standplass \u2013 og i l\u00f8ypa.<\/p>\n<p>Foto: Hanna Brunl\u00f6f \/ TT \/ TT \/ NTB<\/p>\n<p>Fire norske topp fem<\/p>\n<p>Sebastian Samuelsson tok tredjeplassen, minuttet bak Botn. Svensken hadde \u00e9n bom.<\/p>\n<p><strong>\u2013 Johan-Olav Botn er i ferd med \u00e5 kunne f\u00e5 sitt store gjennombrudd her, kommenterte Bj\u00f8rn underveis i rennet.<\/strong><\/p>\n<p>Guttorm Bakken og Sturla Holm L\u00e6greid sikret at det ble fire p\u00e5 de fem \u00f8verste plassene, men begge hadde \u00e9n bom hver.<\/p>\n<p>Guttorm Bakken er tilbake etter lang tid ute.<\/p>\n<p>Han fikk hjertebetennelse etter koronavaksine i 2022 og har ikke konkurrert i verdenscupen p\u00e5 over tre \u00e5r og \u00e5tte m\u00e5neder.<\/p>\n<p>\u2013 Det er kjempekult at vi f\u00e5r det til fra start, s\u00e5 det ikke blir sp\u00f8rsm\u00e5l om at vi trenger B\u00f8. Vi klarer oss fint forel\u00f8pig, hvert fall, sier Botn om den totale norske innsatsen.<\/p>\n<p><img decoding=\"async\"   src=\"data:image\/gif;base64,R0lGODlhAQABAIAAAAAAAP\/\/\/yH5BAEAAAAALAAAAAABAAEAAAIBRAA7\" loading=\"eager\" alt=\"En skiskytter krysser m\u00e5lstreken med armene hevet i seiersgest. Ut\u00f8veren har p\u00e5 seg en konkurransedrakt med norske farger. Bakgrunnen viser sn\u00f8dekte forhold og deltakelse i et vintersportsarrangement. Arrangementet har merkevarer synlig i omgivelsene.\" title=\"Foto: HANNA BRUNLOF \/ AFP \/ NTB\"\/><\/p>\n<p class=\"\">GOD NUMMER TO: Martin Uldal gikk i m\u00e5l 57,7 sekunder bak Botn.<\/p>\n<p>Foto: HANNA BRUNLOF \/ AFP \/ NTB<\/p>\n<p>Publisert<\/p>\n<p>03.12.2025, kl. 16.53<\/p>\n<p>Oppdatert<\/p>\n<p>03.12.2025, kl. 19.40<\/p>\n","protected":false},"excerpt":{"rendered":"Johan-Olav Botn knuste konkurrentene p\u00e5 onsdagens normaldistanse i svenske \u00d6stersund. Det var rekruttl\u00f8perens f\u00f8rste verdenscupseier. Skiskytteren gikk i&hellip;\n","protected":false},"author":2,"featured_media":103427,"comment_status":"","ping_status":"","sticky":false,"template":"","format":"standard","meta":{"footnotes":""},"categories":[5],"tags":[20,21,24,25,15,19,22,23,17,18,13,30,28,29,14,16,26,27],"class_list":{"0":"post-103426","1":"post","2":"type-post","3":"status-publish","4":"format-standard","5":"has-post-thumbnail","7":"category-overskrifter","8":"tag-breaking-news","9":"tag-breakingnews","10":"tag-featured-news","11":"tag-featurednews","12":"tag-headlines","13":"tag-hovedoppslag","14":"tag-latest-news","15":"tag-latestnews","16":"tag-main-news","17":"tag-mainnews","18":"tag-news","19":"tag-no","20":"tag-norge","21":"tag-norway","22":"tag-nyheter","23":"tag-overskrifter","24":"tag-top-stories","25":"tag-topstories"},"share_on_mastodon":{"url":"https:\/\/pubeurope.com\/@no\/115657231752434679","error":""},"_links":{"self":[{"href":"https:\/\/www.europesays.com\/no\/wp-json\/wp\/v2\/posts\/103426","targetHints":{"allow":["GET"]}}],"collection":[{"href":"https:\/\/www.europesays.com\/no\/wp-json\/wp\/v2\/posts"}],"about":[{"href":"https:\/\/www.europesays.com\/no\/wp-json\/wp\/v2\/types\/post"}],"author":[{"embeddable":true,"href":"https:\/\/www.europesays.com\/no\/wp-json\/wp\/v2\/users\/2"}],"replies":[{"embeddable":true,"href":"https:\/\/www.europesays.com\/no\/wp-json\/wp\/v2\/comments?post=103426"}],"version-history":[{"count":0,"href":"https:\/\/www.europesays.com\/no\/wp-json\/wp\/v2\/posts\/103426\/revisions"}],"wp:featuredmedia":[{"embeddable":true,"href":"https:\/\/www.europesays.com\/no\/wp-json\/wp\/v2\/media\/103427"}],"wp:attachment":[{"href":"https:\/\/www.europesays.com\/no\/wp-json\/wp\/v2\/media?parent=103426"}],"wp:term":[{"taxonomy":"category","embeddable":true,"href":"https:\/\/www.europesays.com\/no\/wp-json\/wp\/v2\/categories?post=103426"},{"taxonomy":"post_tag","embeddable":true,"href":"https:\/\/www.europesays.com\/no\/wp-json\/wp\/v2\/tags?post=103426"}],"curies":[{"name":"wp","href":"https:\/\/api.w.org\/{rel}","templated":true}]}}