{"id":103437,"date":"2025-12-03T19:32:21","date_gmt":"2025-12-03T19:32:21","guid":{"rendered":"https:\/\/www.europesays.com\/no\/103437\/"},"modified":"2025-12-03T19:32:21","modified_gmt":"2025-12-03T19:32:21","slug":"sony-playstation-vr2-er-onsdagens-beste-kjop","status":"publish","type":"post","link":"https:\/\/www.europesays.com\/no\/103437\/","title":{"rendered":"Sony PlayStation VR2 er onsdagens beste kj\u00f8p"},"content":{"rendered":"\n<p>Mens vi skrev saken, ble faktisk Sony PlayStation VR2 utsolgt hos OBS, som hadde lavest pris.<\/p>\n<p>Men det er fortsatt rekordbillig hos Proshop til bare 54 kroner mer.<\/p>\n<p><a href=\"https:\/\/www.prisjakt.no\/go-to-shop\/16091\/offer\/3120480?client_id=1331&amp;pjt=1764765347&amp;pjh=ea57f42e4b&amp;ref=61733\" rel=\"Follow nofollow noopener\" target=\"_blank\">Her finner du kampanjeprisen <\/a>(via Prisjakt)<\/p>\n<p>F\u00f8r: 5590 kroner \/ N\u00c5 4444 kroner<\/p>\n<p><a href=\"https:\/\/www.prisjakt.no\/go-to-shop\/23430\/offer\/711719454090?client_id=1331&amp;pjt=1764765429&amp;pjh=6e69a856b9&amp;ref=61733\" rel=\"Follow nofollow noopener\" target=\"_blank\">Obs sin pris finner du her <\/a>&#8211; overv\u00e5k lagerstatus (via Prisjakt)<\/p>\n<p><b>Prishistorikk over tid<\/b><\/p>\n<p>   <img decoding=\"async\" width=\"2012\" height=\"956\" fetchpriority=\"low\"  loading=\"lazy\"  src=\"https:\/\/www.europesays.com\/no\/wp-content\/uploads\/2025\/12\/prishistorikk.jpg\" alt=\"\" class=\"brick-c-cFOWSL\" style=\"--brick-image-ratio: 2012 \/ 956;\"\/><\/p>\n<p>  Hva er Sony PlayStation VR2?<\/p>\n<p>PlayStation VR2 er et VR-headset laget for PlayStation 5. Det lar deg \u00abhoppe inn\u00bb i spillene med skarpere bilde, mer presise bevegelser og mer realistisk f\u00f8lelse enn tidligere VR-utstyr fra Sony.<\/p>\n<p><b>Om produktet:<\/b><\/p>\n<ul>\n<li>Skjerm: Skarpe OLED-skjermer<\/li>\n<li>Oppl\u00f8sning: 2000 \u00d7 2040 per \u00f8ye (veldig klart bilde)<\/li>\n<li>Synsfelt: Ca. 110\u00b0 (bredt synsfelt)<\/li>\n<li>Sporing: Kameraene i headsettet sporer bevegelsene dine \u2013 ingen ekstra sensorer trengs<\/li>\n<li>Tilkobling: \u00c9n USB-C-kabel til PS5<\/li>\n<li>Lyd og f\u00f8lelse: 3D-lyd og sm\u00e5 vibrasjoner i headsettet for mer innlevelse<\/li>\n<li>Kontrollere: To \u00abSense\u00bb-kontrollere med haptisk feedback og adaptive triggere \u2013 samme type f\u00f8lelse som p\u00e5 DualSense<\/li>\n<\/ul>\n<p><a href=\"https:\/\/www.prisjakt.no\/go-to-shop\/16091\/offer\/3120480?client_id=1331&amp;pjt=1764765347&amp;pjh=ea57f42e4b&amp;ref=61733\" rel=\"Follow nofollow noopener\" target=\"_blank\">Her finner du Sony til rekordpris<\/a> (via Prisjakt)<\/p>\n<p><b>Les ogs\u00e5 saken: <\/b><a href=\"https:\/\/www.nettavisen.no\/shoppingtips\/dette-er-arets-julegave-2025\/x\/5-95-2758223\" rel=\"Follow nofollow noopener\" target=\"_blank\">Dette er \u00e5rets julegave 2025<\/a><\/p>\n","protected":false},"excerpt":{"rendered":"Mens vi skrev saken, ble faktisk Sony PlayStation VR2 utsolgt hos OBS, som hadde lavest pris. Men det&hellip;\n","protected":false},"author":2,"featured_media":103438,"comment_status":"","ping_status":"","sticky":false,"template":"","format":"standard","meta":{"footnotes":""},"categories":[56],"tags":[60,61,62,30,28,29],"class_list":{"0":"post-103437","1":"post","2":"type-post","3":"status-publish","4":"format-standard","5":"has-post-thumbnail","7":"category-naeringsliv","8":"tag-business","9":"tag-economy","10":"tag-naeringsliv","11":"tag-no","12":"tag-norge","13":"tag-norway"},"share_on_mastodon":{"url":"https:\/\/pubeurope.com\/@no\/115657306719753967","error":""},"_links":{"self":[{"href":"https:\/\/www.europesays.com\/no\/wp-json\/wp\/v2\/posts\/103437","targetHints":{"allow":["GET"]}}],"collection":[{"href":"https:\/\/www.europesays.com\/no\/wp-json\/wp\/v2\/posts"}],"about":[{"href":"https:\/\/www.europesays.com\/no\/wp-json\/wp\/v2\/types\/post"}],"author":[{"embeddable":true,"href":"https:\/\/www.europesays.com\/no\/wp-json\/wp\/v2\/users\/2"}],"replies":[{"embeddable":true,"href":"https:\/\/www.europesays.com\/no\/wp-json\/wp\/v2\/comments?post=103437"}],"version-history":[{"count":0,"href":"https:\/\/www.europesays.com\/no\/wp-json\/wp\/v2\/posts\/103437\/revisions"}],"wp:featuredmedia":[{"embeddable":true,"href":"https:\/\/www.europesays.com\/no\/wp-json\/wp\/v2\/media\/103438"}],"wp:attachment":[{"href":"https:\/\/www.europesays.com\/no\/wp-json\/wp\/v2\/media?parent=103437"}],"wp:term":[{"taxonomy":"category","embeddable":true,"href":"https:\/\/www.europesays.com\/no\/wp-json\/wp\/v2\/categories?post=103437"},{"taxonomy":"post_tag","embeddable":true,"href":"https:\/\/www.europesays.com\/no\/wp-json\/wp\/v2\/tags?post=103437"}],"curies":[{"name":"wp","href":"https:\/\/api.w.org\/{rel}","templated":true}]}}