{"id":103443,"date":"2025-12-03T19:47:15","date_gmt":"2025-12-03T19:47:15","guid":{"rendered":"https:\/\/www.europesays.com\/no\/103443\/"},"modified":"2025-12-03T19:47:15","modified_gmt":"2025-12-03T19:47:15","slug":"anita-hegerland-avlyser-julekonserter-grunnet-akutt-tannoperasjon","status":"publish","type":"post","link":"https:\/\/www.europesays.com\/no\/103443\/","title":{"rendered":"Anita Hegerland avlyser julekonserter grunnet akutt tannoperasjon"},"content":{"rendered":"<p class=\"kicker \" style=\"\">Anita Hegerland:\u00a0<\/p>\n<p>  Den folkekj\u00e6re artisten m\u00e5 avlyse flere av sine planlagte julekonserter.<\/p>\n<p>\n    BARNESTJERNE: Anita Hegerland tok verden med storm med sin imponerende stemme allerede som barn. Gjennom et helt liv har hun st\u00e5tt p\u00e5 scenen og solgt millioner av plater.<br \/>\nFoto: Espen Solli \/ Se og H\u00f8r\n  <\/p>\n<p>Den tidligere barnestjernen og artisten Anita Hegerland (64) m\u00e5 avlyse flere av sine planlagte julekonserter i Trondheim, Mer\u00e5ker og Inder\u00f8y denne uken.\u00a0<\/p>\n<p>    <a itemprop=\"url\" href=\"https:\/\/www.seher.no\/kjendis\/skikkelig-god-med-folk\/83931133\" rel=\"nofollow noopener\" target=\"_blank\"><\/p>\n<p>      <img loading=\"lazy\" decoding=\"async\" src=\"https:\/\/www.europesays.com\/no\/wp-content\/uploads\/2025\/12\/83931161.webp\" width=\"980\" height=\"441\" title=\"- Skikkelig god med folk\" alt=\"\" class=\"lazyload\" style=\"--aspect-ratio-image: 2.22; \"\/><\/p>\n<p>        &#8211; Skikkelig god med folk<\/p>\n<p>    <\/a><\/p>\n<p>Konsertene er en del av 64-\u00e5ringens store juleturn\u00e9, der hun egentlig skulle holde hele 45 konserter over hele landet.<\/p>\n<p>\u00abKj\u00e6re venner. Mine fem konserter i Trondheim, Mer\u00e5ker og Inder\u00f8y denne uken (3.-5. desember) m\u00e5 dessverre flyttes til 8.-10. juni p\u00e5 grunn av en akutt tannoperasjon jeg m\u00e5 gjennom denne uken. Er s\u00e5 lei meg for \u00e5 skuffe mine fans, men jeg kommer sterkere tilbake og h\u00e5per \u00e5 se dere alle i juni i stedet\u00bb, skriver hun i et innlegg p\u00e5 <a href=\"https:\/\/www.facebook.com\/anita.hegerlandii\" rel=\"nofollow noopener\" target=\"_blank\">Facebook<\/a>.<\/p>\n<p> Til Se og H\u00f8r forteller artisten at det sitter langt inne \u00e5 avlyse konsertene:<\/p>\n<p>          <img loading=\"lazy\" decoding=\"async\" src=\"https:\/\/www.europesays.com\/no\/wp-content\/uploads\/2025\/12\/83933302.webp\" width=\"686\" height=\"625\" title=\"GODE VENNER: Anita Hegerland og Wenche Myhre har st\u00e5tt p\u00e5 scenen i mange \u00e5r og er b\u00e5de gode venner og kollegaer. Foto: Tore Skaar\" alt=\"\" class=\"\" style=\"--aspect-ratio-image: 1.10; \"\/><\/p>\n<p>\n          GODE VENNER: Anita Hegerland og Wenche Myhre har st\u00e5tt p\u00e5 scenen i mange \u00e5r og er b\u00e5de gode venner og kollegaer. Foto: Tore Skaar\n      <\/p>\n<p> \u00abVeldig kjedelig \u00e5 m\u00e5tte avlyse fem av de 45 julekonsertene mine midt i turneen, men da jeg fikk et akutt tannproblem og m\u00e5 gjennom en tannoperasjon med sting denne uken, m\u00e5 jeg hvile noen dager\u00bb.<\/p>\n<p>Hun fortsetter:<\/p>\n<p>\u00abTurneen min i \u00e5r g\u00e5r landet rundt til sykehjem og aktivitetssentre, og den gleder tusenvis av mennesker. Ingenting gir meg mer glede enn \u00e5 synge for dem som er gamle og syke\u00bb.\u00a0<\/p>\n<p>    <a itemprop=\"url\" href=\"https:\/\/www.seher.no\/kjendis\/na-er-det-slutt\/83931607\" rel=\"nofollow noopener\" target=\"_blank\"><\/p>\n<p>      <img loading=\"lazy\" decoding=\"async\" src=\"https:\/\/www.europesays.com\/no\/wp-content\/uploads\/2025\/12\/1764791231_311_83931598.webp\" width=\"980\" height=\"441\" title=\"N\u00e5 er det slutt\" alt=\"\" class=\"lazyload\" style=\"--aspect-ratio-image: 2.22; \"\/><\/p>\n<p>        N\u00e5 er det slutt<\/p>\n<p>    <\/a><\/p>\n<p> Med en karriere som spenner over flere ti\u00e5r, har Anita\u00a0 for lengst etablert seg som et kjent navn verden over, b\u00e5de som barnestjerne og voksen artist. <\/p>\n<p>          <img loading=\"lazy\" decoding=\"async\" src=\"https:\/\/www.europesays.com\/no\/wp-content\/uploads\/2025\/12\/83932650.webp\" width=\"686\" height=\"686\" title=\"FRA UNG ALDER: Allerede som syv\u00e5ring ble Anita Hegerland oppdaget av talentjegeren Fredrik Friis under et juleshow i Sandefjord i 1968. Her sammen med den tyske sangeren Roy Black foran Stortinget p\u00e5 tidlig 70-tallet. Foto: NTB\" alt=\"\" class=\"\" style=\"--aspect-ratio-image: 1.00; \"\/><\/p>\n<p>\n          FRA UNG ALDER: Allerede som syv\u00e5ring ble Anita Hegerland oppdaget av talentjegeren Fredrik Friis under et juleshow i Sandefjord i 1968. Her sammen med den tyske sangeren Roy Black foran Stortinget p\u00e5 tidlig 70-tallet. Foto: NTB\n      <\/p>\n<p>Allerede som syv\u00e5ring ble lille Anita Hegerland oppdaget midt i Sandefjord sentrum, under et juleshow i 1968. Publikum fikk bakoversveis da den bittelille jenta med det store smilet og den enda st\u00f8rre stemmen tok mikrofonen.<\/p>\n<p>        NYLIG SINGEL: P\u00e5l \u00abOnklP\u00bb T\u00f8ien avsl\u00f8rer hvem av \u00abRampenissen\u00bb-meddeltakerne han vil kysse under mistelteinen. Men hans utk\u00e5rede er ikke helt p\u00e5 b\u00f8lgelende. Reporter: Victoria L\u00f8vik\/ Sanne Holt. Video: \u00abBeliggenhet, beliggenhet, beliggenhet\u00bb\/ Discovery\/ Sanne Holt\/ R\u00f8d L\u00f8per<\/p>\n<p>Fredrik Friis, den legendariske talentjegeren, s\u00e5 umiddelbart hva ingen kunne overse: Et vidunderbarn var f\u00f8dt.<\/p>\n<p>          <img loading=\"lazy\" decoding=\"async\" src=\"https:\/\/www.europesays.com\/no\/wp-content\/uploads\/2025\/12\/83932658.webp\" width=\"686\" height=\"467\" title=\"KJENTE VENNER: Gjennom sin karriere har Anita samabeidet med flere av verdens st\u00f8rste navn. Her sammen med \u00abGrease\u00bb-skuespiller John Travolta (71). Foto: Privat\" alt=\"\" class=\"\" style=\"--aspect-ratio-image: 1.47; \"\/><\/p>\n<p>\n          KJENTE VENNER: Gjennom sin karriere har Anita samabeidet med flere av verdens st\u00f8rste navn. Her sammen med \u00abGrease\u00bb-skuespiller John Travolta (71). Foto: Privat\n      <\/p>\n<p>Kort tid etter var Anita i studio, og som \u00e5tte\u00e5ring ga hun ut sine aller f\u00f8rste singler, \u00abAlbertino\u00bb og \u00abHvis jeg var en fugl\u00bb. Publikum elsket henne fra f\u00f8rste tone.\u00a0<\/p>\n<p><a href=\"https:\/\/www.seher.no\/kjendis\/klarte-ikke-a-glemme-anita\/64119235\" rel=\"nofollow noopener\" target=\"_blank\">Hun opptr\u00e5dte for rekordstore folkemengder<\/a>, blant annet p\u00e5 T\u00f8nsbergmessen i 1969, der hele 25 000 mennesker m\u00f8tte opp for \u00e5 h\u00f8re det lille sangfenomenet.\u00a0<\/p>\n<p>          <img loading=\"lazy\" decoding=\"async\" src=\"https:\/\/www.europesays.com\/no\/wp-content\/uploads\/2025\/12\/83932666.webp\" width=\"686\" height=\"673\" title=\"FORELDRE: I 1988 ble Anita Hegerland og Mike Oldfield foreldre for f\u00f8rste gang. Her er de avbildet med sin nyf\u00f8dte datter, Greta.&#10;Foto: Privat\" alt=\"\" class=\"\" style=\"--aspect-ratio-image: 1.02; \"\/><\/p>\n<p>\n          FORELDRE: I 1988 ble Anita Hegerland og Mike Oldfield foreldre for f\u00f8rste gang. Her er de avbildet med sin nyf\u00f8dte datter, Greta.<br \/>\nFoto: Privat\n      <\/p>\n<p>Rekorden st\u00e5r fremdeles! Og hennes f\u00f8rste LP? <a href=\"https:\/\/www.seher.no\/kjendis\/klarte-ikke-a-glemme-anita\/64119235\" rel=\"nofollow noopener\" target=\"_blank\">Den suste rett ut i over 120 000<\/a> eksemplarer, og svenske TV-produsenter omtalte henne som et ekte \u00abvidunderbarn\u00bb.<\/p>\n<p>    <a itemprop=\"url\" href=\"https:\/\/www.seher.no\/kjendis\/million-forskjell-for-kjendisparene\/83930851\" rel=\"nofollow noopener\" target=\"_blank\"><\/p>\n<p>      <img loading=\"lazy\" decoding=\"async\" src=\"https:\/\/www.europesays.com\/no\/wp-content\/uploads\/2025\/12\/1764791233_246_83930808.webp\" width=\"980\" height=\"441\" title=\"Million-forskjell for kjendisparene\" alt=\"\" class=\"lazyload\" style=\"--aspect-ratio-image: 2.22; \"\/><\/p>\n<p>        Million-forskjell for kjendisparene<\/p>\n<p>    <\/a><\/p>\n<p>I \u00e5rene som fulgte ble Anita ikke bare en av Norges mestselgende artister, hun ble en internasjonal sensasjon. Som ni\u00e5ring toppet hun VG-lista med \u00abMitt Sommarlov\u00bb, og f\u00f8r hun fylte ti ble hun superstjerne i Tyskland sammen med sangeren Roy Black.\u00a0<\/p>\n<p>          <img loading=\"lazy\" decoding=\"async\" src=\"https:\/\/www.europesays.com\/no\/wp-content\/uploads\/2025\/12\/83932718.webp\" width=\"686\" height=\"735\" title=\"DEN GANG DA: En ung Anita Hegerland p\u00e5 scenen under Momarkedet i 1988.&#10;Foto: Erik Thorberg \/ NTB\" alt=\"\" class=\"\" style=\"--aspect-ratio-image: 0.93; \"\/><\/p>\n<p>\n          DEN GANG DA: En ung Anita Hegerland p\u00e5 scenen under Momarkedet i 1988.<br \/>\nFoto: Erik Thorberg \/ NTB\n      <\/p>\n<p>Sammen solgte de over to millioner plater,\u00a0et niv\u00e5 kun unge Michael Jackson delte med henne.\u00a0<\/p>\n<p class=\"font-weight-bold m-font-weight-bold\" data-lab-font_weight=\"font-weight-bold\">Men suksessen stoppet ikke der.\u00a0<\/p>\n<p>    <a itemprop=\"url\" href=\"https:\/\/www.seher.no\/kongelig\/drastisk-nedgang\/83930761\" rel=\"nofollow noopener\" target=\"_blank\"><\/p>\n<p>      <img loading=\"lazy\" decoding=\"async\" src=\"https:\/\/www.europesays.com\/no\/wp-content\/uploads\/2025\/12\/1764791234_545_83928704.webp\" width=\"980\" height=\"441\" title=\"Drastisk nedgang\" alt=\"\" class=\"lazyload\" style=\"--aspect-ratio-image: 2.22; \"\/><\/p>\n<p>        Drastisk nedgang<\/p>\n<p>    <\/a><\/p>\n<p>Noen \u00e5r senere inngikk hun et samarbeid med den britiske musikeren Mike Oldfield (72), som hun senere flyttet sammen med og fikk barna Greta og Noah med. Ekteskapet varte imidlertid ikke, og de gikk fra hverandre i 1991 etter fem \u00e5r sammen.<\/p>\n<p>          <img loading=\"lazy\" decoding=\"async\" src=\"https:\/\/www.europesays.com\/no\/wp-content\/uploads\/2025\/12\/83932739.webp\" width=\"686\" height=\"735\" title=\"TV-FJES: Ved siden av musikken har Anita Hegerland deltatt i flere TV-programmer. Her er hun sammen med \u00abParadise Hotel\u00bb-programleder Triana Iglesias under Farmen Kjendis i 2019.&#10;Foto: Morten Eik \/ Se og H\u00f8r\" alt=\"\" class=\"\" style=\"--aspect-ratio-image: 0.93; \"\/><\/p>\n<p>\n          TV-FJES: Ved siden av musikken har Anita Hegerland deltatt i flere TV-programmer. Her er hun sammen med \u00abParadise Hotel\u00bb-programleder Triana Iglesias under Farmen Kjendis i 2019.<br \/>\nFoto: Morten Eik \/ Se og H\u00f8r\n      <\/p>\n<p>Etter et langt liv i rampelyset st\u00e5r hun enda st\u00f8tt p\u00e5 scenen\u00a0 &#8211; og\u00a0 etter en uventet tann\u00adoperasjon og avlyste julekonserter lover hun \u00e5 komme sterkere tilbake. <\/p>\n","protected":false},"excerpt":{"rendered":"Anita Hegerland:\u00a0 Den folkekj\u00e6re artisten m\u00e5 avlyse flere av sine planlagte julekonserter. BARNESTJERNE: Anita Hegerland tok verden med&hellip;\n","protected":false},"author":2,"featured_media":103444,"comment_status":"","ping_status":"","sticky":false,"template":"","format":"standard","meta":{"footnotes":""},"categories":[58],"tags":[13048,4104,71,479,30,28,29,72],"class_list":{"0":"post-103443","1":"post","2":"type-post","3":"status-publish","4":"format-standard","5":"has-post-thumbnail","7":"category-underholdning","8":"tag-anita-hegerland","9":"tag-eksklusivt","10":"tag-entertainment","11":"tag-kjendis","12":"tag-no","13":"tag-norge","14":"tag-norway","15":"tag-underholdning"},"share_on_mastodon":{"url":"https:\/\/pubeurope.com\/@no\/115657365902932910","error":""},"_links":{"self":[{"href":"https:\/\/www.europesays.com\/no\/wp-json\/wp\/v2\/posts\/103443","targetHints":{"allow":["GET"]}}],"collection":[{"href":"https:\/\/www.europesays.com\/no\/wp-json\/wp\/v2\/posts"}],"about":[{"href":"https:\/\/www.europesays.com\/no\/wp-json\/wp\/v2\/types\/post"}],"author":[{"embeddable":true,"href":"https:\/\/www.europesays.com\/no\/wp-json\/wp\/v2\/users\/2"}],"replies":[{"embeddable":true,"href":"https:\/\/www.europesays.com\/no\/wp-json\/wp\/v2\/comments?post=103443"}],"version-history":[{"count":0,"href":"https:\/\/www.europesays.com\/no\/wp-json\/wp\/v2\/posts\/103443\/revisions"}],"wp:featuredmedia":[{"embeddable":true,"href":"https:\/\/www.europesays.com\/no\/wp-json\/wp\/v2\/media\/103444"}],"wp:attachment":[{"href":"https:\/\/www.europesays.com\/no\/wp-json\/wp\/v2\/media?parent=103443"}],"wp:term":[{"taxonomy":"category","embeddable":true,"href":"https:\/\/www.europesays.com\/no\/wp-json\/wp\/v2\/categories?post=103443"},{"taxonomy":"post_tag","embeddable":true,"href":"https:\/\/www.europesays.com\/no\/wp-json\/wp\/v2\/tags?post=103443"}],"curies":[{"name":"wp","href":"https:\/\/api.w.org\/{rel}","templated":true}]}}