{"id":103450,"date":"2025-12-03T20:21:22","date_gmt":"2025-12-03T20:21:22","guid":{"rendered":"https:\/\/www.europesays.com\/no\/103450\/"},"modified":"2025-12-03T20:21:22","modified_gmt":"2025-12-03T20:21:22","slug":"jonas-gahr-store-avvise-mdgs-uttalelser-om-oljenaeringen","status":"publish","type":"post","link":"https:\/\/www.europesays.com\/no\/103450\/","title":{"rendered":"Jonas Gahr St\u00f8re avvise MDGs uttalelser om oljen\u00e6ringen"},"content":{"rendered":"<p class=\"kicker \" style=\"\">Budsjettdramaet<\/p>\n<p>  Bare timer etter Ap kom til enighet med MDG og SV, avviser statsminister Jonas Gahr St\u00f8re budsjettpartnerens uttalelser.<\/p>\n<p>\n    AVVISER: Statsminister Jonas Gahr St\u00f8re mener det er feil at vi skriver siste kapittel i norsk oljehistorie. Foto: Bj\u00f8rn Langsem\/ Dagbladet\n  <\/p>\n<p>STORTINGET (Dagbladet): Natt til onsdag kom de fem partiene p\u00e5 venstresiden endelig til enighet om statsbudsjett. Bare timer senere m\u00f8tte statsminiser Jonas Gahr St\u00f8re og hans hovedmotstander, Frp-leder Sylvi Listhaug.<\/p>\n<p>Hun plukket umiddelbart opp tr\u00e5den fra nattens enighet.<\/p>\n<p>Listhaug brukte harde ord om St\u00f8res ledelse som statsminister.\u00a0<\/p>\n<p class=\"font-weight-bold m-font-weight-bold\" data-lab-font_weight=\"font-weight-bold\">Hun beskyldte regjeringen og samarbeidspartiene for \u00abl\u00f8gn\u00bb, \u00abkrangling for \u00e5pen scene\u00bb og \u00abtotalt kaos\u00bb.<\/p>\n<p>    <a itemprop=\"url\" href=\"https:\/\/www.dagbladet.no\/nyheter\/enige-om-statsbudsjettet\/83929976\" rel=\"nofollow noopener\" target=\"_blank\"><\/p>\n<p>      <img loading=\"lazy\" decoding=\"async\" src=\"https:\/\/www.europesays.com\/no\/wp-content\/uploads\/2025\/12\/83929989.webp\" width=\"980\" height=\"441\" title=\"Enige om stats\u00adbudsjettet\" alt=\"\" class=\"lazyload\" style=\"--aspect-ratio-image: 2.22; \"\/><\/p>\n<p>        Enige om stats\u00adbudsjettet<\/p>\n<p>    <\/a><\/p>\n<p>&#8211; Styrer mot isfjellet\t<\/p>\n<p>&#8211; Riktignok er regjeringskrisen avverget for denne gang. Men med Arbeiderpartiets utrygge styre fortsetter Norge n\u00e5 mot isfjellet, sa Frp-lederen fra landets viktigste talerstol.<\/p>\n<p>Listhaug er s\u00e6rlig bekymret for avtalen om en\u00a0\u00aboljekommisjon\u00bb, som skal se p\u00e5 hvordan norsk \u00f8konomi skal klare seg med betydelige lavere innteker fra olje- og gassn\u00e6ringen.<\/p>\n<p>Etter at enigheten ble klar i natt sa MDGs finanspolitiske talsperson Ingrid Liland:<\/p>\n<p>          <img loading=\"lazy\" decoding=\"async\" src=\"https:\/\/www.europesays.com\/no\/wp-content\/uploads\/2025\/12\/83934210.webp\" width=\"980\" height=\"559\" title=\"I MANESJEN: Statsminister Jonas Gahr St\u00f8re m\u00f8tte Frp-leder Sylvo Listhaug til duell i stortingssalen onsdag. FOTO: Bj\u00f8rn Langsem\/ Dagbladet\" alt=\"\" class=\"\" style=\"--aspect-ratio-image: 1.75; \"\/><\/p>\n<p>\n          I MANESJEN: Statsminister Jonas Gahr St\u00f8re m\u00f8tte Frp-leder Sylvo Listhaug til duell i stortingssalen onsdag. FOTO: Bj\u00f8rn Langsem\/ Dagbladet\n      <\/p>\n<p class=\"font-weight-bold m-font-weight-bold\" data-lab-font_weight=\"font-weight-bold\">&#8211; Vi starter n\u00e5 \u00e5 skrive det siste kapittelet i norsk oljehistorie, og \u00e5pner derfor for alle de eventyrene som skal bygge Norge videre, sa MDG-nestleder Ingrid Liland.<\/p>\n<p>I Stortinget utfordret Listhaug St\u00f8re p\u00e5 uttalelsen.<\/p>\n<p>&#8211; Det hjelper ikke \u00e5 snakke om utvikling, n\u00e5r Arbeiderpartiet samarbeider med et parti som vil avvikle n\u00e6ringen. MDG sier at vi starter \u00e5 skrive det siste kapittelet i norsk oljehistorie. Hvor stor og viktig oljesektoren skal v\u00e6re er et politisk sp\u00f8rsm\u00e5l. Hvordan kan dere sette den viktigste n\u00e6ringen v\u00e5r p\u00e5 spill?<\/p>\n<p>    <a itemprop=\"url\" href=\"https:\/\/www.dagbladet.no\/nyheter\/gar-feil-vei\/83930507\" rel=\"nofollow noopener\" target=\"_blank\"><\/p>\n<p>      <img loading=\"lazy\" decoding=\"async\" src=\"https:\/\/www.europesays.com\/no\/wp-content\/uploads\/2025\/12\/83917412.webp\" width=\"980\" height=\"441\" title=\"- G\u00e5r feil vei\" alt=\"\" class=\"lazyload\" style=\"--aspect-ratio-image: 2.22; \"\/><\/p>\n<p>        &#8211; G\u00e5r feil vei<\/p>\n<p>    <\/a><\/p>\n<p>&#8211; Ikke enig\t<\/p>\n<p>Fra talerstolen p\u00e5 Stortinget avviste Jonas Gahr St\u00f8re blankt p\u00e5standen om at det n\u00e6rmer seg slutten for norsk oljen\u00e6ring:<\/p>\n<p>&#8211; Avvikle n\u00e6ring? Det finnes ikke ett ord om avvikle. Dette er ikke siste kapittel. V\u00e5r energihistorie har mange kapitler. Vi kommer til \u00e5 selge norsk olje og gass s\u00e5 lenge det er behov for det i Europa. Men det er omstilling.\u00a0<\/p>\n<p>P\u00e5 sp\u00f8rsm\u00e5l fra Dagbladet gjentar St\u00f8re poenget:<\/p>\n<p>&#8211; Jeg er ikke enig i det. For jeg har alltid brukt det bildet at norsk energihistorie har ulike kapitler: vannkraften, olje og gass, n\u00e5 er vi p\u00e5 vei inn i havvind. Men jeg h\u00f8rer jo de som sier hvis det blir et kapittel s\u00e5 kan det bli et veldig langt kapittel.<\/p>\n<p>    <a itemprop=\"url\" href=\"https:\/\/borsen.dagbladet.no\/nyheter\/flere-norske-utflyttere-politianmeldt\/83931375\" rel=\"nofollow noopener\" target=\"_blank\"><\/p>\n<p>      <img loading=\"lazy\" decoding=\"async\" src=\"https:\/\/www.europesays.com\/no\/wp-content\/uploads\/2025\/12\/83931587.webp\" width=\"980\" height=\"441\" title=\"Flere norske utflyttere politianmeldt\" alt=\"\" class=\"lazyload\" style=\"--aspect-ratio-image: 2.22; \"\/><\/p>\n<p>        Flere norske utflyttere politianmeldt<\/p>\n<p>    <\/a><\/p>\n<p>&#8211; Overselger det veldig\t<\/p>\n<p>Senterpartileder Trygve Slagsvold Vedum mener MDG overdriver betydningen av utvalget.\u00a0<\/p>\n<p> &#8211; De overselger det veldig. Det synes jeg er uklokt. Det er titusenvis som jobber i den n\u00e6ringen. N\u00e5r man s\u00e5 overskriften i natt, s\u00e5 kunne man tro at det var vedtatt store endringer, sier Vedum til Dagbladet.<\/p>\n<p>Sp-lederen mener det ikke er noen radikale endringer og at utvalget ikke vil ha noen betydning for n\u00e5r det norske oljeventyret er slutt.\u00a0<\/p>\n<p>&#8211; Nei, det er det ingen grunn til. Det ligger ingen f\u00f8ringer p\u00e5 det i mandatet til utvalget. Det er et utvalg som skal p\u00e5 helheten i \u00f8konomien, sier Vedum og fortsetter:<\/p>\n<p class=\"font-weight-bold m-font-weight-bold\" data-lab-font_weight=\"font-weight-bold\">Statsminister Jonas Gahr S\u00f8re mener heller ikke MDGs seier vil \u00f8ke farten mot den siste olje i Norge.<\/p>\n<p>&#8211; Nei, for det er ikke noe kommisjonen skal vedta. Den skal gi oss et kunnskapsgrunnlag. Og der er det uenigheter mellom partiene. Ap vil ikke ha en politisk bestemt sluttdato for oljen\u00e6ringen, sier St\u00f8re til Dagbladet.<\/p>\n<p>    <a itemprop=\"url\" href=\"https:\/\/borsen.dagbladet.no\/nyheter\/advarer-500-000-ma-vakne\/83904170\" rel=\"nofollow noopener\" target=\"_blank\"><\/p>\n<p>      <img loading=\"lazy\" decoding=\"async\" src=\"https:\/\/www.europesays.com\/no\/wp-content\/uploads\/2025\/12\/83904230.webp\" width=\"980\" height=\"441\" title=\"Advarer 500 000: - M\u00e5 v\u00e5kne\" alt=\"\" class=\"lazyload\" style=\"--aspect-ratio-image: 2.22; \"\/><\/p>\n<p>        Advarer 500 000: &#8211; M\u00e5 v\u00e5kne<\/p>\n<p>    <\/a><\/p>\n<p>&#8211; F\u00e5r bare tulle\t<\/p>\n<p>Vedum hevder utvalget er gammelt nytt som SV fikk gjenomslag for allerede ett \u00e5r siden, og at det bygger p\u00e5 perspektivmeldingen, som det er bred politisk enighet om.<\/p>\n<p>Det mener Liland i MDG er galt.\u00a0<\/p>\n<p>          <img loading=\"lazy\" decoding=\"async\" src=\"https:\/\/www.europesays.com\/no\/wp-content\/uploads\/2025\/12\/83934241.webp\" width=\"686\" height=\"392\" title=\"M\u00d8TER MOTSTAND: MDGs Ingrid Liland f\u00e5r motb\u00f8r fra b\u00e5de statsministeren og den tidligere finansministeren. Foto: Bj\u00f8rn Langsem\/ Dagbladet\" alt=\"\" class=\"\" style=\"--aspect-ratio-image: 1.75; \"\/><\/p>\n<p>\n          M\u00d8TER MOTSTAND: MDGs Ingrid Liland f\u00e5r motb\u00f8r fra b\u00e5de statsministeren og den tidligere finansministeren. Foto: Bj\u00f8rn Langsem\/ Dagbladet\n      <\/p>\n<p>&#8211; Senterpartiet f\u00e5r bare tulle med det. Vi har sittet i sene nattetimer og blitt enige om en omstillingskommisjon. Det er helt nytt.<\/p>\n<p class=\"italic m-italic\" data-lab-italic=\"italic\">&#8211; Hva konkret er nytt?<\/p>\n<p class=\"no_italic m-no_italic\" data-lab-italic=\"\">&#8211; Det viktigste er erkjennelsen av at det er ny fase p\u00e5 norsk sokkel, med nedgangstider og mindre ettersp\u00f8rsel. Det andre er at kommisjonen skal se p\u00e5 rammebetingelser for petroleumsvirksomheten og ikke minst vurdere risiko. I tillegg er det sammensetningen av kommisjonen som er fra milj\u00f8bevegelsen, partene i arbeidslivet og fagfolk.<\/p>\n","protected":false},"excerpt":{"rendered":"Budsjettdramaet Bare timer etter Ap kom til enighet med MDG og SV, avviser statsminister Jonas Gahr St\u00f8re budsjettpartnerens&hellip;\n","protected":false},"author":2,"featured_media":103451,"comment_status":"","ping_status":"","sticky":false,"template":"","format":"standard","meta":{"footnotes":""},"categories":[10],"tags":[20,21,24,25,15,22,23,13,30,28,29,14,16,41,26,27],"class_list":{"0":"post-103450","1":"post","2":"type-post","3":"status-publish","4":"format-standard","5":"has-post-thumbnail","7":"category-norge","8":"tag-breaking-news","9":"tag-breakingnews","10":"tag-featured-news","11":"tag-featurednews","12":"tag-headlines","13":"tag-latest-news","14":"tag-latestnews","15":"tag-news","16":"tag-no","17":"tag-norge","18":"tag-norway","19":"tag-nyheter","20":"tag-overskrifter","21":"tag-politikk","22":"tag-top-stories","23":"tag-topstories"},"share_on_mastodon":{"url":"https:\/\/pubeurope.com\/@no\/115657499479579900","error":""},"_links":{"self":[{"href":"https:\/\/www.europesays.com\/no\/wp-json\/wp\/v2\/posts\/103450","targetHints":{"allow":["GET"]}}],"collection":[{"href":"https:\/\/www.europesays.com\/no\/wp-json\/wp\/v2\/posts"}],"about":[{"href":"https:\/\/www.europesays.com\/no\/wp-json\/wp\/v2\/types\/post"}],"author":[{"embeddable":true,"href":"https:\/\/www.europesays.com\/no\/wp-json\/wp\/v2\/users\/2"}],"replies":[{"embeddable":true,"href":"https:\/\/www.europesays.com\/no\/wp-json\/wp\/v2\/comments?post=103450"}],"version-history":[{"count":0,"href":"https:\/\/www.europesays.com\/no\/wp-json\/wp\/v2\/posts\/103450\/revisions"}],"wp:featuredmedia":[{"embeddable":true,"href":"https:\/\/www.europesays.com\/no\/wp-json\/wp\/v2\/media\/103451"}],"wp:attachment":[{"href":"https:\/\/www.europesays.com\/no\/wp-json\/wp\/v2\/media?parent=103450"}],"wp:term":[{"taxonomy":"category","embeddable":true,"href":"https:\/\/www.europesays.com\/no\/wp-json\/wp\/v2\/categories?post=103450"},{"taxonomy":"post_tag","embeddable":true,"href":"https:\/\/www.europesays.com\/no\/wp-json\/wp\/v2\/tags?post=103450"}],"curies":[{"name":"wp","href":"https:\/\/api.w.org\/{rel}","templated":true}]}}