{"id":103454,"date":"2025-12-03T20:23:12","date_gmt":"2025-12-03T20:23:12","guid":{"rendered":"https:\/\/www.europesays.com\/no\/103454\/"},"modified":"2025-12-03T20:23:12","modified_gmt":"2025-12-03T20:23:12","slug":"90-prosent-av-utoverne-er-militaere-2","status":"publish","type":"post","link":"https:\/\/www.europesays.com\/no\/103454\/","title":{"rendered":"\u2013 90 prosent av ut\u00f8verne er milit\u00e6re"},"content":{"rendered":"\n<p class=\"_lead_o9xde_2 _lead_xtcu6_50 layout-component text-serif-m layout-normal text-serif-l layout-component layout-wide layout-padded _wide_17hqh_1 layout-padded\">Det er h\u00f8yst usikkert hvor mange russiske langrennsl\u00f8pere som kan kvalifisere seg til OL.<\/p>\n<p><img alt=\" Foto: Hanna Kristin Hjardar \/ VG\" class=\"_image_qp4xg_65 layout-component layout-wide\" data-fullscreen- data-track-element-type=\"Article image fullscreen\" data-track-name=\"ImageFullscreen\" fetchpriority=\"high\" decoding=\"sync\" loading=\"eager\" height=\"3393\" itemprop=\"image\"  src=\"https:\/\/www.europesays.com\/no\/wp-content\/uploads\/2025\/12\/1764793392_492_1a6bce7b-6d0a-49e9-9ebf-3ab2bf682408\"  style=\"object-position:0% 0%\" width=\"5083\"\/> Foto: Hanna Kristin Hjardar \/ VG<\/p>\n<ul aria-hidden=\"true\" class=\"_images_1uft6_111\">\n<li><a class=\"_link_1uft6_116\" href=\"https:\/\/www.vg.no\/forfatter\/ole-kristian-stroem\" style=\"z-index:1\" title=\"Ole Kristian Str\u00f8m\" rel=\"nofollow noopener\" target=\"_blank\"><img alt=\"Bilde av Ole Kristian Str\u00f8m\" class=\"_image_1uft6_93\" fetchpriority=\"low\" loading=\"lazy\" decoding=\"async\" itemprop=\"image\"  src=\"https:\/\/www.europesays.com\/no\/wp-content\/uploads\/2025\/12\/1764793392_571_1a7f53be-23c4-46e7-b45d-508c0e955d2a\"  width=\"480\"\/><\/a><\/li>\n<\/ul>\n<p> Oppdatert onsdag 3. desember kl. 18:22     <\/p>\n<p class=\"_paragraph_o9xde_4 _paragraph_xtcu6_10 layout-component text-serif-m layout-normal text-serif-m layout-padded\">If\u00f8lge landslagstrener Jurij Borodavko kan mer enn 90 prosent v\u00e6re utelukket, fordi de tilh\u00f8rer mili\u00e6ret eller sikkerhetsorganer i Russland.<\/p>\n<p class=\"_paragraph_o9xde_4 _paragraph_xtcu6_10 layout-component text-serif-m layout-normal text-serif-m layout-padded\">\u2013 IOC stiller krav om at de ikke skal ha tilknytning til makt- eller sikkerhetsstrukturer: de v\u00e6pnede styrker, nasjonalgarden, Dinamo, FSBFSBRussisk etterretningstjeneste.. Hos oss befinner mer enn 90 prosent av alle ut\u00f8verne seg nettopp i disse strukturene, sier Borodavko til <a href=\"https:\/\/www.sport-express.ru\/skiing\/news\/yuriy-borodavko-rasskazal-o-shansah-aleksandra-bolshunova-popast-na-olimpiadu-2026-2380707\/\" class=\"_link_o9xde_39\" rel=\"nofollow noopener\" target=\"_blank\">Sport Ekspress<\/a>. <\/p>\n<p class=\"_paragraph_o9xde_4 _paragraph_xtcu6_10 layout-component text-serif-m layout-normal text-serif-m layout-padded\">\u2013 S\u00e5 det gjelder ikke bare <a href=\"https:\/\/www.vg.no\/tag\/aleksandr-bolsjunov?utm_source=vg-article&amp;utm_medium=auto-tagger&amp;utm_campaign=bOM9Gl\" class=\"_link_o9xde_39\" rel=\"nofollow noopener\" target=\"_blank\">Aleksandr Bolsjunov<\/a>. Over 90 prosent tilh\u00f8rer de milit\u00e6re strukturene.<\/p>\n<p class=\"_paragraph_o9xde_4 _paragraph_xtcu6_10 layout-component text-serif-m layout-normal text-serif-m layout-padded\">Bolsjunov ble forfremmet til kaptein i den russiske nasjonalgarden etter sine prestasjoner i OL. Nasjonalgarden er direkte underlagt president Vladimir Putin.<\/p>\n<p class=\"_paragraph_o9xde_4 _paragraph_xtcu6_10 layout-component text-serif-m layout-normal text-serif-m layout-padded\">Tirsdag formiddag ble det kjent at Russland vant frem i Idrettens Voldgiftsrett (CAS) og at det dermed \u00e5pnes for at russiske og belarussiske ut\u00f8vere f\u00e5r delta i FIS-konkurranser igjen. De m\u00e5 konkurrere under n\u00f8ytralt flagg. FIS (Det internasjonale skiforbundet) hadde sagt nei til deltakere fra disse landene, men anken vant fram i CAS.<\/p>\n<p class=\"_paragraph_o9xde_4 _paragraph_xtcu6_10 layout-component text-serif-m layout-normal text-serif-m layout-padded\">Det er bare 12 rusisske og fem belarusiske ut\u00f8vere som f\u00e5r konkurrere, s\u00e5 avgj\u00f8relsen betyr ikke at de russiske skistjernene man tidligere har sett konkurrere mot Norge i verdenscupen er tilbake. <\/p>\n<p>De 17 ut\u00f8verne som f\u00e5r delta under n\u00f8ytralt flagg<\/p>\n<p class=\"_paragraph_o9xde_4 _paragraph_xtcu6_10 _paragraph_16v91_10 layout-component text-serif-m layout-normal text-sans-m layout-padded\">Saveliy Korostelev (langrenn)<\/p>\n<p class=\"_paragraph_o9xde_4 _paragraph_xtcu6_10 _paragraph_16v91_10 layout-component text-serif-m layout-normal text-sans-m layout-padded\">Lana Prusakova (freeski)<\/p>\n<p class=\"_paragraph_o9xde_4 _paragraph_xtcu6_10 _paragraph_16v91_10 layout-component text-serif-m layout-normal text-sans-m layout-padded\">Maria Travinitsjeva (snowboard)<\/p>\n<p class=\"_paragraph_o9xde_4 _paragraph_xtcu6_10 _paragraph_16v91_10 layout-component text-serif-m layout-normal text-sans-m layout-padded\">Artem Galunin (kombinert)<\/p>\n<p class=\"_paragraph_o9xde_4 _paragraph_xtcu6_10 _paragraph_16v91_10 layout-component text-serif-m layout-normal text-sans-m layout-padded\">Ekaterina Tkatsjenko (alpint)<\/p>\n<p class=\"_paragraph_o9xde_4 _paragraph_xtcu6_10 _paragraph_16v91_10 layout-component text-serif-m layout-normal text-sans-m layout-padded\">Danil Sadrejev (hopp)<\/p>\n<p class=\"_paragraph_o9xde_4 _paragraph_xtcu6_10 _paragraph_16v91_10 layout-component text-serif-m layout-normal text-sans-m layout-padded\">Aleksei Bugaev (paraalpint)<\/p>\n<p class=\"_paragraph_o9xde_4 _paragraph_xtcu6_10 _paragraph_16v91_10 layout-component text-serif-m layout-normal text-sans-m layout-padded\">Varvara Vorontsjikhina (paraalpint)<\/p>\n<p class=\"_paragraph_o9xde_4 _paragraph_xtcu6_10 _paragraph_16v91_10 layout-component text-serif-m layout-normal text-sans-m layout-padded\">Anastasiia Bagagiin (paralangrenn)<\/p>\n<p class=\"_paragraph_o9xde_4 _paragraph_xtcu6_10 _paragraph_16v91_10 layout-component text-serif-m layout-normal text-sans-m layout-padded\">Ivan Golubkov (paralangrenn)<\/p>\n<p class=\"_paragraph_o9xde_4 _paragraph_xtcu6_10 _paragraph_16v91_10 layout-component text-serif-m layout-normal text-sans-m layout-padded\">Polina Novakovskaja (Paralympics)<\/p>\n<p class=\"_paragraph_o9xde_4 _paragraph_xtcu6_10 _paragraph_16v91_10 layout-component text-serif-m layout-normal text-sans-m layout-padded\">Mikhail Slinkin (para-snowboard)<\/p>\n<p class=\"_paragraph_o9xde_4 _paragraph_xtcu6_10 _paragraph_16v91_10 layout-component text-serif-m layout-normal text-sans-m layout-padded\">Ihar Drabiankou (freeski, Belarus)<\/p>\n<p class=\"_paragraph_o9xde_4 _paragraph_xtcu6_10 _paragraph_16v91_10 layout-component text-serif-m layout-normal text-sans-m layout-padded\">Uladzislau Vazniuk (freeski, Belarus)<\/p>\n<p class=\"_paragraph_o9xde_4 _paragraph_xtcu6_10 _paragraph_16v91_10 layout-component text-serif-m layout-normal text-sans-m layout-padded\">Anna Derugo (freeski, Belarus)<\/p>\n<p class=\"_paragraph_o9xde_4 _paragraph_xtcu6_10 _paragraph_16v91_10 layout-component text-serif-m layout-normal text-sans-m layout-padded\">Hanna Huskova (freeski, Belarus)<\/p>\n<p class=\"_paragraph_o9xde_4 _paragraph_xtcu6_10 _paragraph_16v91_10 layout-component text-serif-m layout-normal text-sans-m layout-padded\">Anastasiya Andryianava (freeski, Belarus)<\/p>\n<p>Vis mer<\/p>\n<p class=\"_paragraph_o9xde_4 _paragraph_xtcu6_10 layout-component text-serif-m layout-normal text-serif-m layout-padded\">Den mest kjente russiske ut\u00f8veren som trolig n\u00e5 blir OL-klar er langrennsl\u00f8peren Saveliy Korostelev. Han er juniorverdensmester fra Lygna p\u00e5 10 km fri og stafett i 2022. Han har sl\u00e5tt Bolsjunov en rekke ganger siden, og vant den russiske skicupen sammenlagt sist sesong.<\/p>\n<p class=\"_paragraph_o9xde_4 _paragraph_xtcu6_10 layout-component text-serif-m layout-normal text-serif-m layout-padded\">Det er som i OL ogs\u00e5 krav til \u00e5 kunne konkurrere i verdenscup. Det internasjonale skiforbundet (FIS) stiller blant annet f\u00f8lgende krav til ut\u00f8vernes n\u00f8ytralitet mot sin egen nasjon og krigen i Ukraina:<\/p>\n<ul class=\"_list_o9xde_3 _list_xtcu6_9 _unordered_o9xde_106 layout-component text-serif-m layout-normal text-serif-m layout-padded\">\n<li class=\"_item_o9xde_30\">Ingen frivillige forbindelser til det russiske eller belarusiske milit\u00e6ret eller andre nasjonale sikkerhetsorganer.<\/li>\n<li class=\"_item_o9xde_30\">Ingen kommunikasjon assosiert med Russland eller Belarus.<\/li>\n<li class=\"_item_o9xde_30\">Ingen st\u00f8tte til krigen i Ukraina.<\/li>\n<\/ul>\n<p class=\"_paragraph_o9xde_4 _paragraph_xtcu6_10 layout-component text-serif-m layout-normal text-serif-m layout-padded\">Saveliy Korostolev uttalte seg tirsdag kveld.<\/p>\n<p class=\"_paragraph_o9xde_4 _paragraph_xtcu6_10 layout-component text-serif-m layout-normal text-serif-m layout-padded\">\u00abAkkurat n\u00e5 venter vi p\u00e5 at navnene v\u00e5re skal vises p\u00e5 FIS&#8217; nettside. S\u00e5 flyr vi rett til Europa\u00bb, sa Korostelev til Match TV.<\/p>\n","protected":false},"excerpt":{"rendered":"Det er h\u00f8yst usikkert hvor mange russiske langrennsl\u00f8pere som kan kvalifisere seg til OL. Foto: Hanna Kristin Hjardar&hellip;\n","protected":false},"author":2,"featured_media":103455,"comment_status":"","ping_status":"","sticky":false,"template":"","format":"standard","meta":{"footnotes":""},"categories":[59],"tags":[9502,527,398,30,28,29,83,82],"class_list":{"0":"post-103454","1":"post","2":"type-post","3":"status-publish","4":"format-standard","5":"has-post-thumbnail","7":"category-sport","8":"tag-aleksandr-bolsjunov","9":"tag-ioc","10":"tag-langrenn","11":"tag-no","12":"tag-norge","13":"tag-norway","14":"tag-sport","15":"tag-sports"},"share_on_mastodon":{"url":"https:\/\/pubeurope.com\/@no\/115657507025879949","error":""},"_links":{"self":[{"href":"https:\/\/www.europesays.com\/no\/wp-json\/wp\/v2\/posts\/103454","targetHints":{"allow":["GET"]}}],"collection":[{"href":"https:\/\/www.europesays.com\/no\/wp-json\/wp\/v2\/posts"}],"about":[{"href":"https:\/\/www.europesays.com\/no\/wp-json\/wp\/v2\/types\/post"}],"author":[{"embeddable":true,"href":"https:\/\/www.europesays.com\/no\/wp-json\/wp\/v2\/users\/2"}],"replies":[{"embeddable":true,"href":"https:\/\/www.europesays.com\/no\/wp-json\/wp\/v2\/comments?post=103454"}],"version-history":[{"count":0,"href":"https:\/\/www.europesays.com\/no\/wp-json\/wp\/v2\/posts\/103454\/revisions"}],"wp:featuredmedia":[{"embeddable":true,"href":"https:\/\/www.europesays.com\/no\/wp-json\/wp\/v2\/media\/103455"}],"wp:attachment":[{"href":"https:\/\/www.europesays.com\/no\/wp-json\/wp\/v2\/media?parent=103454"}],"wp:term":[{"taxonomy":"category","embeddable":true,"href":"https:\/\/www.europesays.com\/no\/wp-json\/wp\/v2\/categories?post=103454"},{"taxonomy":"post_tag","embeddable":true,"href":"https:\/\/www.europesays.com\/no\/wp-json\/wp\/v2\/tags?post=103454"}],"curies":[{"name":"wp","href":"https:\/\/api.w.org\/{rel}","templated":true}]}}