{"id":103456,"date":"2025-12-03T20:28:12","date_gmt":"2025-12-03T20:28:12","guid":{"rendered":"https:\/\/www.europesays.com\/no\/103456\/"},"modified":"2025-12-03T20:28:12","modified_gmt":"2025-12-03T20:28:12","slug":"nyheter-julebrus-all-hamar-og-lillehammer-julebrus-er-na-ute-i-butikkene-lageret-tomt","status":"publish","type":"post","link":"https:\/\/www.europesays.com\/no\/103456\/","title":{"rendered":"Nyheter, Julebrus | All Hamar og Lillehammer-julebrus er n\u00e5 ute i butikkene \u2013 lageret t\u00f8mt"},"content":{"rendered":"\n<p>\u2013 Vi er veldig glade for det store engasjementet for v\u00e5re julebrusvarianter der ute, som vi ikke minst ser for Hamar og Lillehammer julebrus og Dahls Julebrus, sier kommunikasjonsdirekt\u00f8r Johanna Ellefsen Rostad i Ringnes til <a href=\"https:\/\/dinside.dagbladet.no\/fritid\/da-er-det-tomt\/83933101\" rel=\"nofollow noopener\" target=\"_blank\">DinSide<\/a>.<\/p>\n<p>For \u00e5 si det enkelt: N\u00e5r en butikk n\u00e5 er tom for Hamar og Lillehammer, eller Dahls \u2013 s\u00e5 f\u00e5r de ikke mer.<\/p>\n<p>Og det kan alts\u00e5 f\u00e5 konsekvenser n\u00e5r priskrigen f\u00f8r jul begynte allerede 8. november. Da kuttet noen butikker prisene p\u00e5 pepperkaker helt ned til 5 kroner boksen.<\/p>\n","protected":false},"excerpt":{"rendered":"\u2013 Vi er veldig glade for det store engasjementet for v\u00e5re julebrusvarianter der ute, som vi ikke minst&hellip;\n","protected":false},"author":2,"featured_media":103457,"comment_status":"","ping_status":"","sticky":false,"template":"","format":"standard","meta":{"footnotes":""},"categories":[10],"tags":[36,20,21,24,25,15,6725,22,23,1427,13,30,28,29,14,16,1510,26,27],"class_list":{"0":"post-103456","1":"post","2":"type-post","3":"status-publish","4":"format-standard","5":"has-post-thumbnail","7":"category-norge","8":"tag-art","9":"tag-breaking-news","10":"tag-breakingnews","11":"tag-featured-news","12":"tag-featurednews","13":"tag-headlines","14":"tag-julebrus","15":"tag-latest-news","16":"tag-latestnews","17":"tag-lillehammer","18":"tag-news","19":"tag-no","20":"tag-norge","21":"tag-norway","22":"tag-nyheter","23":"tag-overskrifter","24":"tag-story","25":"tag-top-stories","26":"tag-topstories"},"share_on_mastodon":{"url":"https:\/\/pubeurope.com\/@no\/115657526798509420","error":""},"_links":{"self":[{"href":"https:\/\/www.europesays.com\/no\/wp-json\/wp\/v2\/posts\/103456","targetHints":{"allow":["GET"]}}],"collection":[{"href":"https:\/\/www.europesays.com\/no\/wp-json\/wp\/v2\/posts"}],"about":[{"href":"https:\/\/www.europesays.com\/no\/wp-json\/wp\/v2\/types\/post"}],"author":[{"embeddable":true,"href":"https:\/\/www.europesays.com\/no\/wp-json\/wp\/v2\/users\/2"}],"replies":[{"embeddable":true,"href":"https:\/\/www.europesays.com\/no\/wp-json\/wp\/v2\/comments?post=103456"}],"version-history":[{"count":0,"href":"https:\/\/www.europesays.com\/no\/wp-json\/wp\/v2\/posts\/103456\/revisions"}],"wp:featuredmedia":[{"embeddable":true,"href":"https:\/\/www.europesays.com\/no\/wp-json\/wp\/v2\/media\/103457"}],"wp:attachment":[{"href":"https:\/\/www.europesays.com\/no\/wp-json\/wp\/v2\/media?parent=103456"}],"wp:term":[{"taxonomy":"category","embeddable":true,"href":"https:\/\/www.europesays.com\/no\/wp-json\/wp\/v2\/categories?post=103456"},{"taxonomy":"post_tag","embeddable":true,"href":"https:\/\/www.europesays.com\/no\/wp-json\/wp\/v2\/tags?post=103456"}],"curies":[{"name":"wp","href":"https:\/\/api.w.org\/{rel}","templated":true}]}}