{"id":103460,"date":"2025-12-03T20:30:10","date_gmt":"2025-12-03T20:30:10","guid":{"rendered":"https:\/\/www.europesays.com\/no\/103460\/"},"modified":"2025-12-03T20:30:10","modified_gmt":"2025-12-03T20:30:10","slug":"rio-ferdinand-skal-lede-vm-trekningen","status":"publish","type":"post","link":"https:\/\/www.europesays.com\/no\/103460\/","title":{"rendered":"Rio Ferdinand skal lede VM-trekningen"},"content":{"rendered":"\n<p class=\"_lead_o9xde_2 _lead_xtcu6_50 layout-component text-serif-m layout-normal text-serif-l layout-component layout-wide layout-padded _wide_17hqh_1 layout-padded\">Den tidligere Manchester United-helten skal lede VM-trekningen.<\/p>\n<p><img alt=\" Foto: Jakub Porzycki \/ Reuters \/ NTB\" class=\"_image_qp4xg_65 layout-component layout-wide\" data-fullscreen- data-track-element-type=\"Article image fullscreen\" data-track-name=\"ImageFullscreen\" fetchpriority=\"high\" decoding=\"sync\" loading=\"eager\" height=\"3813\" itemprop=\"image\"  src=\"https:\/\/www.europesays.com\/no\/wp-content\/uploads\/2025\/12\/a41559f5-88c9-4f54-8e72-063211d3052a\"  style=\"object-position:0% 0%\" width=\"5833\"\/> Foto: Jakub Porzycki \/ Reuters \/ NTB<\/p>\n<ul aria-hidden=\"true\" class=\"_images_1uft6_111\">\n<li><a class=\"_link_1uft6_116\" href=\"https:\/\/www.vg.no\/forfatter\/steffen-stenersen\" style=\"z-index:1\" title=\"Steffen Stenersen\" rel=\"nofollow noopener\" target=\"_blank\"><img alt=\"Bilde av Steffen Stenersen\" class=\"_image_1uft6_93\" fetchpriority=\"low\" loading=\"lazy\" decoding=\"async\" itemprop=\"image\"  src=\"https:\/\/www.europesays.com\/no\/wp-content\/uploads\/2025\/12\/1764793809_298_53060b84-6e6f-4eee-9b23-952f524bbbf0\"  width=\"480\"\/><\/a><\/li>\n<\/ul>\n<p> Oppdatert onsdag 3. desember kl. 21:21     <\/p>\n<p class=\"_paragraph_o9xde_4 _paragraph_xtcu6_10 layout-component text-serif-m layout-normal text-serif-m layout-padded\">For f\u00f8rste gang i historien skal hele 48 lag fordeles i tolv grupper. <\/p>\n<p class=\"_paragraph_o9xde_4 _paragraph_xtcu6_10 layout-component text-serif-m layout-normal text-serif-m layout-padded\">Den tidligere England-kapteinen og Manchester United-stjernen f\u00e5r selskap av en rekke amerikanske idrettsstjerner n\u00e5r trekningen finner sted i Washington D.C. fredag, melder FIFA i en pressemelding.<\/p>\n<p class=\"_paragraph_o9xde_4 _paragraph_xtcu6_10 layout-component text-serif-m layout-normal text-serif-m layout-padded\">Landslagssjef St\u00e5le Solbakken vil v\u00e6re til stede under trekningen der Norge er i den tredje seedingpotten. <\/p>\n<p>Her er seedingniv\u00e5ene<\/p>\n<p class=\"_paragraph_o9xde_4 _paragraph_xtcu6_10 _paragraph_16v91_10 layout-component text-serif-m layout-normal text-sans-m layout-padded\">Lagene er satt sammen i fire seedingspotter, basert p\u00e5 FIFA-rankingen. De seks nasjonene som blir klare etter playoffspill i mars, er seedet p\u00e5 nederste niv\u00e5.<\/p>\n<p class=\"_paragraph_o9xde_4 _paragraph_xtcu6_10 _paragraph_16v91_10 layout-component text-serif-m layout-normal text-sans-m layout-padded\">Lagene skal fordeles i tolv grupper, med fire lag i hver. <\/p>\n<p class=\"_paragraph_o9xde_4 _paragraph_xtcu6_10 _paragraph_16v91_10 layout-component text-serif-m layout-normal text-sans-m layout-padded\"><strong class=\"_strong_o9xde_25\">Niv\u00e5 1: <\/strong>Canada, Mexico, USA, Spania, Argentina, Frankrike, England, Brasil, Portugal, Nederland, Belgia, Tyskland.<\/p>\n<p class=\"_paragraph_o9xde_4 _paragraph_xtcu6_10 _paragraph_16v91_10 layout-component text-serif-m layout-normal text-sans-m layout-padded\"><strong class=\"_strong_o9xde_25\">Niv\u00e5 2: <\/strong>Kroatia, Marokko, Colombia, Uruguay, Sveits, Japan, Senegal, Iran, S\u00f8r-Korea, Ecuador, \u00d8sterrike, Australia.<\/p>\n<p class=\"_paragraph_o9xde_4 _paragraph_xtcu6_10 _paragraph_16v91_10 layout-component text-serif-m layout-normal text-sans-m layout-padded\"><strong class=\"_strong_o9xde_25\">Niv\u00e5 3: <\/strong>Norge, Panama, Egypt, Algerie, Skottland, Paraguay, Tunisia, Elfenbenskysten, Usbekistan, Qatar, Saudi-Arabia, S\u00f8r-Afrika.<\/p>\n<p class=\"_paragraph_o9xde_4 _paragraph_xtcu6_10 _paragraph_16v91_10 layout-component text-serif-m layout-normal text-sans-m layout-padded\"><strong class=\"_strong_o9xde_25\">Niv\u00e5 4: <\/strong>Jordan, Kapp Verde, Ghana, Cura\u00e7ao, Haiti, New Zealand, europeiske omspillsvinnere og interkontinentale omspillsvinnere.<\/p>\n<p>Vis mer<\/p>\n<p class=\"_paragraph_o9xde_4 _paragraph_xtcu6_10 layout-component text-serif-m layout-normal text-serif-m layout-padded\">NFL-legenden Tom Brady, basketballstjernen Shaquille O&#8217;Neal, ishockeyikonet Wayne Gretzky og baseballspilleren Aaron Judge skal alle hjelpe til under arrangementet.<\/p>\n<p class=\"_paragraph_o9xde_4 _paragraph_xtcu6_10 layout-component text-serif-m layout-normal text-serif-m layout-padded\">\u2013 Som spiller levde jeg for slike globale scener. N\u00e5 er jeg ydmyk over \u00e5 spille en annen, spesiell rolle sammen med et utrolig lag for \u00e5 avsl\u00f8re de tolv gruppene som hele verden venter p\u00e5.<\/p>\n<p><img alt=\"Tom Brady.  Foto: STACY REVERE \/ AFP \/ NTB\" class=\"_image_qp4xg_65 layout-component layout-normal\" data-fullscreen- data-track-element-type=\"Article image fullscreen\" data-track-name=\"ImageFullscreen\" decoding=\"async\" loading=\"lazy\" height=\"2883\" itemprop=\"image\"  src=\"https:\/\/www.europesays.com\/no\/wp-content\/uploads\/2025\/12\/84897ae9-7491-4246-8b91-38a1a9508cd9\"  style=\"object-position:0% 0%\" width=\"4324\"\/>Tom Brady.  Foto: STACY REVERE \/ AFP \/ NTB<\/p>\n<p class=\"_paragraph_o9xde_4 _paragraph_xtcu6_10 layout-component text-serif-m layout-normal text-serif-m layout-padded\">Trekningen finner sted i Washington fredag klokken 18 norsk tid. For f\u00f8rste gang skal 48 lag delta i VM.<\/p>\n<p class=\"_paragraph_o9xde_4 _paragraph_xtcu6_10 layout-component text-serif-m layout-normal text-serif-m layout-padded\">\u2013 \u00c5 v\u00e6re del av VM-trekningen er en utrolig \u00e6re. Det er den typen global scene enhver idrettsut\u00f8ver dr\u00f8mmer om, sier Brady.<\/p>\n<p class=\"_paragraph_o9xde_4 _paragraph_xtcu6_10 layout-component text-serif-m layout-normal text-serif-m layout-padded\">\u2013 Fotball har en unik evne til \u00e5 samle mennesker fra hele verden og jeg kan ikke vente med \u00e5 f\u00e5 oppleve dette i  Nord-Amerika. Dette blir et uforglemmelig \u00f8yeblikk for meg personlig, sier Wayne Gretzky i en uttalelse. <\/p>\n<p class=\"_paragraph_o9xde_4 _paragraph_xtcu6_10 layout-component text-serif-m layout-normal text-serif-m layout-padded\">Eli Manning, som har vunnet Super Bowl to ganger, skal v\u00e6re vert p\u00e5 den r\u00f8de l\u00f8peren f\u00f8r arrangementet.<\/p>\n<p class=\"_paragraph_o9xde_4 _paragraph_xtcu6_10 layout-component text-serif-m layout-normal text-serif-m layout-padded\">Tidligere onsdag ble det klart at Heidi Klum skal lede selve showet. <\/p>\n","protected":false},"excerpt":{"rendered":"Den tidligere Manchester United-helten skal lede VM-trekningen. Foto: Jakub Porzycki \/ Reuters \/ NTB Oppdatert onsdag 3. desember&hellip;\n","protected":false},"author":2,"featured_media":103461,"comment_status":"","ping_status":"","sticky":false,"template":"","format":"standard","meta":{"footnotes":""},"categories":[59],"tags":[8634,30,28,29,13049,83,82],"class_list":{"0":"post-103460","1":"post","2":"type-post","3":"status-publish","4":"format-standard","5":"has-post-thumbnail","7":"category-sport","8":"tag-fotball-vm-2026","9":"tag-no","10":"tag-norge","11":"tag-norway","12":"tag-rio-ferdinand","13":"tag-sport","14":"tag-sports"},"share_on_mastodon":{"url":"https:\/\/pubeurope.com\/@no\/115657534659084274","error":""},"_links":{"self":[{"href":"https:\/\/www.europesays.com\/no\/wp-json\/wp\/v2\/posts\/103460","targetHints":{"allow":["GET"]}}],"collection":[{"href":"https:\/\/www.europesays.com\/no\/wp-json\/wp\/v2\/posts"}],"about":[{"href":"https:\/\/www.europesays.com\/no\/wp-json\/wp\/v2\/types\/post"}],"author":[{"embeddable":true,"href":"https:\/\/www.europesays.com\/no\/wp-json\/wp\/v2\/users\/2"}],"replies":[{"embeddable":true,"href":"https:\/\/www.europesays.com\/no\/wp-json\/wp\/v2\/comments?post=103460"}],"version-history":[{"count":0,"href":"https:\/\/www.europesays.com\/no\/wp-json\/wp\/v2\/posts\/103460\/revisions"}],"wp:featuredmedia":[{"embeddable":true,"href":"https:\/\/www.europesays.com\/no\/wp-json\/wp\/v2\/media\/103461"}],"wp:attachment":[{"href":"https:\/\/www.europesays.com\/no\/wp-json\/wp\/v2\/media?parent=103460"}],"wp:term":[{"taxonomy":"category","embeddable":true,"href":"https:\/\/www.europesays.com\/no\/wp-json\/wp\/v2\/categories?post=103460"},{"taxonomy":"post_tag","embeddable":true,"href":"https:\/\/www.europesays.com\/no\/wp-json\/wp\/v2\/tags?post=103460"}],"curies":[{"name":"wp","href":"https:\/\/api.w.org\/{rel}","templated":true}]}}