{"id":103462,"date":"2025-12-03T20:35:10","date_gmt":"2025-12-03T20:35:10","guid":{"rendered":"https:\/\/www.europesays.com\/no\/103462\/"},"modified":"2025-12-03T20:35:10","modified_gmt":"2025-12-03T20:35:10","slug":"vladimir-putin-russland-putin-pianist-til-oslo-langer-ut-mot-filharmonien","status":"publish","type":"post","link":"https:\/\/www.europesays.com\/no\/103462\/","title":{"rendered":"Vladimir Putin, Russland | Putin-pianist til Oslo \u2013 langer ut mot Filharmonien"},"content":{"rendered":"\n<p>\u2013 Luganskij er sv\u00e6rt ber\u00f8mt og ekstremt etterspurt.<\/p>\n<p>Slik skr\u00f8t Russland-president Vladimir Putin, da han i 2019 <a href=\"https:\/\/ria.ru\/20190612\/1555509559.html\" rel=\"Follow nofollow noopener\" target=\"_blank\">tildelte pianisten Nikolaj Luganskij<\/a> Statsprisen for litteratur og kunst, Russlands svar p\u00e5 Nobelprisen i litteratur.<\/p>\n<p>Luganskji er av flere regnet som en av Kremls viktigste brikker i spredningen av russisk kultur, og har ogs\u00e5 opptr\u00e5dt to ganger <a href=\"https:\/\/dan-news.ru\/obschestvo\/vsemirno-izvestnyj-pianist-iz-rossii-nikolaj-luganskij-vystupit-v-dnr-na-zakrytii-goda-prokofeva\/\" rel=\"Follow nofollow noopener\" target=\"_blank\">i okkuperte deler av Donetsk<\/a>.<\/p>\n<p>I forbindelse med det f\u00f8rste Donetsk-bes\u00f8ket i 2016, kun et par \u00e5r etter at russisk-st\u00f8ttede separatister hadde tatt kontroll over den ukrainske byen, <a href=\"https:\/\/dan-news.ru\/science\/vsemirno-izvestnyj-pianist-nikolaj-luganskij-zakryl-god-prokofeva-v-dnr\/\" rel=\"Follow nofollow noopener\" target=\"_blank\">sa Luganskij<\/a>:<\/p>\n<p>\u2013 Jeg kom hit med en spesiell f\u00f8lelse, fordi tragiske hendelser har funnet sted her i flere \u00e5r n\u00e5. Jeg \u00f8nsker \u00e5 st\u00f8tte folket, se alt med mine egne \u00f8yne og forst\u00e5 alt.<\/p>\n<p>Da han mottok Statsprisen i 2019, var datteren hans Anna Luganskaya i salen. Luganskaya er journalist, og ankom Kreml if\u00f8rt en t-skjorte med en st\u00f8tteerkl\u00e6ring til en kollega og gravejournalist som nylig var blitt arrestert av russiske myndigheter.<\/p>\n<p>   <img decoding=\"async\" width=\"786\" height=\"717\" fetchpriority=\"low\"  loading=\"lazy\"  src=\"https:\/\/www.europesays.com\/no\/wp-content\/uploads\/2025\/12\/Anna+Luganskaya.jpg\" alt=\"\" class=\"brick-c-cFOWSL\" style=\"--brick-image-ratio: 786 \/ 717;\"\/><\/p>\n<p>      ST\u00d8TTET: Anna Luganskaya stilte p\u00e5 prisutdelingen i en t-skjorte med navnet til en arrestert journalist p\u00e5. De to personene til h\u00f8yre p\u00e5 bildet er Luganskijs foreldre.<br \/>\n      Foto: Kreml.ru\n    <\/p>\n<p>\u2013 Faren min st\u00f8ttet meg ikke, men han har akseptert mine meninger om saken. Vi pr\u00f8ver \u00e5 ikke krangle om det, har Luganskaya uttalt til det russiske, uavhengige mediet <a href=\"https:\/\/meduza.io\/feature\/2019\/06\/12\/vladimir-putin-stoyal-pryamo-naprotiv-tselyy-chas\" rel=\"Follow nofollow noopener\" target=\"_blank\">Meduza<\/a> i ettertid.<\/p>\n<p>Kommer til Oslo: \u2013 S\u00e6rdeles uklokt<\/p>\n<p>Denne uken kommer faren hennes til Oslo, for \u00e5 opptre som solist i Oslo Konserthus, sammen med Oslo-filharmonien.<\/p>\n<p>   <img decoding=\"async\" width=\"1578\" height=\"835\" fetchpriority=\"low\"  loading=\"lazy\"  src=\"https:\/\/www.europesays.com\/no\/wp-content\/uploads\/2025\/12\/konsert+oslo+desember.jpg\" alt=\"\" class=\"brick-c-cFOWSL\" style=\"--brick-image-ratio: 1578 \/ 835;\"\/><\/p>\n<p>      Foto: Skjermdump (Oslo-filharmonien)\n    <\/p>\n<p>\u2013 Nikolaj Luganskij er en del av propagandaapparatet til Russland, sier bystyrerepresentant Lars Petter Sol\u00e5s til Nettavisen.<\/p>\n<p>\u2013 \u00c9n tur til Donetsk kan v\u00e6re tilfeldig, men to ganger er ikke det, legger han til.<\/p>\n<p>Sol\u00e5s reagerer s\u00e6rlig ettersom Oslo-filharmonien er statsfinansiert, og mottar n\u00e6rmere 200 millioner kroner i statstilskudd fra Kulturdepartementet, og at konserten holdes i kommunalt eide Oslo Konserthus.<\/p>\n<p>\u2013 Det er en s\u00e6rdeles uklok booking, tatt i betraktning at regimet i Russland bruker kultur som en viktig brikke i sitt propagandaapparat, sier Sol\u00e5s.<\/p>\n<p><b>Les ogs\u00e5: <a href=\"https:\/\/www.nettavisen.no\/nyheter\/pokrovsk-er-i-ferd-med-a-omringes-vennene-mine-er-der-inne\/s\/5-95-2758693\" rel=\"Follow nofollow noopener\" target=\"_blank\">I ferd med \u00e5 omringes: \u2013\u2060 Vennene mine er der inne<\/a><\/b><\/p>\n<p>Sammen med den ukrainske ambassad\u00f8ren og Den ukrainske foreningen i Norge har bystyrerepresentanten v\u00e6rt i kontakt med Oslo-filharmonien de siste ukene, for \u00e5 fremme deres syn p\u00e5 bookingen av Luganskij.<\/p>\n<p>Nettavisen kjenner til at partene ogs\u00e5 har hatt et m\u00f8te, der de har diskutert saken.<\/p>\n<p>Oslo-filharmonien sier til Nettavisen at Luganskij \u00abfremst\u00e5r som en uavhengig kunstner og ikke som representant for russiske myndigheter\u00bb. Mer om det lenger ned i saken.<\/p>\n<p>Agenten: \u2013 Musikk burde skape broer<\/p>\n<p>Elisabetta Longardi er agenten til Nikolaj Luganskij.<\/p>\n<p>Hun uttrykker sympati med ukrainernes situasjon og deres reaksjoner, men mener at det blir feil \u00e5 g\u00e5 etter artister som Luganskij.<\/p>\n<p>\u2013 Musikk burde skape broer, og ikke bli misbrukt i politiske sammenhenger. Luganskij er en uavhengig og fantastisk artist, og jeg er veldig glad for at Oslo-filharmonien har valgt \u00e5 st\u00f8tte ham, sier Longardi til Nettavisen.<\/p>\n<p>Hun reiser rundt med pianisten, og var vitne til <a href=\"https:\/\/www.ukrainianworldcongress.org\/ukrainians-in-italy-balk-at-pianist-putin-backer-luganskys-concert\/\" rel=\"Follow nofollow noopener\" target=\"_blank\">en ukrainsk demonstrasjon mot ham i Milano<\/a>.<\/p>\n<p>Den italienske agenten svarer ikke p\u00e5 Nettavisens sp\u00f8rsm\u00e5l om hva Luganskij tenker om Russlands invasjon av Ukraina.<\/p>\n<p>\u2013 Som et generelt prinsipp, s\u00e5 kommenterer jeg ikke solisters politiske posisjoner, siden det kan f\u00e5 konsekvenser for deres privatliv, sier Longardi.<\/p>\n<p>\u2013 Men hvordan kan man kjempe mot aggresjon og kriger? sier hun, og fortsetter:<\/p>\n<p>\u2013 Den eneste m\u00e5ten er \u00e5 elske kunsten v\u00e5r, og st\u00f8tte artister som legger hele sjelen sin i det de driver med. Kommer du p\u00e5 konserten? Det burde du virkelig gj\u00f8re. Jeg tror det virkelig ville hjulpet deg til \u00e5 se hvem vi snakker om her, sier agenten til Nettavisens journalist.<\/p>\n<p>\u2013 Det er s\u00e5 mye hat i verden, overalt. Vi burde gj\u00f8re det motsatte, og anerkjenne hvem som jobber for en bedre fremtid gjennom kunsten. Alle burde det, sier Longardi.<\/p>\n<p>Kan brukes av Kreml<\/p>\n<p>Bystyrerepresentant Sol\u00e5s understreker at han ikke krever at konserten avlyses, men han \u00f8nsker likevel \u00e5 fremme sin mening om det han ser p\u00e5 som \u00abet fryktelig d\u00e5rlig valg\u00bb av Oslo-filharmonien.<\/p>\n<p>   <img decoding=\"async\" width=\"6720\" height=\"4480\" fetchpriority=\"low\"  loading=\"lazy\"  src=\"https:\/\/www.europesays.com\/no\/wp-content\/uploads\/2025\/12\/NTB_sJZCaflCyOI.jpg\" alt=\"Oslo 20200819. &#10;Sjefdirigent Klaus M\u00e4kel\u00e4 under sesong\u00e5pningen for Oslo Filharmonien i Oslo konserthus.&#10;Foto: \u00d8rn E. Borgen \/ NTB\" class=\"brick-c-cFOWSL\" style=\"--brick-image-ratio: 6720 \/ 4480;\"\/><\/p>\n<p>      \u00c6RVERDIG: Oslo-filharmonien arrangerer en rekke konserter hvert eneste \u00e5r.<br \/>\n      Foto: \u00d8rn E. Borgen (NTB)\n    <\/p>\n<p>Sol\u00e5s mener det faktum at Luganskij f\u00e5r lov \u00e5 spille med et s\u00e5 \u00e6rverdig orkester i Norge, kan brukes av Kreml til \u00e5 vise b\u00e5de den russiske befolkningen og verden ellers at russisk kultur og Russland \u00aber respektert og normalisert\u00bb, til tross for at Russlands sv\u00e6rt brutale invasjon av Ukraina fremdeles p\u00e5g\u00e5r med uforminsket styrke.<\/p>\n<p>Ukrainere i Norge: \u2013 D\u00e5rlig signal<\/p>\n<p>\u2013 For Den ukrainske forening i Norge er det et grunnleggende prinsipp at man ikke b\u00f8r gi offentlig st\u00f8tte, prestisje eller \u00f8konomiske bidrag til personer som fortsatt bor i Russland og aktivt opprettholder \u00f8konomiske b\u00e5nd til staten, sier Yuliia Boichuk, nestleder i Den ukrainske forening i Norge, til Nettavisen.<\/p>\n<p>Hun er bekymret for at Luganskij m\u00e5 skatte av honoraret han f\u00e5r for \u00e5 opptre i Oslo, og at Norge dermed sponser Russlands krig. Rundt <a href=\"https:\/\/www.nettavisen.no\/okonomi\/russlands-statsbudsjett-dyster-lesning-for-vladimir-putin-ma-kutte-i-krigspengene\/s\/5-95-2658533#:~:text=Sivile%20midler%20til%20krig\" rel=\"Follow nofollow noopener\" target=\"_blank\">40 prosent av Russlands statsbudsjett<\/a> g\u00e5r til \u00e5 finansiere invasjonen av Ukraina.<\/p>\n<p>Boichuk er enig med Sol\u00e5s i at Russland bruker kulturpersonligheter aktivt som et verkt\u00f8y for \u00e5 styrke sitt \u00abimage\u00bb i verden:<\/p>\n<p>\u2013 N\u00e5r artister som har mottatt statlige utmerkelser eller offentlig anerkjennelse fra Putin blir invitert til \u00e5 opptre internasjonalt, blir de en del av denne propagandastrategien. Dette gjelder s\u00e6rlig n\u00e5r vedkommende ikke har tatt tydelig avstand fra krigen eller regimet, sier Boichuk.<\/p>\n<p><b>Les ogs\u00e5: <a href=\"https:\/\/www.nettavisen.no\/nyheter\/putin-avslorer-det-var-donalds-forslag\/s\/5-95-2752916\" rel=\"Follow nofollow noopener\" target=\"_blank\">Putin avsl\u00f8rer: \u2013\u2060 Det var Donalds forslag<\/a><\/b><\/p>\n<p>\u2013 \u00c5 gi slike artister en scene i Norge kan dermed oppfattes som en form for legitimering av en stat som akkurat n\u00e5 beg\u00e5r omfattende krigsforbrytelser. Det sender et d\u00e5rlig signal til ukrainere som har flyktet hit, til familiene som har mistet sine kj\u00e6re, og til alle som st\u00e5r p\u00e5 for \u00e5 forsvare europeiske verdier og menneskerettigheter, legger hun til.<\/p>\n<p>Oslo-filharmonien: \u2013 Han fremst\u00e5r uavhengig<\/p>\n<p>\u2013 Oslo-filharmonien er kjent med at det finnes en del rykter og p\u00e5stander knyttet til den russiske pianisten Nikolai Luganskij, skriver presse- og kommunikasjonsansvarlig Liv-Randi R. Holann i en e-post til Nettavisen.<\/p>\n<p>\u2013 P\u00e5 bakgrunn av dette har vi gjennomf\u00f8rt en grundig gjennomgang av tilgjengelig informasjon og etterg\u00e5tt de ulike p\u00e5standenes grad av p\u00e5litelighet. Vi har ikke funnet dokumentasjon som tilsier at samarbeidet med ham m\u00e5 kanselleres, legger hun til.<\/p>\n<p>Holann forklarer at Oslo-filharmonien forholder seg til Norsk teater- og orkesterforening (NTO) sine retningslinjer, og presiserer at Luganskij ikke er oppf\u00f8rt p\u00e5 internasjonale sanksjonslister.<\/p>\n<p>\u2013 Han fremst\u00e5r som en uavhengig kunstner og ikke som representant for russiske myndigheter eller statsfinansierte kulturinstitusjoner. Vi har ikke dokumentasjon som viser at v\u00e5rt samarbeid med ham vil bidra til \u00e5 legitimere eller styrke styresmakter som har beg\u00e5tt folkerettsbrudd, skriver Holann.<\/p>\n<p><b>Les ogs\u00e5: <a href=\"https:\/\/www.nettavisen.no\/nyheter\/maria-zakharova-europa-forsoker-a-forstyrre-freden\/s\/5-95-2747715\" rel=\"Follow nofollow noopener\" target=\"_blank\">Russland: \u2013\u2060 Europa er besatt<\/a><\/b><\/p>\n<p>\u2013 Oslo-filharmonien er opptatt av kunstnerisk frihet og dialog. Vi mener kultur og musikk har betydning som arenaer for gjensidig forst\u00e5else \u2013 ogs\u00e5 i tider med konflikt, legger hun til.<\/p>\n<p>Ber folk ta med Ukraina-symboler<\/p>\n<p>P\u00e5 sp\u00f8rsm\u00e5l om hva hun tenker om Sol\u00e5s sin p\u00e5stand, om at Luganskij er en viktig del av russisk propaganda, svarer Holann:<\/p>\n<p>\u2013 Sol\u00e5s st\u00e5r selvsagt fritt til \u00e5 mene det han mener, men vi kjenner Nikolai Luganskij og har hatt et forhold til ham som solist over mange \u00e5r. Han er en frittst\u00e5ende, selvstendig kunstner og det \u00e5 kansellere ham ville v\u00e6re i strid med NTO sine retningslinjer om ikke \u00e5 ramme enkeltmennesker som ikke representerer styresmaktenes interesser.<\/p>\n<p>P\u00e5 sp\u00f8rsm\u00e5l om noen i Oslo-filharmonien har gitt uttrykk for at de er skeptiske til \u00e5 spille sammen med den russiske pianisten, og om fritak er noe det eventuelt legges til rette for, svarer pressesjefen:<\/p>\n<p>\u2013 I ethvert orkester vil det v\u00e6re ulike personlige meninger og det er viktig at disse f\u00e5r komme til uttrykk. Slik er det ogs\u00e5 i denne saken. N\u00e5r det gjelder podiefritak s\u00e5 er dette en del av orkestermusikernes hverdag. Det avhenger av hvilke instrument som trengs for enhver fremf\u00f8ring. Eventuelle tilretteleggingsbehov p\u00e5 individniv\u00e5 l\u00f8ser seg gjerne gjennom rotasjon av roller i orkestret.<\/p>\n<p>Bystyrerepresentant Sol\u00e5s har en klar oppfordring til de som skal p\u00e5 de to konsertene:<\/p>\n<p>\u2013 M\u00f8t opp med tydelige symboler som st\u00f8tter Ukraina, om det s\u00e5 bare er et lite bl\u00e5tt og gult hjertet p\u00e5 jakkeslaget eller lignende.<\/p>\n","protected":false},"excerpt":{"rendered":"\u2013 Luganskij er sv\u00e6rt ber\u00f8mt og ekstremt etterspurt. Slik skr\u00f8t Russland-president Vladimir Putin, da han i 2019 tildelte&hellip;\n","protected":false},"author":2,"featured_media":103463,"comment_status":"","ping_status":"","sticky":false,"template":"","format":"standard","meta":{"footnotes":""},"categories":[10],"tags":[20,21,24,25,15,22,23,13,30,28,29,14,16,26,27],"class_list":{"0":"post-103462","1":"post","2":"type-post","3":"status-publish","4":"format-standard","5":"has-post-thumbnail","7":"category-norge","8":"tag-breaking-news","9":"tag-breakingnews","10":"tag-featured-news","11":"tag-featurednews","12":"tag-headlines","13":"tag-latest-news","14":"tag-latestnews","15":"tag-news","16":"tag-no","17":"tag-norge","18":"tag-norway","19":"tag-nyheter","20":"tag-overskrifter","21":"tag-top-stories","22":"tag-topstories"},"share_on_mastodon":{"url":"https:\/\/pubeurope.com\/@no\/115657554540586087","error":""},"_links":{"self":[{"href":"https:\/\/www.europesays.com\/no\/wp-json\/wp\/v2\/posts\/103462","targetHints":{"allow":["GET"]}}],"collection":[{"href":"https:\/\/www.europesays.com\/no\/wp-json\/wp\/v2\/posts"}],"about":[{"href":"https:\/\/www.europesays.com\/no\/wp-json\/wp\/v2\/types\/post"}],"author":[{"embeddable":true,"href":"https:\/\/www.europesays.com\/no\/wp-json\/wp\/v2\/users\/2"}],"replies":[{"embeddable":true,"href":"https:\/\/www.europesays.com\/no\/wp-json\/wp\/v2\/comments?post=103462"}],"version-history":[{"count":0,"href":"https:\/\/www.europesays.com\/no\/wp-json\/wp\/v2\/posts\/103462\/revisions"}],"wp:featuredmedia":[{"embeddable":true,"href":"https:\/\/www.europesays.com\/no\/wp-json\/wp\/v2\/media\/103463"}],"wp:attachment":[{"href":"https:\/\/www.europesays.com\/no\/wp-json\/wp\/v2\/media?parent=103462"}],"wp:term":[{"taxonomy":"category","embeddable":true,"href":"https:\/\/www.europesays.com\/no\/wp-json\/wp\/v2\/categories?post=103462"},{"taxonomy":"post_tag","embeddable":true,"href":"https:\/\/www.europesays.com\/no\/wp-json\/wp\/v2\/tags?post=103462"}],"curies":[{"name":"wp","href":"https:\/\/api.w.org\/{rel}","templated":true}]}}