{"id":103464,"date":"2025-12-03T20:36:12","date_gmt":"2025-12-03T20:36:12","guid":{"rendered":"https:\/\/www.europesays.com\/no\/103464\/"},"modified":"2025-12-03T20:36:12","modified_gmt":"2025-12-03T20:36:12","slug":"handball-vm-handball-norge-herjer-med-sverige-i-vm","status":"publish","type":"post","link":"https:\/\/www.europesays.com\/no\/103464\/","title":{"rendered":"H\u00e5ndball-VM, H\u00e5ndball | Norge herjer med Sverige i VM"},"content":{"rendered":"\n<p>   <img decoding=\"async\" width=\"1500\" height=\"440\" fetchpriority=\"low\"  loading=\"lazy\"  src=\"https:\/\/www.europesays.com\/no\/wp-content\/uploads\/2025\/12\/1764794170_540_HerErVi_Sport_1+person.jpg\" alt=\"\" class=\"brick-c-cFOWSL\" style=\"--brick-image-ratio: 1500 \/ 440;\"\/><\/p>\n<p><b>NORGE &#8211; SVERIGE 29-17 (kampen p\u00e5g\u00e5r)<\/b><\/p>\n<p>DORTMUND, TYSKLAND (Nettavisen): \u2013 Det er forferdelig. Thomas Axn\u00e9r ydmykes som svensk landslagssjef.<\/p>\n<p>Viaplay-kommentator Daniel H\u00f8glund og resten av de som har sett f\u00f8rste omgang er rystet.<\/p>\n<p>Norge spilte rivalene fra Sverige fullstendig ut av Westfalenhalle i Dortmund, og ledet med 13 (!) m\u00e5l til pause.<\/p>\n<p>\u2013 En historisk ydmykelse.<\/p>\n<p>\u2013 Alarmklokke g\u00e5r<\/p>\n<p>Presset var enormt p\u00e5 de svenskene jentene f\u00f8r m\u00f8tet med Norge.<\/p>\n<p>Det var en jevnspilt start, men etter dr\u00f8yt ti minutter hadde Norge l\u00f8pt fra Sverige.<\/p>\n<p>Thomas Axn\u00e9r m\u00e5tte trykke p\u00e5 timeout-knappen etter at Emilie Hovden sendte de norske jentene opp i 8-4.<\/p>\n<p>\u2013 Alarmklokkene g\u00e5r allerede, for et Sverige som er p\u00e5 vei ut av VM. De m\u00e5 snu dette her, kom det fra Viaplays Daniel H\u00f8glund.<\/p>\n<p><b>Les ogs\u00e5: <\/b><a href=\"https:\/\/www.nettavisen.no\/sport\/dette-tjener-handballjentene\/s\/5-95-2759838\" rel=\"Follow nofollow noopener\" target=\"_blank\">Lunde-formuen: En million \u00abborte\u00bb<\/a><\/p>\n<p>   <img decoding=\"async\" width=\"7934\" height=\"5289\" fetchpriority=\"low\"  loading=\"lazy\"  src=\"https:\/\/www.europesays.com\/no\/wp-content\/uploads\/2025\/12\/NTB_K98c_-sWorw_1.jpg\" alt=\"Dortmund, Tyskland 20251203. &#10;Norges Henny Ella Reistad under mellomrunden i h\u00e5ndball-VM for kvinner mellom Norge og Sverige i Westfalenhalle.&#10;Foto: Beate Oma Dahle \/ NTB\" class=\"brick-c-cFOWSL\" style=\"--brick-image-ratio: 7934 \/ 5289;\"\/><\/p>\n<p>      HERJET: Henny Reistad og Norge kj\u00f8rte fullstendig over Sverige.<br \/>\n      Foto: Beate Oma Dahle (NTB)\n    <\/p>\n<p>  NRK-ekspert: \u2013 Pinlig!<\/p>\n<p>Men den lille pustepausen hadde p\u00e5 ingen m\u00e5te noe effekt for svenskene. For Ole Gustav Gjekstads lag duret p\u00e5 videre, og herjet til tider voldsomt.<\/p>\n<p>NRK-ekspert Kenneth Gabrielsen steilet over det han s\u00e5.<\/p>\n<p>\u2013 Dette m\u00e5 v\u00e6re lov \u00e5 si. Dette er rett og slett lekestue i etablert spill for Norge. Dette er ganske kritikkverdig, sa han i statskanalens radiosending.<\/p>\n<p>Og fortsatte senere i kampen:<\/p>\n<p>\u2013 Det begynner \u00e5 bli pinlig. Jeg kunne ikke sett for meg dette f\u00f8r kampen.<\/p>\n<p>   <img decoding=\"async\" width=\"5924\" height=\"3949\" fetchpriority=\"low\"  loading=\"lazy\"  src=\"https:\/\/www.europesays.com\/no\/wp-content\/uploads\/2025\/12\/BB251203EW043.jpg\" alt=\"251203 Head coach Tomas Axn\u00e9r of Sweden during the 2025 IHF Women\u2019s World Championship handball match between Norway and Sweden on December 3, 2025 in Dortmund. &#10;Photo: Emma Wallskog \/ BILDBYR\u00c5N \/ COP 320 \/ EW0601\" class=\"brick-c-cFOWSL\" style=\"--brick-image-ratio: 5924 \/ 3949;\"\/><\/p>\n<p>      PRESSET: Svenskenes landslagssjef Thomas Axn\u00e9r hadde mye \u00e5 ta tak i etter den f\u00f8rste omgangen.<br \/>\n      Foto: Emma Wallskog (Bildbyr\u00e5n)\n    <\/p>\n<p>Svenske Emma Lindkvist er ogs\u00e5 kritisk til egen prestasjon.<\/p>\n<p>\u2013 Det er elendig i begge ender. De kj\u00f8rer over oss, sier hun til Viaplay.<\/p>\n","protected":false},"excerpt":{"rendered":"NORGE &#8211; SVERIGE 29-17 (kampen p\u00e5g\u00e5r) DORTMUND, TYSKLAND (Nettavisen): \u2013 Det er forferdelig. Thomas Axn\u00e9r ydmykes som svensk&hellip;\n","protected":false},"author":2,"featured_media":103465,"comment_status":"","ping_status":"","sticky":false,"template":"","format":"standard","meta":{"footnotes":""},"categories":[5],"tags":[20,21,24,25,15,19,22,23,17,18,13,30,28,29,14,16,26,27],"class_list":{"0":"post-103464","1":"post","2":"type-post","3":"status-publish","4":"format-standard","5":"has-post-thumbnail","7":"category-overskrifter","8":"tag-breaking-news","9":"tag-breakingnews","10":"tag-featured-news","11":"tag-featurednews","12":"tag-headlines","13":"tag-hovedoppslag","14":"tag-latest-news","15":"tag-latestnews","16":"tag-main-news","17":"tag-mainnews","18":"tag-news","19":"tag-no","20":"tag-norge","21":"tag-norway","22":"tag-nyheter","23":"tag-overskrifter","24":"tag-top-stories","25":"tag-topstories"},"share_on_mastodon":{"url":"https:\/\/pubeurope.com\/@no\/115657558262882459","error":""},"_links":{"self":[{"href":"https:\/\/www.europesays.com\/no\/wp-json\/wp\/v2\/posts\/103464","targetHints":{"allow":["GET"]}}],"collection":[{"href":"https:\/\/www.europesays.com\/no\/wp-json\/wp\/v2\/posts"}],"about":[{"href":"https:\/\/www.europesays.com\/no\/wp-json\/wp\/v2\/types\/post"}],"author":[{"embeddable":true,"href":"https:\/\/www.europesays.com\/no\/wp-json\/wp\/v2\/users\/2"}],"replies":[{"embeddable":true,"href":"https:\/\/www.europesays.com\/no\/wp-json\/wp\/v2\/comments?post=103464"}],"version-history":[{"count":0,"href":"https:\/\/www.europesays.com\/no\/wp-json\/wp\/v2\/posts\/103464\/revisions"}],"wp:featuredmedia":[{"embeddable":true,"href":"https:\/\/www.europesays.com\/no\/wp-json\/wp\/v2\/media\/103465"}],"wp:attachment":[{"href":"https:\/\/www.europesays.com\/no\/wp-json\/wp\/v2\/media?parent=103464"}],"wp:term":[{"taxonomy":"category","embeddable":true,"href":"https:\/\/www.europesays.com\/no\/wp-json\/wp\/v2\/categories?post=103464"},{"taxonomy":"post_tag","embeddable":true,"href":"https:\/\/www.europesays.com\/no\/wp-json\/wp\/v2\/tags?post=103464"}],"curies":[{"name":"wp","href":"https:\/\/api.w.org\/{rel}","templated":true}]}}